{"id":368589,"date":"2025-08-24T04:01:25","date_gmt":"2025-08-24T04:01:25","guid":{"rendered":"https:\/\/www.europesays.com\/de\/368589\/"},"modified":"2025-08-24T04:01:25","modified_gmt":"2025-08-24T04:01:25","slug":"polizei-erwischt-fuenf-mutmassliche-fahrraddiebe-2","status":"publish","type":"post","link":"https:\/\/www.europesays.com\/de\/368589\/","title":{"rendered":"Polizei erwischt f\u00fcnf mutma\u00dfliche Fahrraddiebe"},"content":{"rendered":"<p class=\"mb-6 text-xs md:text-m lg:text-l font-serif group-[.font-sans]:font-sans \">\n    Die Polizei hat in Karlsruhe f\u00fcnf mutma\u00dfliche Fahrrad-Diebe erwischt und ist dabei auch auf das Lager f\u00fcr deren Diebesgut gesto\u00dfen. Zun\u00e4chst hatten unbekannte T\u00e4ter ein E-Bike gestohlen, wie die Polizei mitteilte. Der Besitzer konnte dieses demnach mittels einer eingebauten technischen Vorrichtung in der Karlsruher Oststadt orten.\n  <\/p>\n<p class=\"mb-6 text-xs md:text-m lg:text-l font-serif group-[.font-sans]:font-sans \">\n    Die alarmierte Polizei machte sich auf den Weg. Dort trafen die Beamten den Angaben nach auf zwei 26-J\u00e4hrige, einen 36-J\u00e4hrigen sowie einen Mann und eine Frau im Alter von 42 Jahren. Die genaue Tatbeteiligung m\u00fcsse noch gekl\u00e4rt werden. Im Garten und im Haus entdeckten die Polizisten demnach E-Bikes, E-Scooter, Fahrr\u00e4der und Fahrradzubeh\u00f6r \u2013\u00a0und das am Donnerstag gestohlene E-Bike. Das mutma\u00dfliche Diebesgut im gesch\u00e4tzten Wert von 6.000 Euro wurde sichergestellt.\n  <\/p>\n<ul data-module-id=\"DragDropModule\" class=\"flex flex-wrap justify-start group-[.no-bookmarks]:hidden\">\n<li class=\"mb-3 mr-3\">\n    Polizei<\/p>\n<p>      Icon Haken im Kreis gesetzt<\/p>\n<p>      Icon Plus im Kreis<\/p>\n<\/li>\n<li class=\"mb-3 mr-3\">\n    Vorrichtung<\/p>\n<p>      Icon Haken im Kreis gesetzt<\/p>\n<p>      Icon Plus im Kreis<\/p>\n<\/li>\n<li class=\"mb-3 mr-3\">\n    Karlsruhe<\/p>\n<p>      Icon Haken im Kreis gesetzt<\/p>\n<p>      Icon Plus im Kreis<\/p>\n<\/li>\n<\/ul>\n","protected":false},"excerpt":{"rendered":"Die Polizei hat in Karlsruhe f\u00fcnf mutma\u00dfliche Fahrrad-Diebe erwischt und ist dabei auch auf das Lager f\u00fcr deren&hellip;\n","protected":false},"author":2,"featured_media":368590,"comment_status":"","ping_status":"","sticky":false,"template":"","format":"standard","meta":{"footnotes":""},"categories":[1844],"tags":[1634,3364,29,30,8903],"class_list":{"0":"post-368589","1":"post","2":"type-post","3":"status-publish","4":"format-standard","5":"has-post-thumbnail","7":"category-karlsruhe","8":"tag-baden-wuerttemberg","9":"tag-de","10":"tag-deutschland","11":"tag-germany","12":"tag-karlsruhe"},"share_on_mastodon":{"url":"https:\/\/pubeurope.com\/@de\/115081752423059648","error":""},"_links":{"self":[{"href":"https:\/\/www.europesays.com\/de\/wp-json\/wp\/v2\/posts\/368589","targetHints":{"allow":["GET"]}}],"collection":[{"href":"https:\/\/www.europesays.com\/de\/wp-json\/wp\/v2\/posts"}],"about":[{"href":"https:\/\/www.europesays.com\/de\/wp-json\/wp\/v2\/types\/post"}],"author":[{"embeddable":true,"href":"https:\/\/www.europesays.com\/de\/wp-json\/wp\/v2\/users\/2"}],"replies":[{"embeddable":true,"href":"https:\/\/www.europesays.com\/de\/wp-json\/wp\/v2\/comments?post=368589"}],"version-history":[{"count":0,"href":"https:\/\/www.europesays.com\/de\/wp-json\/wp\/v2\/posts\/368589\/revisions"}],"wp:featuredmedia":[{"embeddable":true,"href":"https:\/\/www.europesays.com\/de\/wp-json\/wp\/v2\/media\/368590"}],"wp:attachment":[{"href":"https:\/\/www.europesays.com\/de\/wp-json\/wp\/v2\/media?parent=368589"}],"wp:term":[{"taxonomy":"category","embeddable":true,"href":"https:\/\/www.europesays.com\/de\/wp-json\/wp\/v2\/categories?post=368589"},{"taxonomy":"post_tag","embeddable":true,"href":"https:\/\/www.europesays.com\/de\/wp-json\/wp\/v2\/tags?post=368589"}],"curies":[{"name":"wp","href":"https:\/\/api.w.org\/{rel}","templated":true}]}}