{"id":368594,"date":"2025-08-24T04:04:10","date_gmt":"2025-08-24T04:04:10","guid":{"rendered":"https:\/\/www.europesays.com\/de\/368594\/"},"modified":"2025-08-24T04:04:10","modified_gmt":"2025-08-24T04:04:10","slug":"schreckliche-vergangenheit-neue-strasse-dient-als-mahnmal-an-werthers-dunkelste-stunden-haller-kreisblatt","status":"publish","type":"post","link":"https:\/\/www.europesays.com\/de\/368594\/","title":{"rendered":"Schreckliche Vergangenheit: Neue Stra\u00dfe dient als Mahnmal an Werthers dunkelste Stunden | Haller Kreisblatt"},"content":{"rendered":"<p class=\"nw-text-sm nw-px-4 nw-pt-4\">\n                        B\u00fcrgermeister Veith Lemmen (v. l.), die Mitglieder des &#8222;Arbeitskreises Spuren j\u00fcdischen Lebens&#8220; Ulrich Maa\u00df, Ute Dausendsch\u00f6n-Gay, Sarah Huxohl vom Bauamt, Ulrich Dausendsch\u00f6n-Gay, Sigrid Ellerbrake, Olaf Sichler, Hannelore Irrgang und Elisabeth G\u00fclich pr\u00e4sentieren vor dem neuen Stra\u00dfenschild den Flyer und die Bibliotheks-Mappen mit den Infos \u00fcber die j\u00fcdischen Familien Werthers. | \u00a9 Silke Derkum-Homburg\n                    <\/p>\n","protected":false},"excerpt":{"rendered":"B\u00fcrgermeister Veith Lemmen (v. l.), die Mitglieder des &#8222;Arbeitskreises Spuren j\u00fcdischen Lebens&#8220; Ulrich Maa\u00df, Ute Dausendsch\u00f6n-Gay, Sarah Huxohl&hellip;\n","protected":false},"author":2,"featured_media":368595,"comment_status":"","ping_status":"","sticky":false,"template":"","format":"standard","meta":{"footnotes":"","_share_on_mastodon":"0"},"categories":[1841],"tags":[100693,1912,100692,1605,3364,29,553,30,37503,16383,16401,2656,734,19081,34715,23780,1209,100690,100691,22594,1995,14060,23441,6715],"class_list":["post-368594","post","type-post","status-publish","format-standard","has-post-thumbnail","category-bielefeld","tag-alfred-weinberg","tag-australien","tag-ben-wingfield","tag-bielefeld","tag-de","tag-deutschland","tag-familie","tag-germany","tag-label_berhre-mich","tag-label_print-platziert","tag-label_xxl-200","tag-mahnmal","tag-meta_artikelklasse_nachricht","tag-meta_copyrights_hk","tag-meta_themen_geschichte","tag-meta_userneeds_beruehremich","tag-nordrhein-westfalen","tag-ulrich-maa","tag-ute-dausendschn-gay","tag-veith-lemmen","tag-verbrechen","tag-warschau","tag-weinberg","tag-werther"],"share_on_mastodon":{"url":"https:\/\/pubeurope.com\/@de\/115081764059462992","error":""},"_links":{"self":[{"href":"https:\/\/www.europesays.com\/de\/wp-json\/wp\/v2\/posts\/368594","targetHints":{"allow":["GET"]}}],"collection":[{"href":"https:\/\/www.europesays.com\/de\/wp-json\/wp\/v2\/posts"}],"about":[{"href":"https:\/\/www.europesays.com\/de\/wp-json\/wp\/v2\/types\/post"}],"author":[{"embeddable":true,"href":"https:\/\/www.europesays.com\/de\/wp-json\/wp\/v2\/users\/2"}],"replies":[{"embeddable":true,"href":"https:\/\/www.europesays.com\/de\/wp-json\/wp\/v2\/comments?post=368594"}],"version-history":[{"count":0,"href":"https:\/\/www.europesays.com\/de\/wp-json\/wp\/v2\/posts\/368594\/revisions"}],"wp:featuredmedia":[{"embeddable":true,"href":"https:\/\/www.europesays.com\/de\/wp-json\/wp\/v2\/media\/368595"}],"wp:attachment":[{"href":"https:\/\/www.europesays.com\/de\/wp-json\/wp\/v2\/media?parent=368594"}],"wp:term":[{"taxonomy":"category","embeddable":true,"href":"https:\/\/www.europesays.com\/de\/wp-json\/wp\/v2\/categories?post=368594"},{"taxonomy":"post_tag","embeddable":true,"href":"https:\/\/www.europesays.com\/de\/wp-json\/wp\/v2\/tags?post=368594"}],"curies":[{"name":"wp","href":"https:\/\/api.w.org\/{rel}","templated":true}]}}