{"id":368827,"date":"2025-08-24T06:27:10","date_gmt":"2025-08-24T06:27:10","guid":{"rendered":"https:\/\/www.europesays.com\/de\/368827\/"},"modified":"2025-08-24T06:27:10","modified_gmt":"2025-08-24T06:27:10","slug":"ein-unbeschreibliches-gefuehl-thomas-mueller-kroent-startelf-debuet-in-der-104-minute","status":"publish","type":"post","link":"https:\/\/www.europesays.com\/de\/368827\/","title":{"rendered":"&#8222;Ein unbeschreibliches Gef\u00fchl&#8220;: Thomas M\u00fcller kr\u00f6nt Startelf-Deb\u00fct in der 104. Minute"},"content":{"rendered":"<p>                    &#8222;Ein unbeschreibliches Gef\u00fchl&#8220;<br \/>\n                Thomas M\u00fcller kr\u00f6nt Startelf-Deb\u00fct in der 104. Minute<\/p>\n<p>\t\t\t\t              24.08.2025, 06:53 Uhr<\/p>\n<p><strong>Gegen St. Louis City SC steht Thomas M\u00fcller nicht nur erstmals in der Startelf, er ist auch gleich Mannschaftskapit\u00e4n. Und schie\u00dft seine Vancouver Whitecaps dann in letzter Minute zum Sieg. Tief in der Nachspielzeit erzielt der 35-J\u00e4hrige sein erstes Tor in der Major League Soccer.<\/strong><\/p>\n<p>Thomas M\u00fcller hat sich bei seinem Startelf-Deb\u00fct f\u00fcr die Vancouver Whitecaps gleich als Last-Minute-Held feiern lassen d\u00fcrfen. Denn bis weit in die Nachspielzeit steht es im Duell mit St. Louis City SC unentschieden, dann schl\u00e4gt der Neuzugang zu: In der 14. Minute der Nachspielzeit (!) bleibt M\u00fcller am Elfmeterpunkt ganz cool und verwandelt den Strafsto\u00df zum 3:2 (1:1)-Sieg f\u00fcr die Kanadier. F\u00fcr den ehemaligen deutschen Nationalspieler ist es zugleich das erste Tor f\u00fcr seinen neuen Klub.<\/p>\n<p>&#8222;Ich habe das entscheidende Tor direkt vor unseren tollen Fans gemacht. Ein unbeschreibliches Gef\u00fchl&#8220;, schw\u00e4rmte M\u00fcller. Der 35-J\u00e4hrige steht an diesem Tag nicht nur erstmals in der Startelf, sondern f\u00fchrt seine Mannschaft auch als Kapit\u00e4n aufs Feld. Er versuchte, durch Anweisungen an seine Mitspieler das Team anzuleiten. Auch als Anspielstation wurde der Offensivspieler immer wieder gesucht. Seine Ideen passten zwar nicht immer, dennoch leitete er viele Whitecaps-Angriffe ein. &#8222;Die M\u00fcller-\u00c4ra hat offiziell begonnen&#8220;, schrieb der Klub bei X.<\/p>\n<p>Das mit St. Louis, wo Sportdirektor Lutz Pfannenstiel eine Reihe ehemaliger Bundesliga-Profis versammelt hat, ist f\u00fcr M\u00fcller zugleich ein Wiedersehen mit alten Bekannten: Im Tor steht der fr\u00fchere BVB-Schlussmann Roman B\u00fcrki, vor ihm verteidigt Timo Baumgartel (Stuttgart, Union Berlin, Schalke), im Mittelfeld l\u00e4uft Marcel Hartel (K\u00f6ln, Union, Bielefeld, St. Pauli) auf, der in Deutschland f\u00fcr aktiv war. Eduard L\u00f6wen (N\u00fcrnberg, Hertha, Augsburg, Bochum) schie\u00dft St. Louis in der 13. Minute in F\u00fchrung, Vancouvers Brian White gleicht per Elfmeter (45.+4) aus, dann trifft der Ex-Hoffenheimer Joao Klauss (73.) f\u00fcr St. Louis. Daniel Rios stellt f\u00fcr die Whitecaps auf 2:2 (79.) &#8211; und schlie\u00dflich kommt der gro\u00dfe Auftritt von Thomas M\u00fcller.<\/p>\n<p>Nach langem Video-Studium hatte Schiedsrichter Fotis Bazakos zuvor auf Foulelfmeter entschieden. Zuletzt hatte M\u00fcller f\u00fcr die Bayern im Dezember 2020 in der Champions League bei Atl\u00e9tico Madrid (1:1) einen Strafsto\u00df verwandelt. Wie schon bei seinem halbst\u00fcndigen Deb\u00fct am vergangenen Sonntag gegen Houston (1:1) war M\u00fcller auch gegen St. Louis auff\u00e4llig. Bereits nach zwei Minuten hatte der 35-J\u00e4hrige per Kopf die erste gute Tor-Gelegenheit. Sein Versuch ging knapp am Tor vorbei. Mehr als 100 Spielminuten lief es dann deutlich besser.<\/p>\n","protected":false},"excerpt":{"rendered":"&#8222;Ein unbeschreibliches Gef\u00fchl&#8220; Thomas M\u00fcller kr\u00f6nt Startelf-Deb\u00fct in der 104. Minute 24.08.2025, 06:53 Uhr Gegen St. Louis City&hellip;\n","protected":false},"author":2,"featured_media":368828,"comment_status":"","ping_status":"","sticky":false,"template":"","format":"standard","meta":{"footnotes":""},"categories":[136],"tags":[29,347,30,19326,265,3197],"class_list":{"0":"post-368827","1":"post","2":"type-post","3":"status-publish","4":"format-standard","5":"has-post-thumbnail","7":"category-sport","8":"tag-deutschland","9":"tag-fussball","10":"tag-germany","11":"tag-major-league-soccer","12":"tag-sport","13":"tag-thomas-mueller"},"share_on_mastodon":{"url":"https:\/\/pubeurope.com\/@de\/115082326399603938","error":""},"_links":{"self":[{"href":"https:\/\/www.europesays.com\/de\/wp-json\/wp\/v2\/posts\/368827","targetHints":{"allow":["GET"]}}],"collection":[{"href":"https:\/\/www.europesays.com\/de\/wp-json\/wp\/v2\/posts"}],"about":[{"href":"https:\/\/www.europesays.com\/de\/wp-json\/wp\/v2\/types\/post"}],"author":[{"embeddable":true,"href":"https:\/\/www.europesays.com\/de\/wp-json\/wp\/v2\/users\/2"}],"replies":[{"embeddable":true,"href":"https:\/\/www.europesays.com\/de\/wp-json\/wp\/v2\/comments?post=368827"}],"version-history":[{"count":0,"href":"https:\/\/www.europesays.com\/de\/wp-json\/wp\/v2\/posts\/368827\/revisions"}],"wp:featuredmedia":[{"embeddable":true,"href":"https:\/\/www.europesays.com\/de\/wp-json\/wp\/v2\/media\/368828"}],"wp:attachment":[{"href":"https:\/\/www.europesays.com\/de\/wp-json\/wp\/v2\/media?parent=368827"}],"wp:term":[{"taxonomy":"category","embeddable":true,"href":"https:\/\/www.europesays.com\/de\/wp-json\/wp\/v2\/categories?post=368827"},{"taxonomy":"post_tag","embeddable":true,"href":"https:\/\/www.europesays.com\/de\/wp-json\/wp\/v2\/tags?post=368827"}],"curies":[{"name":"wp","href":"https:\/\/api.w.org\/{rel}","templated":true}]}}