{"id":369006,"date":"2025-08-24T08:09:12","date_gmt":"2025-08-24T08:09:12","guid":{"rendered":"https:\/\/www.europesays.com\/de\/369006\/"},"modified":"2025-08-24T08:09:12","modified_gmt":"2025-08-24T08:09:12","slug":"arminia-bielefeld-dynamo-dresden-heute-im-tv-2-bundesliga-live-sport","status":"publish","type":"post","link":"https:\/\/www.europesays.com\/de\/369006\/","title":{"rendered":"Arminia Bielefeld \u2013 Dynamo Dresden heute im TV: 2. Bundesliga LIVE | Sport"},"content":{"rendered":"<p><b>Gewinnt Bielefeld weiter?<\/b><\/p>\n<p>Am 3. Spieltag der 2. Bundesliga empf\u00e4ngt Arminia Bielefeld zum Aufsteiger-Duell Dynamo Dresden. Los geht&#8217;s am Sonntag um 13.30 Uhr. BILD erkl\u00e4rt Ihnen, wo Sie das Spiel im TV, Livestream und Live-Ticker verfolgen k\u00f6nnen.<\/p>\n<p>2. Bundesliga im TV: Wer zeigt Bielefeld \u2013\u00a0Dresden live?<\/p>\n<p><b>Die Partie in der <\/b><a href=\"https:\/\/www.bild.de\/sport\/fussball\/2-bundesliga-spielplan-start-termine-tv-ergebnisse-66aa34be08645b358aebb5d0\" class=\"text-link\" rel=\"nofollow noopener\" target=\"_blank\"><b>2. Bundesliga<\/b><\/a><b> zwischen Arminia Bielefeld und Dynamo Dresden wird live und exklusiv bei Pay-TV-Sender Sky und dem <\/b><a href=\"https:\/\/ib.adnxs-simple.com\/clktrb?id=821820&amp;gdpr=1&amp;gdpr_consent=0&amp;cachebuster=$%7BCACHEBUSTER%7D&amp;t=2\" target=\"_blank\" rel=\"nofollow noopener\" class=\"text-link--external text-link\"><b>kostenpflichtigen Streaminganbieter WOW<\/b><\/a><b> (Anzeige) \u00fcbertragen. Ansto\u00df ist um 13.30 Uhr, die \u00dcbertragung bei Sky und <\/b><a href=\"https:\/\/ib.adnxs-simple.com\/clktrb?id=810389&amp;gdpr=1&amp;gdpr_consent=0&amp;cachebuster=$%7BCACHEBUSTER%7D&amp;t=2\" target=\"_blank\" rel=\"noopener nofollow\" class=\"text-link--external text-link\"><b>WOW<\/b><\/a><b> beginnt um 13 Uhr.<\/b><\/p>\n<p>Sie k\u00f6nnen die 2. Bundesliga nicht live vor dem TV verfolgen oder haben kein Sky-Abo? Kein Problem! Im <a href=\"https:\/\/sport.bild.de\/fussball\/2-bundesliga\/ma11199848\/arminia-bielefeld_dynamo-dresden\/liveticker\/\" target=\"_blank\" rel=\"noopener nofollow\" class=\"text-link--external text-link\">BILD.de-Liveticker<\/a> k\u00f6nnen Sie das komplette Spiel zwischen Bielefeld und Dresden kostenlos verfolgen.<\/p>\n<p>Mehr zum Thema<\/p>\n<p>Zwei Siege in der Liga, dazu das Weiterkommen im DFB-Pokal \u2013\u00a0<a href=\"https:\/\/www.bild.de\/sport\/fussball\/arminia-bielefeld\/startseite-bielefeld-41429882.bild.html\" class=\"text-link\" rel=\"nofollow noopener\" target=\"_blank\">Arminia Bielefeld<\/a> ist weiter die Mannschaft der Stunde. Beim 1:0 gegen Werder Bremen gelang der entscheidende Treffer in der Nachspielzeit, die Alm explodierte.<\/p>\n<p>Auch interessant<\/p>\n<p>Anzeige<\/p>\n<p>Auch interessant<\/p>\n<p>Anzeige<\/p>\n<p>Kapit\u00e4n Mael Corboz (30) nach dem Pokal-Fight: \u201eZum Gl\u00fcck mussten wir nicht in die Verl\u00e4ngerung. Unsere Mentalit\u00e4t hat heute wieder den Unterschied gemacht. Wir waren der Underdog, aber wir wissen, was wir k\u00f6nnen. Wir warten jetzt die kommenden Spiele ab. Dresden wird n\u00e4chste Woche kein einfacher Gegner.\u201c<\/p>\n<p><b>Corboz weiter: \u201eWir bleiben bodenst\u00e4ndig und wir versuchen die Welle so lange wie m\u00f6glich weiterzureiten. Ich bin sehr stolz, weiterhin f\u00fcr Arminia Bielefeld zu spielen. Vor ein paar Jahren h\u00e4tte ich mir nicht vorstellen k\u00f6nnen, hier Kapit\u00e4n in der 2. Liga zu sein. Ich f\u00fchle mich sehr wohl in Bielefeld.\u201c<\/b><\/p>\n<p>In <a href=\"https:\/\/www.bild.de\/sport\/fussball\/dynamo-dresden\/startseite-dynamo-46789412.bild.html\" class=\"text-link\" rel=\"nofollow noopener\" target=\"_blank\">Dresden<\/a> sieht die Welt nach zwei Liga-Pleiten und dem Pokal-Aus gegen Mainz (0:1) anders aus. Besonders bitter f\u00fcr Dynamo: Vincent Vermeij (31) sollte als neuer St\u00fcrmer das Offensivspiel beleben und verpasste das Spiel gegen Mainz kurzfristig mit einem Infekt. Ob er gegen Bielefeld auflaufen kann, ist fraglich.<\/p>\n","protected":false},"excerpt":{"rendered":"Gewinnt Bielefeld weiter? Am 3. Spieltag der 2. Bundesliga empf\u00e4ngt Arminia Bielefeld zum Aufsteiger-Duell Dynamo Dresden. Los geht&#8217;s&hellip;\n","protected":false},"author":2,"featured_media":369007,"comment_status":"","ping_status":"","sticky":false,"template":"","format":"standard","meta":{"footnotes":""},"categories":[1841],"tags":[621,1605,3364,29,5624,3766,347,30,1209,785,4222,1927,45,684,784],"class_list":{"0":"post-369006","1":"post","2":"type-post","3":"status-publish","4":"format-standard","5":"has-post-thumbnail","7":"category-bielefeld","8":"tag-2-bundesliga","9":"tag-bielefeld","10":"tag-de","11":"tag-deutschland","12":"tag-dsc-arminia-bielefeld","13":"tag-dynamo-dresden","14":"tag-fussball","15":"tag-germany","16":"tag-nordrhein-westfalen","17":"tag-saison-2024-2025","18":"tag-sky","19":"tag-sport-standard","20":"tag-texttospeech","21":"tag-tv","22":"tag-zweite-bundesliga"},"share_on_mastodon":{"url":"https:\/\/pubeurope.com\/@de\/115082727531805191","error":""},"_links":{"self":[{"href":"https:\/\/www.europesays.com\/de\/wp-json\/wp\/v2\/posts\/369006","targetHints":{"allow":["GET"]}}],"collection":[{"href":"https:\/\/www.europesays.com\/de\/wp-json\/wp\/v2\/posts"}],"about":[{"href":"https:\/\/www.europesays.com\/de\/wp-json\/wp\/v2\/types\/post"}],"author":[{"embeddable":true,"href":"https:\/\/www.europesays.com\/de\/wp-json\/wp\/v2\/users\/2"}],"replies":[{"embeddable":true,"href":"https:\/\/www.europesays.com\/de\/wp-json\/wp\/v2\/comments?post=369006"}],"version-history":[{"count":0,"href":"https:\/\/www.europesays.com\/de\/wp-json\/wp\/v2\/posts\/369006\/revisions"}],"wp:featuredmedia":[{"embeddable":true,"href":"https:\/\/www.europesays.com\/de\/wp-json\/wp\/v2\/media\/369007"}],"wp:attachment":[{"href":"https:\/\/www.europesays.com\/de\/wp-json\/wp\/v2\/media?parent=369006"}],"wp:term":[{"taxonomy":"category","embeddable":true,"href":"https:\/\/www.europesays.com\/de\/wp-json\/wp\/v2\/categories?post=369006"},{"taxonomy":"post_tag","embeddable":true,"href":"https:\/\/www.europesays.com\/de\/wp-json\/wp\/v2\/tags?post=369006"}],"curies":[{"name":"wp","href":"https:\/\/api.w.org\/{rel}","templated":true}]}}