{"id":369413,"date":"2025-08-24T12:24:13","date_gmt":"2025-08-24T12:24:13","guid":{"rendered":"https:\/\/www.europesays.com\/de\/369413\/"},"modified":"2025-08-24T12:24:13","modified_gmt":"2025-08-24T12:24:13","slug":"halle-begruesst-die-deutschland-tour-mit-familienfest-auf-dem-marktplatz-einschraenkungen-beim-oepnv-und-im-strassenverkehr-du-bist-halle","status":"publish","type":"post","link":"https:\/\/www.europesays.com\/de\/369413\/","title":{"rendered":"Halle begr\u00fc\u00dft die Deutschland-Tour mit Familienfest auf dem Marktplatz \u2013 Einschr\u00e4nkungen beim \u00d6PNV und im Stra\u00dfenverkehr \u2013 Du bist Halle"},"content":{"rendered":"<p>Bis 15 Uhr fahren rund um den Marktplatz keine Stra\u00dfenbahnen. Zahlreiche Stra\u00dfen sind f\u00fcr die Radtour gesperrt.<\/p>\n<p>Die Schlussetappe der Lidl Deutschland Tour verbindet die beiden gr\u00f6\u00dften St\u00e4dte Sachsen-Anhalts. Nach dem Start auf dem Marktplatz von Halle warten im ersten Teil der Strecke noch ein paar H\u00fcgel. Bereits nach 16,7 Kilometern steht die letzte Bergwertung der Rundfahrt auf dem Programm, die \u00fcber den Gewinner des Bergtrikots entscheiden wird. Auf dem weiteren Weg nach Norden \u00fcber Aschersleben und Oschersleben flacht das Profil aus, die Strecke l\u00e4sst den Harz links liegen. Die letzten rund 25 Kilometer f\u00fchren durch Magdeburger Stadtgebiet, 16 davon auf einer Runde, die etwas mehr als zwei Mal zu fahren ist. Auf dem Schleinufer, wo auch die Ziellinie liegt, geht es lange gerade aus, bevor die Strecke in die Innenstadt abbiegt und danach ans andere Ufer der Elbe wechselt. Dort wird der Rotehornpark durchquert. Bei der zweiten Querung des Zielstrichs wird der Bonussprint abgenommen w\u00e4hrend es beim n\u00e4chsten Mal um den Tages- und den Gesamtsieg der Lidl Deutschland Tour geht.<\/p>\n<p><img decoding=\"async\" loading=\"lazy\" width=\"1200\" height=\"676\" src=\"https:\/\/www.europesays.com\/de\/wp-content\/uploads\/2025\/08\/IMG-20250824-WA0032-1200x676.jpg\" alt=\"\" class=\"wp-image-325408\"  \/><\/p>\n<p>Auf dem Marktplatz von Halle (Saale) wird am heutigen Sonntag, 24. August 2025, 13.55 Uhr,\u00a0die finale Etappe der LIDL Deutschland Tour 2025 gestartet. Rund um den Tourstart l\u00e4dt die Stadt von\u00a011 bis 18 Uhr\u00a0zu einem\u00a0gro\u00dfen Familienfest\u00a0unter dem Motto \u201eWir drehen am Rad\u201c ein.<\/p>\n<p>Es gibt ein B\u00fchnenprogramm, MZ-Velo-Messeauf der Ostseite des Marktplatzes, Rad-Parcourszum Testen von R\u00e4dern; Pr\u00e4sentation von Sportvereinenmit Rad-Polo, BMX, Trail sowie am Nachmittag Sprint-Radrennen auf der Leipziger Stra\u00dfe.<\/p>\n","protected":false},"excerpt":{"rendered":"Bis 15 Uhr fahren rund um den Marktplatz keine Stra\u00dfenbahnen. Zahlreiche Stra\u00dfen sind f\u00fcr die Radtour gesperrt. Die&hellip;\n","protected":false},"author":2,"featured_media":369414,"comment_status":"","ping_status":"","sticky":false,"template":"","format":"standard","meta":{"footnotes":""},"categories":[1860],"tags":[3364,29,548,663,3934,30,4062,17332,13,14,15,17331,860,12],"class_list":{"0":"post-369413","1":"post","2":"type-post","3":"status-publish","4":"format-standard","5":"has-post-thumbnail","7":"category-halle-saale","8":"tag-de","9":"tag-deutschland","10":"tag-eu","11":"tag-europa","12":"tag-europe","13":"tag-germany","14":"tag-halle","15":"tag-halle-saale","16":"tag-headlines","17":"tag-nachrichten","18":"tag-news","19":"tag-saale","20":"tag-sachsen-anhalt","21":"tag-schlagzeilen"},"share_on_mastodon":{"url":"https:\/\/pubeurope.com\/@de\/115083730293616256","error":""},"_links":{"self":[{"href":"https:\/\/www.europesays.com\/de\/wp-json\/wp\/v2\/posts\/369413","targetHints":{"allow":["GET"]}}],"collection":[{"href":"https:\/\/www.europesays.com\/de\/wp-json\/wp\/v2\/posts"}],"about":[{"href":"https:\/\/www.europesays.com\/de\/wp-json\/wp\/v2\/types\/post"}],"author":[{"embeddable":true,"href":"https:\/\/www.europesays.com\/de\/wp-json\/wp\/v2\/users\/2"}],"replies":[{"embeddable":true,"href":"https:\/\/www.europesays.com\/de\/wp-json\/wp\/v2\/comments?post=369413"}],"version-history":[{"count":0,"href":"https:\/\/www.europesays.com\/de\/wp-json\/wp\/v2\/posts\/369413\/revisions"}],"wp:featuredmedia":[{"embeddable":true,"href":"https:\/\/www.europesays.com\/de\/wp-json\/wp\/v2\/media\/369414"}],"wp:attachment":[{"href":"https:\/\/www.europesays.com\/de\/wp-json\/wp\/v2\/media?parent=369413"}],"wp:term":[{"taxonomy":"category","embeddable":true,"href":"https:\/\/www.europesays.com\/de\/wp-json\/wp\/v2\/categories?post=369413"},{"taxonomy":"post_tag","embeddable":true,"href":"https:\/\/www.europesays.com\/de\/wp-json\/wp\/v2\/tags?post=369413"}],"curies":[{"name":"wp","href":"https:\/\/api.w.org\/{rel}","templated":true}]}}