{"id":369621,"date":"2025-08-24T14:17:29","date_gmt":"2025-08-24T14:17:29","guid":{"rendered":"https:\/\/www.europesays.com\/de\/369621\/"},"modified":"2025-08-24T14:17:29","modified_gmt":"2025-08-24T14:17:29","slug":"msv-duisburg-verpflichtet-einen-neuen-torwart","status":"publish","type":"post","link":"https:\/\/www.europesays.com\/de\/369621\/","title":{"rendered":"MSV Duisburg verpflichtet einen neuen Torwart"},"content":{"rendered":"<p>Der MSV Duisburg ist auf der Suche nach einem dritten Torh\u00fcter f\u00fcndig geworden. Die Zebras verpflichten Omer Hanin, der in der vergangenen Spielzeit noch in Diensten des Ligakonkurrenten SV Waldhof Mannheim stand. Am 12. April 2024 konnten die MSV-Anh\u00e4nger ihren neuen Keeper bereits im Wedaustadion sichten, als er beim 1:1 gegen die &#8222;Buwe&#8220; zwischen den Pfosten stand.<\/p>\n<p>Hanin ist 27 Jahre alt, besitzt neben dem israelischen auch einen portugiesischen Pass. F\u00fcr die israelische U18 und U19 bestritt er vier L\u00e4nderspiele. In der Saison 2019\/20 kam er nach Deutschland, und kam in der Reserve des 1. FSV Mainz zu ersten Eins\u00e4tzen in der Regionalliga S\u00fcdwest. Auch bei den Profis stand er mehrfach im Spieltagskader, blieb dort aber ohne Einsatzminuten. Nach drei Jahren in Mainz wechselte er zum FSV Frankfurt und setzte sich dort als Stammtorwart durch. In den vergangenen beiden Jahren bestritt er zw\u00f6lf Partien in der 3. Liga f\u00fcr den Waldhof. Der 1,97-Meter gro\u00dfe Schlussmann wird in Duisburg mit der R\u00fcckennummer 13 auflaufen. Er wechselt von Hapoel Haifa an die Wedau.<\/p>\n<p>Chris Schmoldt, Sportlicher Leiter: \u201eMit Omer gewinnen wir genau das Torwartprofil, welches wir f\u00fcr unser aktuelles Torh\u00fcterteam gesucht haben. Er hat schon wertvolle Erfahrungen in der 3. Liga gesammelt, ist dennoch noch in einem Top-Alter. Omer \u00fcberzeugt nicht nur durch sein Torwart-Spiel, sondern auch durch einen tollen Charakter, er ist ein echter Team-Player. Er wollte unbedingt zu uns nach Duisburg kommen, wir freuen uns, dass es geklappt hat.\u201c<\/p>\n<p>Dietmar Hirsch, Chef-Trainer: \u201eEin gro\u00dfgewachsener Torwart, der in Israel in den Jugend-Nationalmannschaften zum Einsatz gekommen ist, aber auch hier schon gespielt hat und die 3. Liga aus seiner Zeit in Mannheim kennt. Sch\u00f6n, dass es geklappt hat, unsere jungen Torh\u00fcter werden mit Sicherheit auch von der Zusammenarbeit mit ihm profitieren und sich sehr gut erg\u00e4nzen.\u201c<\/p>\n<p>Sven Beuckert, Torwart-Trainer: \u201eWichtig ist, dass er schon Drittliga-Erfahrung hat und den Fu\u00dfball in Deutschland kennt. Wir verfolgen seinen Weg schon l\u00e4nger und sind sicher, dass er eine richtig gute Verst\u00e4rkung f\u00fcr unser Torwart-Team ist. Ich freue mich auf die Arbeit mit ihm.\u201c<\/p>\n<p>Omer Hanin: \u201eIch hab\u2018 richtig Bock auf diese Aufgabe und auf diese phantastischen Fans! Ich freue mich aber vor allem auch auf die Arbeit mit dem ganzen Team und werde mein Bestes f\u00fcr den Spielverein geben.\u201c<\/p>\n","protected":false},"excerpt":{"rendered":"Der MSV Duisburg ist auf der Suche nach einem dritten Torh\u00fcter f\u00fcndig geworden. Die Zebras verpflichten Omer Hanin,&hellip;\n","protected":false},"author":2,"featured_media":369622,"comment_status":"","ping_status":"","sticky":false,"template":"","format":"standard","meta":{"footnotes":""},"categories":[1838],"tags":[995,3364,29,3715,30,3721,1209,100889],"class_list":{"0":"post-369621","1":"post","2":"type-post","3":"status-publish","4":"format-standard","5":"has-post-thumbnail","7":"category-duisburg","8":"tag-3-liga","9":"tag-de","10":"tag-deutschland","11":"tag-duisburg","12":"tag-germany","13":"tag-msv-duisburg","14":"tag-nordrhein-westfalen","15":"tag-omer-hanin"},"share_on_mastodon":{"url":"https:\/\/pubeurope.com\/@de\/115084174829737077","error":""},"_links":{"self":[{"href":"https:\/\/www.europesays.com\/de\/wp-json\/wp\/v2\/posts\/369621","targetHints":{"allow":["GET"]}}],"collection":[{"href":"https:\/\/www.europesays.com\/de\/wp-json\/wp\/v2\/posts"}],"about":[{"href":"https:\/\/www.europesays.com\/de\/wp-json\/wp\/v2\/types\/post"}],"author":[{"embeddable":true,"href":"https:\/\/www.europesays.com\/de\/wp-json\/wp\/v2\/users\/2"}],"replies":[{"embeddable":true,"href":"https:\/\/www.europesays.com\/de\/wp-json\/wp\/v2\/comments?post=369621"}],"version-history":[{"count":0,"href":"https:\/\/www.europesays.com\/de\/wp-json\/wp\/v2\/posts\/369621\/revisions"}],"wp:featuredmedia":[{"embeddable":true,"href":"https:\/\/www.europesays.com\/de\/wp-json\/wp\/v2\/media\/369622"}],"wp:attachment":[{"href":"https:\/\/www.europesays.com\/de\/wp-json\/wp\/v2\/media?parent=369621"}],"wp:term":[{"taxonomy":"category","embeddable":true,"href":"https:\/\/www.europesays.com\/de\/wp-json\/wp\/v2\/categories?post=369621"},{"taxonomy":"post_tag","embeddable":true,"href":"https:\/\/www.europesays.com\/de\/wp-json\/wp\/v2\/tags?post=369621"}],"curies":[{"name":"wp","href":"https:\/\/api.w.org\/{rel}","templated":true}]}}