{"id":370006,"date":"2025-08-24T17:56:17","date_gmt":"2025-08-24T17:56:17","guid":{"rendered":"https:\/\/www.europesays.com\/de\/370006\/"},"modified":"2025-08-24T17:56:17","modified_gmt":"2025-08-24T17:56:17","slug":"schalke-fans-jubeln-ueber-25-65690-euro","status":"publish","type":"post","link":"https:\/\/www.europesays.com\/de\/370006\/","title":{"rendered":"Schalke-Fans jubeln \u00fcber 25.656,90 Euro"},"content":{"rendered":"<ol class=\"id-DonaldBreadcrumb lp_west_breadcrumb id-DonaldBreadcrumb--default\" data-k5a-pos=\"west_breadcrumb\">\n<li class=\"id-Breadcrumb-item\"><a href=\"https:\/\/www.ruhr24.de\/\" class=\"id-Breadcrumb-link\" data-id-ec=\"{\" shn=\"\" textlink=\"\" data-k5a-pos=\"1_ruhr24\" rel=\"nofollow noopener\" target=\"_blank\">ruhr24<\/a><\/li>\n<li class=\"id-Breadcrumb-item\"><a href=\"https:\/\/www.ruhr24.de\/s04\/\" class=\"id-Breadcrumb-link\" data-id-ec=\"{\" shn=\"\" textlink=\"\" data-k5a-pos=\"2_s04\" rel=\"nofollow noopener\" target=\"_blank\">S04<\/a><\/li>\n<\/ol>\n<p class=\"id-Story-timestamp id-Story-timestamp--default\">Stand: 24.08.2025, 15:25 Uhr<\/p>\n<p class=\"id-Story-authors id-Story-authors--default\">Von: <a class=\"id-Story-authors-link lp_west_author\" href=\"https:\/\/www.ruhr24.de\/autor\/kevin-mattes-bjk2z8po2.html\" title=\"Zur Autorenseite von Kevin Mattes\" data-id-ec=\"{\" shn=\"\" author-link=\"\" mattes=\"\" data-k5a-pos=\"west_author\" rel=\"nofollow noopener\" target=\"_blank\">Kevin Mattes<\/a><\/p>\n<p class=\"id-Story-interactionBar id-Story-interactionBar--default\">DruckenTeilen<\/p>\n<p><img decoding=\"async\" class=\"id-RatioPlaceholder-element wv_story_el_image\" src=\"https:\/\/www.europesays.com\/de\/wp-content\/uploads\/2025\/08\/39427410-schalke-fans-unterstuetzen-ihre-mannschaft-2mrxKqp2BQfe.jpg\" loading=\"eager\" fetchpriority=\"high\"   height=\"619\" width=\"1100\" alt=\"Schalke-Fans unterst&#xFC;tzen ihre Mannschaft. \"\/>Eine Tombola der Schalke-Ultras war ein voller Erfolg  \u00a9\u00a0Tim Rehbein\/RHR-FOTO<\/p>\n<p class=\"id-StoryElement-leadText\">Die Ultras von Schalke 04 haben Grund zur Freude. Sie sammelten k\u00fcrzlich Spenden f\u00fcr den guten Zweck. Nun ver\u00f6ffentlichten sie ein beeindruckendes Ergebnis.<\/p>\n<p class=\"id-StoryElement-paragraph\">Gelsenkirchen \u2013\u00a0Die Ultras Gelsenkirchen veranstalteten bei der Saisoner\u00f6ffnung des S04 am 26. Juli ihre traditionelle Tombola. Die Resonz der blauwei\u00dfen Anh\u00e4nger dabei war riesig. Der Verkaufsstand war bereits vor dem offiziellen Beginn um 11.04 Uhr gut besucht.<\/p>\n<p>Buzz04 \u2013 Deine Schalke-Community!<\/p>\n<p class=\"id-StoryElement-factBox-paragraph\">Du willst dich mit gleichgesinnten Fans \u00fcber die neusten Entwicklungen beim FC Schalke 04 austauschen? Dann melde dich jetzt bei <a href=\"https:\/\/news.buzz04.de\/\" target=\"_blank\" class=\"id-import-Link id-pageApi-Link--externalDomain\" data-id-ec=\"{&quot;sht&quot;:&quot;Container&quot;,&quot;shn&quot;:&quot;Story&quot;,&quot;p&quot;:{&quot;containerType&quot;:&quot;FactBox&quot;,&quot;displayType&quot;:&quot;FactBox InlineLink&quot;,&quot;type&quot;:&quot;INLINE_LINK&quot;,&quot;value&quot;:&quot;Buzz04&quot;,&quot;variant&quot;:&quot;standardLink&quot;,&quot;sponsored&quot;:false,&quot;linkHref&quot;:&quot;https:\/\/news.buzz04.de\/&quot;,&quot;storyElementPosition&quot;:10,&quot;storyElementCount&quot;:20}}\" rel=\"nofollow noopener\">Buzz04<\/a> an!<\/p>\n<p>Schalke-Fans jubeln \u00fcber 25.656,90 Euro <\/p>\n<p class=\"id-StoryElement-paragraph\">Alle Lose wurden verkauft! Die UGE haben nach eigenen Angaben glatte 25.656,90 Euro eingenommen. Erste soziale Projekte wurden von der Summe bereits unterst\u00fctzt.<\/p>\n<p class=\"id-StoryElement-paragraph\">So erhielten die Jugendabteilungen des SSV Rotthausen 2000 e. V. 4.000 Euro, um neue Trikots f\u00fcr mehrere Altersklassen anzuschaffen. Die Brust der Trikots wird in Zukunft der Spruch \u201eGemeinsam f\u00fcr Gelsenkirchen\u201c schm\u00fccken.<\/p>\n<p>Schalke-Ultras konnten bereits erste soziale Projekte unterst\u00fctzen<\/p>\n<p class=\"id-StoryElement-paragraph\">Des Weiteren wurde f\u00fcr 2.890 Euro eine neue Au\u00dfenholzterrasse f\u00fcr das Evangelische Kinder \u2013 und Jugendhaus finanziert. In den kommenden Wochen und Monaten sollen weitere Projekte folgen. Die UGE wollen dar\u00fcber informieren.<\/p>\n<p class=\"id-StoryElement-paragraph\">Mit ihrem Engagement unter dem Motto \u201eGemeinsam f\u00fcr unsere Stadt \u2013 Ultras f\u00fcr GE\u201c zeigen die Schalker Fans einmal mehr, dass Fu\u00dfball weit mehr ist als nur 90 Minuten auf dem Platz.<\/p>\n<p class=\"id-StoryElement-paragraph\">Die Ultras selbst zeigen sich sehr stolz \u00fcber die Unterst\u00fctzung der vielen Schalker: \u201eDas ist wieder einmal ein beeindruckendes Zeichen daf\u00fcr, wie gro\u00df der Zusammenhalt ist, wenn es um soziale Projekte f\u00fcr unsere Stadt geht\u201c, schrieben sie in einem offenen Brief an die S04-Anh\u00e4nger.<\/p>\n","protected":false},"excerpt":{"rendered":"ruhr24 S04 Stand: 24.08.2025, 15:25 Uhr Von: Kevin Mattes DruckenTeilen Eine Tombola der Schalke-Ultras war ein voller Erfolg&hellip;\n","protected":false},"author":2,"featured_media":370007,"comment_status":"","ping_status":"","sticky":false,"template":"","format":"standard","meta":{"footnotes":""},"categories":[1848],"tags":[3364,29,548,663,3934,3658,30,13,14,15,1209,12],"class_list":{"0":"post-370006","1":"post","2":"type-post","3":"status-publish","4":"format-standard","5":"has-post-thumbnail","7":"category-gelsenkirchen","8":"tag-de","9":"tag-deutschland","10":"tag-eu","11":"tag-europa","12":"tag-europe","13":"tag-gelsenkirchen","14":"tag-germany","15":"tag-headlines","16":"tag-nachrichten","17":"tag-news","18":"tag-nordrhein-westfalen","19":"tag-schlagzeilen"},"share_on_mastodon":{"url":"https:\/\/pubeurope.com\/@de\/115085035826230847","error":""},"_links":{"self":[{"href":"https:\/\/www.europesays.com\/de\/wp-json\/wp\/v2\/posts\/370006","targetHints":{"allow":["GET"]}}],"collection":[{"href":"https:\/\/www.europesays.com\/de\/wp-json\/wp\/v2\/posts"}],"about":[{"href":"https:\/\/www.europesays.com\/de\/wp-json\/wp\/v2\/types\/post"}],"author":[{"embeddable":true,"href":"https:\/\/www.europesays.com\/de\/wp-json\/wp\/v2\/users\/2"}],"replies":[{"embeddable":true,"href":"https:\/\/www.europesays.com\/de\/wp-json\/wp\/v2\/comments?post=370006"}],"version-history":[{"count":0,"href":"https:\/\/www.europesays.com\/de\/wp-json\/wp\/v2\/posts\/370006\/revisions"}],"wp:featuredmedia":[{"embeddable":true,"href":"https:\/\/www.europesays.com\/de\/wp-json\/wp\/v2\/media\/370007"}],"wp:attachment":[{"href":"https:\/\/www.europesays.com\/de\/wp-json\/wp\/v2\/media?parent=370006"}],"wp:term":[{"taxonomy":"category","embeddable":true,"href":"https:\/\/www.europesays.com\/de\/wp-json\/wp\/v2\/categories?post=370006"},{"taxonomy":"post_tag","embeddable":true,"href":"https:\/\/www.europesays.com\/de\/wp-json\/wp\/v2\/tags?post=370006"}],"curies":[{"name":"wp","href":"https:\/\/api.w.org\/{rel}","templated":true}]}}