{"id":370206,"date":"2025-08-24T19:50:16","date_gmt":"2025-08-24T19:50:16","guid":{"rendered":"https:\/\/www.europesays.com\/de\/370206\/"},"modified":"2025-08-24T19:50:16","modified_gmt":"2025-08-24T19:50:16","slug":"polizei-fasst-20-jaehrigen-nach-baumarkt-ueberfaellen","status":"publish","type":"post","link":"https:\/\/www.europesays.com\/de\/370206\/","title":{"rendered":"Polizei fasst 20-J\u00e4hrigen nach Baumarkt-\u00dcberf\u00e4llen"},"content":{"rendered":"<p>Mit Pfefferspray und Biss <\/p>\n<p>Baumarkt-\u00dcberf\u00e4lle in Franken: 20-J\u00e4hriger festgenommen<\/p>\n<p>24.08.2025 &#8211; 20:51 UhrLesedauer: 1 Min.<\/p>\n<p><a href=\"#focus-0\" class=\"transition-colors duration-200 focus-within:text-magenta block text-current relative\" data-sctrack=\"FocusGalleryImage.Reference\"><img fetchpriority=\"high\" data-testid=\"Opener.Image\" style=\"--lqipURL:url('https:\/\/images.t-online.de\/2025\/08\/gfyRxIWL5jXa\/0x79:2048x1152\/fit-in\/150x0\/filters:blur(25)\/blaulicht-symbolbild-am-adalbertsteinweg-wurden-mehrere-maenner-verletzt.jpg')\"   loading=\"eager\" src=\"https:\/\/www.europesays.com\/de\/wp-content\/uploads\/2025\/08\/blaulicht-symbolbild-am-adalbertsteinweg-wurden-mehrere-maenner-verletzt.jpg\" alt=\"urn:newsml:dpa.com:20090101:250714-935-712038\" title=\"urn:newsml:dpa.com:20090101:250714-935-712038\" width=\"2048\" height=\"1152\" class=\"bg-[url:var(--lqipURL)] bg-cover bg-center flex h-full w-full max-w-full\" decoding=\"async\"\/><img style=\"--width:32;--height:32\" loading=\"lazy\" src=\"https:\/\/www.t-online.de\/s\/paper\/_next\/static\/media\/zoom-in.f7dae02f.svg\" alt=\"Vergr\u00f6\u00dfern des Bildes\" title=\"Vergr\u00f6\u00dfern des Bildes\" class=\"block h-[calc(var(--height)_\/_16_*_1rem)] w-[calc(var(--width)_\/_16_*_1rem)] max-w-none absolute bottom-8 right-8 rounded-4 bg-snow p-8\" decoding=\"async\"\/><\/a><\/p>\n<p>Blaulicht (Symbolbild): Der Tatverd\u00e4chtige soll in mehreren Baum\u00e4rkten Ware entwendet haben. (Quelle: Julian Stratenschulte)<\/p>\n<p class=\"font-bold text-18 leading-17\">Ein junger Mann sorgte am Wochenende f\u00fcr Aufruhr in F\u00fcrth und Erlangen. Mehrere \u00dcberf\u00e4lle auf Baum\u00e4rkte endeten mit seiner Festnahme.<\/p>\n<p class=\"text-18 leading-17\">Ein 20-J\u00e4hriger hat am Wochenende in F\u00fcrth und <a class=\"transition-colors duration-200 cursor-pointer text-inherit no-underline text-salemsfur md:hover:text-magenta md:hover:border-magenta md:focus:text-magenta border-current border-b border-solid break-words\" href=\"https:\/\/www.t-online.de\/themen\/erlangen\/\" data-sctrack=\"BodyAnchor\" rel=\"nofollow noopener\" target=\"_blank\">Erlangen<\/a> mehrere Baum\u00e4rkte \u00fcberfallen. Dabei hat er Angestellte mit Pfefferspray attackiert. Die Polizei hat den Mann festgenommen, die Staatsanwaltschaft beantragte Haft.<\/p>\n<p class=\"text-18 leading-17\">Am Freitagnachmittag war der Tatverd\u00e4chtige erstmals in einem Baumarkt an der Fritz-Gastreich-Stra\u00dfe in F\u00fcrth aufgefallen. Nach einem l\u00e4ngeren Beratungsgespr\u00e4ch nahm er einen anderen Artikel an sich und verlie\u00df den Markt ohne zu bezahlen. Als eine 75 Jahre alte Mitarbeiterin ihn darauf ansprach, setzte er Pfefferspray gegen sie ein und floh mit dem Auto.<\/p>\n<p class=\"text-18 leading-17\">Am Samstag tauchte der Mann in einem Baumarkt an der Erlanger Neum\u00fchle auf. Laut Polizei beobachtete ihn ein Mitarbeiter \u00fcber die Videoanlage beim Diebstahl. Ein Eingreifen war zu diesem Zeitpunkt nicht m\u00f6glich.<\/p>\n<p class=\"text-18 leading-17\">Am Nachmittag kehrte der 20-J\u00e4hrige in denselben Markt zur\u00fcck und stahl erneut Ware. Als ihn der Mitarbeiter diesmal am Kassenbereich ansprach, griff der Mann wieder zum Pfefferspray. Es kam zu einem Gerangel, bei dem der Tatverd\u00e4chtige schlug, trat und den Angestellten auch biss. Erst mit Unterst\u00fctzung weiterer Mitarbeiter und Kunden konnte der Mann \u00fcberw\u00e4ltigt werden.<\/p>\n<p class=\"text-18 leading-17\">Eine Streife der Polizeiinspektion Erlangen-Stadt nahm den 20-J\u00e4hrigen vor Ort fest. Im Fahrzeug des Verd\u00e4chtigen fanden die Beamten mutma\u00dfliches Diebesgut aus den vorangegangenen Taten. Die Staatsanwaltschaft N\u00fcrnberg-F\u00fcrth beantragte Untersuchungshaft.<\/p>\n","protected":false},"excerpt":{"rendered":"Mit Pfefferspray und Biss Baumarkt-\u00dcberf\u00e4lle in Franken: 20-J\u00e4hriger festgenommen 24.08.2025 &#8211; 20:51 UhrLesedauer: 1 Min. Blaulicht (Symbolbild): Der&hellip;\n","protected":false},"author":2,"featured_media":369218,"comment_status":"","ping_status":"","sticky":false,"template":"","format":"standard","meta":{"footnotes":""},"categories":[1837],"tags":[722,42164,44855,772,1950,3364,29,980,4348,101024,4347,30,3783,3905,121,1997,5310],"class_list":{"0":"post-370206","1":"post","2":"type-post","3":"status-publish","4":"format-standard","5":"has-post-thumbnail","7":"category-nuernberg","8":"tag-722","9":"tag-aufruhr","10":"tag-baumarkt","11":"tag-bayern","12":"tag-blaulicht","13":"tag-de","14":"tag-deutschland","15":"tag-festnahme","16":"tag-franken","17":"tag-fritz-gastreich-strasse","18":"tag-fuerth","19":"tag-germany","20":"tag-nuernberg","21":"tag-pfefferspray","22":"tag-polizei","23":"tag-staatsanwaltschaft","24":"tag-ueberfall"},"share_on_mastodon":{"url":"https:\/\/pubeurope.com\/@de\/115085484025839623","error":""},"_links":{"self":[{"href":"https:\/\/www.europesays.com\/de\/wp-json\/wp\/v2\/posts\/370206","targetHints":{"allow":["GET"]}}],"collection":[{"href":"https:\/\/www.europesays.com\/de\/wp-json\/wp\/v2\/posts"}],"about":[{"href":"https:\/\/www.europesays.com\/de\/wp-json\/wp\/v2\/types\/post"}],"author":[{"embeddable":true,"href":"https:\/\/www.europesays.com\/de\/wp-json\/wp\/v2\/users\/2"}],"replies":[{"embeddable":true,"href":"https:\/\/www.europesays.com\/de\/wp-json\/wp\/v2\/comments?post=370206"}],"version-history":[{"count":0,"href":"https:\/\/www.europesays.com\/de\/wp-json\/wp\/v2\/posts\/370206\/revisions"}],"wp:featuredmedia":[{"embeddable":true,"href":"https:\/\/www.europesays.com\/de\/wp-json\/wp\/v2\/media\/369218"}],"wp:attachment":[{"href":"https:\/\/www.europesays.com\/de\/wp-json\/wp\/v2\/media?parent=370206"}],"wp:term":[{"taxonomy":"category","embeddable":true,"href":"https:\/\/www.europesays.com\/de\/wp-json\/wp\/v2\/categories?post=370206"},{"taxonomy":"post_tag","embeddable":true,"href":"https:\/\/www.europesays.com\/de\/wp-json\/wp\/v2\/tags?post=370206"}],"curies":[{"name":"wp","href":"https:\/\/api.w.org\/{rel}","templated":true}]}}