{"id":370287,"date":"2025-08-24T20:36:12","date_gmt":"2025-08-24T20:36:12","guid":{"rendered":"https:\/\/www.europesays.com\/de\/370287\/"},"modified":"2025-08-24T20:36:12","modified_gmt":"2025-08-24T20:36:12","slug":"10-000-fans-feiern-radrennen-halle-will-tour-de-france-2030-holen","status":"publish","type":"post","link":"https:\/\/www.europesays.com\/de\/370287\/","title":{"rendered":"10.000 Fans feiern Radrennen \u2013 Halle will Tour de France 2030 holen"},"content":{"rendered":"<p class=\"fp-paragraph\"><strong>Halle (Saale)\/MZ.<\/strong> &#8211;  Die R\u00e4der gl\u00e4nzen, die Namen funkeln: Schon bevor das Peloton am Sonntagmittag von der B\u00fchne rollt, ist klar, dass Halle einen Nerv getroffen hat. Knapp 10.000 Zuschauer z\u00e4hlte die Stadt auf dem Marktplatz. Sie starren auf die Busse, dr\u00e4ngen sich um  die Teamfahrzeuge, sammeln Autogramme. \u201eSo viele Zuschauer zum Start wie hier in Halle habe ich noch nie gesehen\u201c, sagt der Sprecher der <a href=\"https:\/\/www.mz.de\/lokal\/halle-saale\/olaf-ludwig-und-uwe-raab-kommen-nach-halle-zur-lidl-deutschland-tour-2025-4096732\" target=\"_blank\" rel=\"noopener\">Deutschland-Tour<\/a> zum Publikum. <\/p>\n","protected":false},"excerpt":{"rendered":"Halle (Saale)\/MZ. &#8211; Die R\u00e4der gl\u00e4nzen, die Namen funkeln: Schon bevor das Peloton am Sonntagmittag von der B\u00fchne&hellip;\n","protected":false},"author":2,"featured_media":370288,"comment_status":"","ping_status":"","sticky":false,"template":"","format":"standard","meta":{"footnotes":""},"categories":[1860],"tags":[3364,29,59214,548,663,3934,30,4062,17332,13,14,15,17331,860,12],"class_list":{"0":"post-370287","1":"post","2":"type-post","3":"status-publish","4":"format-standard","5":"has-post-thumbnail","7":"category-halle-saale","8":"tag-de","9":"tag-deutschland","10":"tag-deutschland-tour","11":"tag-eu","12":"tag-europa","13":"tag-europe","14":"tag-germany","15":"tag-halle","16":"tag-halle-saale","17":"tag-headlines","18":"tag-nachrichten","19":"tag-news","20":"tag-saale","21":"tag-sachsen-anhalt","22":"tag-schlagzeilen"},"share_on_mastodon":{"url":"https:\/\/pubeurope.com\/@de\/115085665405169276","error":""},"_links":{"self":[{"href":"https:\/\/www.europesays.com\/de\/wp-json\/wp\/v2\/posts\/370287","targetHints":{"allow":["GET"]}}],"collection":[{"href":"https:\/\/www.europesays.com\/de\/wp-json\/wp\/v2\/posts"}],"about":[{"href":"https:\/\/www.europesays.com\/de\/wp-json\/wp\/v2\/types\/post"}],"author":[{"embeddable":true,"href":"https:\/\/www.europesays.com\/de\/wp-json\/wp\/v2\/users\/2"}],"replies":[{"embeddable":true,"href":"https:\/\/www.europesays.com\/de\/wp-json\/wp\/v2\/comments?post=370287"}],"version-history":[{"count":0,"href":"https:\/\/www.europesays.com\/de\/wp-json\/wp\/v2\/posts\/370287\/revisions"}],"wp:featuredmedia":[{"embeddable":true,"href":"https:\/\/www.europesays.com\/de\/wp-json\/wp\/v2\/media\/370288"}],"wp:attachment":[{"href":"https:\/\/www.europesays.com\/de\/wp-json\/wp\/v2\/media?parent=370287"}],"wp:term":[{"taxonomy":"category","embeddable":true,"href":"https:\/\/www.europesays.com\/de\/wp-json\/wp\/v2\/categories?post=370287"},{"taxonomy":"post_tag","embeddable":true,"href":"https:\/\/www.europesays.com\/de\/wp-json\/wp\/v2\/tags?post=370287"}],"curies":[{"name":"wp","href":"https:\/\/api.w.org\/{rel}","templated":true}]}}