{"id":370350,"date":"2025-08-24T21:17:26","date_gmt":"2025-08-24T21:17:26","guid":{"rendered":"https:\/\/www.europesays.com\/de\/370350\/"},"modified":"2025-08-24T21:17:26","modified_gmt":"2025-08-24T21:17:26","slug":"messerattacke-in-dresden-jetzt-spricht-das-opfer","status":"publish","type":"post","link":"https:\/\/www.europesays.com\/de\/370350\/","title":{"rendered":"Messerattacke in Dresden: Jetzt spricht das Opfer"},"content":{"rendered":"<p class=\"article_paragraph__hXYKJ\">Der 21-J\u00e4hrige, der in einer Dresdener Stra\u00dfenbahn von einem anderen Mann mit einem Messer verletzt worden ist, hat sich in den sozialen Medien ge\u00e4u\u00dfert. Auf mehreren Videos ist zu sehen, dass der junge Mann Verletzungen im Gesicht erlitten hat. \u201eWenn ihr alle gedacht habt, Europa und im besonderen Deutschland, habe kein Problem mit Migration, dann lasst mich ein bisschen Wissen mit euch teilen\u201c, beginnt der US-B\u00fcrger sein <a href=\"https:\/\/www.instagram.com\/reel\/DNvYIz4RF-w\/?igsh=MWtxb2xjeGk0YXE0bg==\" rel=\"nofollow noopener\" target=\"_blank\">Statement<\/a>, das die Journalistin Anabel Schunke bei X geteilt hat. Der Mann sagt, dass drei Minuten nach Aufnahme des <a target=\"_blank\" rel=\"nofollow\" href=\"https:\/\/x.com\/visegrad24\/status\/1959659312273383633\">Videos<\/a>, einer der M\u00e4nner aus dem Polizeigewahrsam entlassen werde. Einer soll Frauen in der Stra\u00dfenbahn bel\u00e4stigt haben, weswegen der 21-J\u00e4hrige eingegriffen haben soll. Es handele sich um einen Drogendealer, der sich illegal in Deutschland aufhalte, behauptet das Opfer. Es sei auch nicht das erste Mal gewesen, dass der andere &#8211; der Syrer &#8211; ein Messer gegen eine andere Person gerichtet habe. Offiziell best\u00e4tigt ist diese Aussage nicht.<\/p>\n<p>Rund 29.000 Messerangriffe 2024 in Deutschland<\/p>\n<p class=\"article_paragraph__hXYKJ\">Nach Angaben der Polizei war der US-B\u00fcrger dazwischengegangen, als zwei M\u00e4nner in der Bahn Frauen bel\u00e4stigten. Daraufhin sei er von einem der beiden T\u00e4ter angegriffen und verletzt worden. Die zwei T\u00e4ter fl\u00fcchteten daraufhin vom Tatort. Hinzugerufenen Polizeibeamten gelang es, einen der beiden, einen 21-j\u00e4hrigen Syrer, in der N\u00e4he zu stellen, hie\u00df es. Sie ermitteln gegen ihn und den noch Unbekannten unter anderem wegen gef\u00e4hrlicher K\u00f6rperverletzung.<\/p>\n<p class=\"article_paragraph__hXYKJ\">Die Anzahl der Messerangriffe hat in den letzten Jahren zugenommen. Im Jahr 2024 wurde in Deutschland laut der Polizeilichen Kriminalstatistik (PKS) bei rund 29.000 Straftaten ein Messerangriff polizeilich erfasst. Im Bereich gef\u00e4hrliche und schwere K\u00f6rperverletzung stieg ihre Zahl um circa 10,8 Prozent; bei Raubdelikten hingegen sank sie um etwa 2,6 Prozent.<\/p>\n<p class=\"article_paragraph__hXYKJ\">Es handelt sich nach\u00a0 polizeilicher Definition um Taten, bei denen der Angriff mit einem Messer unmittelbar gegen eine Person angedroht oder ausgef\u00fchrt wird. Das blo\u00dfe Mitf\u00fchren eines Messers reicht hingegen f\u00fcr eine Erfassung als Messerangriff nicht aus.<\/p>\n<p><script async src=\"\/\/www.instagram.com\/embed.js\"><\/script><\/p>\n","protected":false},"excerpt":{"rendered":"Der 21-J\u00e4hrige, der in einer Dresdener Stra\u00dfenbahn von einem anderen Mann mit einem Messer verletzt worden ist, hat&hellip;\n","protected":false},"author":2,"featured_media":370351,"comment_status":"","ping_status":"","sticky":false,"template":"","format":"standard","meta":{"footnotes":""},"categories":[1835],"tags":[3364,29,2386,30,859],"class_list":{"0":"post-370350","1":"post","2":"type-post","3":"status-publish","4":"format-standard","5":"has-post-thumbnail","7":"category-dresden","8":"tag-de","9":"tag-deutschland","10":"tag-dresden","11":"tag-germany","12":"tag-sachsen"},"share_on_mastodon":{"url":"https:\/\/pubeurope.com\/@de\/115085826191926428","error":""},"_links":{"self":[{"href":"https:\/\/www.europesays.com\/de\/wp-json\/wp\/v2\/posts\/370350","targetHints":{"allow":["GET"]}}],"collection":[{"href":"https:\/\/www.europesays.com\/de\/wp-json\/wp\/v2\/posts"}],"about":[{"href":"https:\/\/www.europesays.com\/de\/wp-json\/wp\/v2\/types\/post"}],"author":[{"embeddable":true,"href":"https:\/\/www.europesays.com\/de\/wp-json\/wp\/v2\/users\/2"}],"replies":[{"embeddable":true,"href":"https:\/\/www.europesays.com\/de\/wp-json\/wp\/v2\/comments?post=370350"}],"version-history":[{"count":0,"href":"https:\/\/www.europesays.com\/de\/wp-json\/wp\/v2\/posts\/370350\/revisions"}],"wp:featuredmedia":[{"embeddable":true,"href":"https:\/\/www.europesays.com\/de\/wp-json\/wp\/v2\/media\/370351"}],"wp:attachment":[{"href":"https:\/\/www.europesays.com\/de\/wp-json\/wp\/v2\/media?parent=370350"}],"wp:term":[{"taxonomy":"category","embeddable":true,"href":"https:\/\/www.europesays.com\/de\/wp-json\/wp\/v2\/categories?post=370350"},{"taxonomy":"post_tag","embeddable":true,"href":"https:\/\/www.europesays.com\/de\/wp-json\/wp\/v2\/tags?post=370350"}],"curies":[{"name":"wp","href":"https:\/\/api.w.org\/{rel}","templated":true}]}}