{"id":370713,"date":"2025-08-25T00:44:11","date_gmt":"2025-08-25T00:44:11","guid":{"rendered":"https:\/\/www.europesays.com\/de\/370713\/"},"modified":"2025-08-25T00:44:11","modified_gmt":"2025-08-25T00:44:11","slug":"wie-ein-schuelerlabor-in-halle-um-seine-zukunft-kaempft-stellvertretender-gruenen-chef-zu-gast-im-salinetechnikum-du-bist-halle","status":"publish","type":"post","link":"https:\/\/www.europesays.com\/de\/370713\/","title":{"rendered":"Wie ein Sch\u00fclerlabor in Halle um seine Zukunft k\u00e4mpft \u2013 stellvertretender Gr\u00fcnen-Chef zu Gast im Salinetechnikum \u2013 Du bist Halle"},"content":{"rendered":"<p>Die Gr\u00fcnen wollen in Ostdeutschland Boden gutmachen. Das ist kein Geheimnis \u2013 und erst recht nicht f\u00fcr Heiko Knopf. Der stellvertretende Bundesvorsitzende der Partei tourt derzeit durch Sachsen-Anhalt. In Jena geboren, bringt er nach eigener Aussage \u201edie Ostperspektive mit\u201c \u2013 und sucht den Kontakt zu Projekten, die im Alltag oft \u00fcbersehen werden. Eines davon ist das Salinetechnikum in Halle: ein Sch\u00fclerlabor, das f\u00fcr moderne technische Bildung steht \u2013 aber jedes Jahr um seine Zukunft bangen muss.<\/p>\n<p><strong>Bildung unter Vorbehalt<\/strong><\/p>\n<p>Im Salinetechnikum basteln Sch\u00fcler an 3D-Druckern, experimentieren mit Lasercuttern oder erkunden chemische Prozesse \u2013 ein au\u00dferschulischer Lernort, der f\u00fcr viele Kinder der erste echte Kontakt mit technischer Bildung ist. Und doch fehlt eine verl\u00e4ssliche institutionelle F\u00f6rderung. Jahr f\u00fcr Jahr wird auf neue Projektmittel gehofft \u2013 oder gef\u00fcrchtet. \u201eWir wissen nie, wie es im kommenden Jahr weitergeht\u201c, sagt Projektleiterin Inga Schlesier.<\/p>\n<p>Die Ursachen f\u00fcr die Unsicherheit sind vielschichtig. Seit der Wende, so Schlesier, seien Sch\u00fclerlabore in der Bildungsplanung schlicht nicht mitgedacht worden. \u201eDabei br\u00e4uchten wir in Sachsen-Anhalt viel mehr davon\u201c, betont sie. Auch Knopf sieht Land und Kommune in der Verantwortung \u2013 doch bislang fehlt es an konkreter Unterst\u00fctzung.<\/p>\n<p><strong>Kein Platz im Koalitionsvertrag<\/strong><\/p>\n<p>Das Bildungsministerium des Landes verweist auf den Koalitionsvertrag: Sch\u00fclerlabore seien dort nicht vorgesehen, daher gebe es keine gezielten F\u00f6rderprogramme. F\u00fcr Schlesier ein unhaltbarer Zustand, gerade angesichts des eklatanten Lehrermangels. \u201eWir sind aus der modernen Bildung nicht mehr wegzudenken.\u201c<\/p>\n<p>Gerade einmal eine halbe Unterrichtsstunde Technik pro Woche steht F\u00fcnftkl\u00e4sslern in Sachsen-Anhalt zur Verf\u00fcgung \u2013 in h\u00f6heren Klassen ist es eine. F\u00fcr Elke Hartmann, emeritierte Professorin und Gr\u00fcnderin des Salinetechnikums, ein Armutszeugnis. \u201eDas Land hat wenig Interesse an technischer Bildung. Technikunterricht ist teuer \u2013 und da will die Politik lieber nicht ran.\u201c Doch: \u201eTechnik begreift man nur, wenn man sie anfassen kann.\u201c<\/p>\n<p><img decoding=\"async\" loading=\"lazy\" width=\"1200\" height=\"675\" src=\"https:\/\/www.europesays.com\/de\/wp-content\/uploads\/2025\/08\/WhatsApp-Image-2025-08-25-at-01.06.18-1200x675.jpeg\" alt=\"\" class=\"wp-image-325591\"  \/><\/p>\n<p><strong>Praktikanten und Ehrenamt statt Vollzeit-Team<\/strong><\/p>\n<p>Gerade einmal zwei hauptamtliche Kr\u00e4fte \u2013 beide in Teilzeit \u2013 stemmen den Betrieb. Unterst\u00fctzt werden sie von etwa 30 Ehrenamtlichen sowie einigen Lehramtsstudierenden, die hier ihre Praktika absolvieren. Doch auch das ist nicht fl\u00e4chendeckend: Nicht alle Studieng\u00e4nge \u2013 darunter ausgerechnet Mathematik \u2013 sind dabei eingebunden.<\/p>\n<p>Ein Lichtblick: K\u00fcrzlich wurde mit dem Landesinstitut f\u00fcr Schulqualit\u00e4t und Lehrerbildung (LISA) ein Digitallabor auf den Weg gebracht. Mit mobilen Ger\u00e4tschaften wie 3D-Druckern k\u00f6nnen nun auch Schulen direkt vor Ort erreicht werden. Doch auch das reicht nicht aus, um fl\u00e4chendeckend Technikinteresse zu wecken.<\/p>\n<p><strong>Private Spenden \u2013 klein, aber wichtig<\/strong><\/p>\n<p>Knopf zeigte sich bei seinem Besuch interessiert am Engagement von Unternehmen. Doch gro\u00dfe Konzerne halten sich zur\u00fcck. \u201eDie Mutterunternehmen haben hier nicht ihren Sitz\u201c, erkl\u00e4rt Schlesier. Spenden kommen \u00fcberwiegend von kleinen und mittelst\u00e4ndischen Betrieben \u2013 meist im dreistelligen oder niedrigen vierstelligen Bereich. Gro\u00dfe Konzerne beteiligen sich gelegentlich \u2013 allerdings oft nur mit ausrangierter Technik.<\/p>\n<p><strong>Soziale Schieflage bei der Teilnahme<\/strong><\/p>\n<p>Das Salinetechnikum ist zentral gelegen, zwischen Alt- und Neustadt, auf dem historischen Gel\u00e4nde der Saline. Trotzdem findet nicht jedes Kind den Weg dorthin. \u201eKinder aus bildungsfernen Familien kommen selten von allein \u2013 da fehlt oft der famili\u00e4re R\u00fcckhalt\u201c, sagt Schlesier. Schulen seien der wichtigste Zugang. Kinder aus akademischen Haushalten h\u00e4tten dagegen h\u00e4ufig elterliche Unterst\u00fctzung \u2013 und kommen regelm\u00e4\u00dfig.<\/p>\n<p><strong>12 Prozent ohne Abschluss \u2013 ein strukturelles Problem<\/strong><\/p>\n<p>Die Probleme sind gr\u00f6\u00dfer als ein einzelnes Sch\u00fclerlabor. In Sachsen-Anhalt verl\u00e4sst rund jeder achte Sch\u00fcler die Schule ohne Abschluss. Weitere 12 Prozent brechen ihre Ausbildung ab. Schlesier spricht von einem \u201estrukturellen Notstand\u201c. Technische Bildung, so ihre \u00dcberzeugung, k\u00f6nne ein Schl\u00fcssel zur Wende sein \u2013 wenn man sie denn ernst n\u00e4hme.<\/p>\n<p><strong>Unklare Zukunft auch beim Standort<\/strong><\/p>\n<p>Auch r\u00e4umlich ist das Salinetechnikum nur provisorisch untergebracht \u2013 im Obergeschoss eines Kaufhauses. Urspr\u00fcnglich war das Sch\u00fclerlabor Teil des Technischen Halloren- und Salinemuseums, das jedoch saniert werden muss. Ein Stadtratsbeschluss sieht eine R\u00fcckkehr vor \u2013 doch der Umbau stockt, das Geld fehlt.<\/p>\n<p><strong>Was bleibt?<\/strong><\/p>\n<p>Heiko Knopf appelliert an L\u00e4nder, Kommunen und auch die Wirtschaft. Bildung, besonders technische, sei ein Gemeinschaftsprojekt. Doch solange Sch\u00fclerlabore wie das Salinetechnikum auf Projektbasis ums \u00dcberleben k\u00e4mpfen m\u00fcssen, bleibt es bei einem Appell. Die Herausforderungen sind bekannt \u2013 nun m\u00fcssten Taten folgen.<\/p>\n","protected":false},"excerpt":{"rendered":"Die Gr\u00fcnen wollen in Ostdeutschland Boden gutmachen. Das ist kein Geheimnis \u2013 und erst recht nicht f\u00fcr Heiko&hellip;\n","protected":false},"author":2,"featured_media":370714,"comment_status":"","ping_status":"","sticky":false,"template":"","format":"standard","meta":{"footnotes":""},"categories":[1860],"tags":[3364,29,548,663,3934,30,4062,17332,13,14,15,17331,860,12],"class_list":{"0":"post-370713","1":"post","2":"type-post","3":"status-publish","4":"format-standard","5":"has-post-thumbnail","7":"category-halle-saale","8":"tag-de","9":"tag-deutschland","10":"tag-eu","11":"tag-europa","12":"tag-europe","13":"tag-germany","14":"tag-halle","15":"tag-halle-saale","16":"tag-headlines","17":"tag-nachrichten","18":"tag-news","19":"tag-saale","20":"tag-sachsen-anhalt","21":"tag-schlagzeilen"},"share_on_mastodon":{"url":"https:\/\/pubeurope.com\/@de\/115086640312488022","error":""},"_links":{"self":[{"href":"https:\/\/www.europesays.com\/de\/wp-json\/wp\/v2\/posts\/370713","targetHints":{"allow":["GET"]}}],"collection":[{"href":"https:\/\/www.europesays.com\/de\/wp-json\/wp\/v2\/posts"}],"about":[{"href":"https:\/\/www.europesays.com\/de\/wp-json\/wp\/v2\/types\/post"}],"author":[{"embeddable":true,"href":"https:\/\/www.europesays.com\/de\/wp-json\/wp\/v2\/users\/2"}],"replies":[{"embeddable":true,"href":"https:\/\/www.europesays.com\/de\/wp-json\/wp\/v2\/comments?post=370713"}],"version-history":[{"count":0,"href":"https:\/\/www.europesays.com\/de\/wp-json\/wp\/v2\/posts\/370713\/revisions"}],"wp:featuredmedia":[{"embeddable":true,"href":"https:\/\/www.europesays.com\/de\/wp-json\/wp\/v2\/media\/370714"}],"wp:attachment":[{"href":"https:\/\/www.europesays.com\/de\/wp-json\/wp\/v2\/media?parent=370713"}],"wp:term":[{"taxonomy":"category","embeddable":true,"href":"https:\/\/www.europesays.com\/de\/wp-json\/wp\/v2\/categories?post=370713"},{"taxonomy":"post_tag","embeddable":true,"href":"https:\/\/www.europesays.com\/de\/wp-json\/wp\/v2\/tags?post=370713"}],"curies":[{"name":"wp","href":"https:\/\/api.w.org\/{rel}","templated":true}]}}