{"id":370914,"date":"2025-08-25T02:40:38","date_gmt":"2025-08-25T02:40:38","guid":{"rendered":"https:\/\/www.europesays.com\/de\/370914\/"},"modified":"2025-08-25T02:40:38","modified_gmt":"2025-08-25T02:40:38","slug":"3-liga-aufsteiger-duisburg-und-hoffenheim-ii-vorne","status":"publish","type":"post","link":"https:\/\/www.europesays.com\/de\/370914\/","title":{"rendered":"3. Liga: Aufsteiger Duisburg und Hoffenheim II vorne"},"content":{"rendered":"<p>Die Aufsteiger <a href=\"https:\/\/onefootball.com\/de\/team\/msv-duisburg-175\" rel=\"nofollow noopener\" target=\"_blank\">MSV Duisburg<\/a> und TSG Hoffenheim II mischen weiter die 3. Fu\u00dfball-Liga auf. Die Zebras gewannen beim 2:1 (1:0) gegen den SSV Ulm in Unterzahl auch ihr drittes Saisonspiel und liegen mit neun Punkten vor der Zweitvertretung der TSG, die Energie Cottbus 4:1 (3:0) nach Hause schickte. Den Duisburger Sieg sicherte Thilo T\u00f6pken (90.+3) kurz vor Schluss. Nach der Gelb-Roten Karte gegen Dennis Borkowski (45.+2) spielte der MSV eine Halbzeit lang mit zehn Spielern, kassierte den Ausgleich \u2013 und gewann doch noch. Erster Verfolger in der Tabelle sind mit sieben Z\u00e4hlern die von Stefan Kleineheismann trainierten Hoffenheimer, die sich vor der Saison unter anderem mit Influencer Nader El-Jindaoui verst\u00e4rkt hatten. El-Jindaoui, der vergangene Saison f\u00fcr die zweite Mannschaft von US-Meister LA Galaxy aufgelaufen war, wurde in der 78. Minute eingewechselt. F\u00fcr Cottbus war es eine Woche nach dem Sieg im DFB-Pokal gegen Zweitligist Hannover 96 die erste Niederlage der Saison.<\/p>\n<p>Ebenfalls sieben Punkte gesammelt hat 1860 M\u00fcnchen. Die L\u00f6wen gewannen das Duell zweier Traditionsklubs bei Alemannia Aachen 2:0 (0:0). Patrick Hobsch (89.) und David Philipp (90.+1) trafen vor 27.000 Fans am Tivoli in \u00dcberzahl erst sp\u00e4t. Aachens Gianluca Gaudino hatte zuvor die Gelb-Rote Karte (64.) gesehen. Am anderen Ende der Tabelle steht Aufsteiger 1. FC Schweinfurt 05 nach einem 0:3 (0:1) bei Jahn Regensburg als einziger Drittligist noch ohne Punkt da. Seinen ersten Saisonsieg holte der VfL Osnabr\u00fcck beim 2:0 (0:0) gegen den 1. FC Saarbr\u00fccken. Der <a href=\"https:\/\/www.feverpitch.de\/verein\/vfb-stuttgart\/\" target=\"_blank\" rel=\"noreferrer nofollow noopener\">VfB Stuttgart<\/a> II und der SC Verl trennten sich 1:1 (1:1).<\/p>\n<p>Foto\u00a0\u00a0\u00a9\u00a0 IMAGO \/ Eibner\/SID\/Eibner-Pressefoto\/J. Derondeau<\/p>\n","protected":false},"excerpt":{"rendered":"Die Aufsteiger MSV Duisburg und TSG Hoffenheim II mischen weiter die 3. Fu\u00dfball-Liga auf. Die Zebras gewannen beim&hellip;\n","protected":false},"author":2,"featured_media":370915,"comment_status":"","ping_status":"","sticky":false,"template":"","format":"standard","meta":{"footnotes":""},"categories":[1838],"tags":[3364,29,3715,30,1209],"class_list":{"0":"post-370914","1":"post","2":"type-post","3":"status-publish","4":"format-standard","5":"has-post-thumbnail","7":"category-duisburg","8":"tag-de","9":"tag-deutschland","10":"tag-duisburg","11":"tag-germany","12":"tag-nordrhein-westfalen"},"share_on_mastodon":{"url":"https:\/\/pubeurope.com\/@de\/115087096328789017","error":""},"_links":{"self":[{"href":"https:\/\/www.europesays.com\/de\/wp-json\/wp\/v2\/posts\/370914","targetHints":{"allow":["GET"]}}],"collection":[{"href":"https:\/\/www.europesays.com\/de\/wp-json\/wp\/v2\/posts"}],"about":[{"href":"https:\/\/www.europesays.com\/de\/wp-json\/wp\/v2\/types\/post"}],"author":[{"embeddable":true,"href":"https:\/\/www.europesays.com\/de\/wp-json\/wp\/v2\/users\/2"}],"replies":[{"embeddable":true,"href":"https:\/\/www.europesays.com\/de\/wp-json\/wp\/v2\/comments?post=370914"}],"version-history":[{"count":0,"href":"https:\/\/www.europesays.com\/de\/wp-json\/wp\/v2\/posts\/370914\/revisions"}],"wp:featuredmedia":[{"embeddable":true,"href":"https:\/\/www.europesays.com\/de\/wp-json\/wp\/v2\/media\/370915"}],"wp:attachment":[{"href":"https:\/\/www.europesays.com\/de\/wp-json\/wp\/v2\/media?parent=370914"}],"wp:term":[{"taxonomy":"category","embeddable":true,"href":"https:\/\/www.europesays.com\/de\/wp-json\/wp\/v2\/categories?post=370914"},{"taxonomy":"post_tag","embeddable":true,"href":"https:\/\/www.europesays.com\/de\/wp-json\/wp\/v2\/tags?post=370914"}],"curies":[{"name":"wp","href":"https:\/\/api.w.org\/{rel}","templated":true}]}}