{"id":370988,"date":"2025-08-25T03:28:12","date_gmt":"2025-08-25T03:28:12","guid":{"rendered":"https:\/\/www.europesays.com\/de\/370988\/"},"modified":"2025-08-25T03:28:12","modified_gmt":"2025-08-25T03:28:12","slug":"was-sich-jetzt-fuer-kunden-aendert","status":"publish","type":"post","link":"https:\/\/www.europesays.com\/de\/370988\/","title":{"rendered":"Was sich jetzt f\u00fcr Kunden \u00e4ndert"},"content":{"rendered":"<ol class=\"id-DonaldBreadcrumb lp_west_breadcrumb id-DonaldBreadcrumb--default\" data-k5a-pos=\"west_breadcrumb\">\n<li class=\"id-Breadcrumb-item\"><a href=\"https:\/\/www.hna.de\/\" class=\"id-Breadcrumb-link\" data-id-ec=\"{\" shn=\"\" textlink=\"\" data-k5a-pos=\"1_startseite\" rel=\"nofollow noopener\" target=\"_blank\">Startseite<\/a><\/li>\n<li class=\"id-Breadcrumb-item\"><a href=\"https:\/\/www.hna.de\/verbraucher\/\" class=\"id-Breadcrumb-link\" data-id-ec=\"{\" shn=\"\" textlink=\"\" data-k5a-pos=\"2_verbraucher\" rel=\"nofollow noopener\" target=\"_blank\">Verbraucher<\/a><\/li>\n<\/ol>\n<p class=\"id-Story-timestamp id-Story-timestamp--default\">Stand: 25.08.2025, 04:47 Uhr<\/p>\n<p class=\"id-Story-authors id-Story-authors--default\">Von: <a class=\"id-Story-authors-link lp_west_author\" href=\"https:\/\/www.hna.de\/autor\/karolin-schaefer-4v5ocitbo.html\" title=\"Zur Autorenseite von Karolin Schaefer\" data-id-ec=\"{\" shn=\"\" author-link=\"\" schaefer=\"\" data-k5a-pos=\"west_author\" rel=\"nofollow noopener\" target=\"_blank\">Karolin Schaefer<\/a><\/p>\n<p class=\"id-Story-interactionBar id-Story-interactionBar--default\">DruckenTeilen<\/p>\n<p class=\"id-StoryElement-leadText\">Rossmann richtet sich bei Gesundheitsprodukten aktuell neu aus. Auch die Drogeriem\u00e4rkte dm und M\u00fcller arbeiten an gro\u00dfen Umstellungen.<\/p>\n<p class=\"id-StoryElement-paragraph\">Kassel \u2013 Die Drogerie-Kette Rossmann vollzieht eine strategische Kehrtwende bei ihren Gesundheitsprodukten. Nach Jahren der separaten Pr\u00e4sentation unter der Dachmarke \u201eGesundheit Plus\u201c werden Vitamine, Hustensaft und andere apothekenexklusive Medikamente k\u00fcnftig direkt ins regul\u00e4re Sortiment eingegliedert.<\/p>\n<p><img decoding=\"async\" class=\"id-RatioPlaceholder-element wv_story_el_image\" src=\"https:\/\/www.europesays.com\/de\/wp-content\/uploads\/2025\/08\/39419201-rossmann-strukturiert-seinen-gesundheitsbereich-um-2q17ya8vT3fe.jpg\" loading=\"lazy\"   height=\"619\" width=\"1100\" alt=\"Rossmann strukturiert seinen Gesundheitsbereich um.\"\/>Rossmann strukturiert seinen Gesundheitsbereich um. \u00a9\u00a0Philipp Schmidli\/dpa<\/p>\n<p class=\"id-StoryElement-paragraph\">Eine Pressevertreterin best\u00e4tigte bei <a href=\"https:\/\/www.ippen.media\/\" rel=\"nofollow noopener\" target=\"_blank\" class=\"id-import-Link id-pageApi-Link--externalDomain\" data-id-ec=\"{&quot;sht&quot;:&quot;Container&quot;,&quot;shn&quot;:&quot;Story&quot;,&quot;p&quot;:{&quot;containerType&quot;:&quot;Paragraph&quot;,&quot;displayType&quot;:&quot;Paragraph InlineLink&quot;,&quot;type&quot;:&quot;INLINE_LINK&quot;,&quot;value&quot;:&quot;IPPEN.MEDIA&quot;,&quot;variant&quot;:&quot;standardLink&quot;,&quot;sponsored&quot;:false,&quot;linkHref&quot;:&quot;https:\/\/www.ippen.media\/&quot;,&quot;storyElementPosition&quot;:11,&quot;storyElementCount&quot;:21}}\">IPPEN.MEDIA<\/a> die grundlegende \u00c4nderung: \u201eDie Gesundheit Plus-Artikel werden nicht mehr separat platziert, sondern in das normale Layout integriert.\u201c Diese Entscheidung markiert das Ende einer langj\u00e4hrigen Marketingstrategie, bei der Nahrungserg\u00e4nzungsmittel und Pr\u00e4parate in eigenen Regalbereichen beworben wurden.<\/p>\n<p>Rossmann beendet separate Gesundheit Plus-Strategie<\/p>\n<p class=\"id-StoryElement-paragraph\">Wie das Branchenportal Apotheke Adhoc berichtet, plant Rossmann verschiedene Farbhinterlegungen am Gesundheitsregal. Gro\u00dfe Einschnitte muss die Kundschaft aber nicht bef\u00fcrchten. \u201eF\u00fcr Verbraucherinnen und Verbraucher \u00e4ndert sich bis auf die Neupositionierung also nichts\u201c, so die Sprecherin zu unserer Redaktion.<\/p>\n<p class=\"id-StoryElement-paragraph\">Warum sich Rossmann f\u00fcr die \u00c4nderung entschied, ist unklar. \u201eWir bitten um Nachsicht, dass wir uns allerdings zu den weiteren wettbewerbsrelevanten Fragen nicht weiter \u00e4u\u00dfern\u201c, sagte ein Sprecher zu Apotheke Adhoc. In einem <a href=\"https:\/\/unternehmen.rossmann.de\/fileadmin\/user_upload\/02_ueber_uns\/geschaeftszahlen\/ROSSMANN_Geschaeftsentwicklung_2024_und_Ausblick_2025_01.pdf\" rel=\"nofollow noopener\" target=\"_blank\" class=\"id-import-Link id-pageApi-Link--externalDomain\" data-id-ec=\"{&quot;sht&quot;:&quot;Container&quot;,&quot;shn&quot;:&quot;Story&quot;,&quot;p&quot;:{&quot;containerType&quot;:&quot;Paragraph&quot;,&quot;displayType&quot;:&quot;Paragraph InlineLink&quot;,&quot;type&quot;:&quot;INLINE_LINK&quot;,&quot;value&quot;:&quot;Ausblick f&#xFC;r 2025&quot;,&quot;variant&quot;:&quot;standardLink&quot;,&quot;sponsored&quot;:false,&quot;linkHref&quot;:&quot;https:\/\/unternehmen.rossmann.de\/fileadmin\/user_upload\/02_ueber_uns\/geschaeftszahlen\/ROSSMANN_Geschaeftsentwicklung_2024_und_Ausblick_2025_01.pdf&quot;,&quot;storyElementPosition&quot;:15,&quot;storyElementCount&quot;:21}}\">Ausblick f\u00fcr 2025<\/a> hei\u00dft es, Rossmann investiert 2025 insgesamt 113 Millionen Euro in die Modernisierung und Ausstattung seiner Filialen. Zahlreiche <a href=\"https:\/\/www.hna.de\/verbraucher\/drogeriekette-plant-evolution-rossmann-filialen-mit-gleich-mehreren-aenderungen-93691946.html\" class=\"id-import-Link\" data-id-ec=\"{&quot;sht&quot;:&quot;Container&quot;,&quot;shn&quot;:&quot;Story&quot;,&quot;p&quot;:{&quot;containerType&quot;:&quot;Paragraph&quot;,&quot;displayType&quot;:&quot;Paragraph InlineLink&quot;,&quot;type&quot;:&quot;INLINE_LINK&quot;,&quot;value&quot;:&quot;Standorte sollen ein neues Erscheinungsbild&quot;,&quot;variant&quot;:&quot;standardLink&quot;,&quot;sponsored&quot;:false,&quot;linkHref&quot;:&quot;https:\/\/www.hna.de\/verbraucher\/drogeriekette-plant-evolution-rossmann-filialen-mit-gleich-mehreren-aenderungen-93691946.html&quot;,&quot;storyElementPosition&quot;:15,&quot;storyElementCount&quot;:21}}\" rel=\"nofollow noopener\" target=\"_blank\">Standorte sollen ein neues Erscheinungsbild<\/a> erhalten.<\/p>\n<p>Das sind die gr\u00f6\u00dften Superm\u00e4rkte, Discounter und Drogerien Deutschlands<img decoding=\"async\" class=\"id-RatioPlaceholder-element wv_story_el_interstitialImage\" src=\"https:\/\/www.europesays.com\/de\/wp-content\/uploads\/2025\/05\/37754633-rewe-dm-und-aldi-filiale-1qfe.jpg\" loading=\"lazy\"   height=\"1350\" width=\"2400\" alt=\"Rewe, dm und Aldi Filiale\"\/><a href=\"https:\/\/www.hna.de\/verbraucher\/deutschlands-das-sind-groessten-supermaerkte-discounter-und-drogerien-zr-93685026.html\" class=\"id-StoryElement-intestitialLink-link\" data-id-ec=\"{\" shn=\"\" ansehen=\"\" data-k5a-pos=\"west_story_16_photoGalleryLink\" title=\"Zur Fotostrecke: Das sind die gr&#xF6;&#xDF;ten Superm&#xE4;rkte, Discounter und Drogerien Deutschlands\" rel=\"nofollow noopener\" target=\"_blank\">Fotostrecke ansehen<\/a>Neben Rossmann \u00e4ndern auch M\u00fcller und dm ihre Gesundheitsstrategie<\/p>\n<p class=\"id-StoryElement-paragraph\">Die Handelskette M\u00fcller verst\u00e4rkt ebenfalls ihre Aktivit\u00e4ten im Gesundheitssegment. In Augsburg, Freiburg und L\u00f6rrach entstehen neue Pilotfl\u00e4chen f\u00fcr Apothekenkosmetik, Naturheilkunde und Nahrungserg\u00e4nzung. \u201eWir schaffen einen Raum, der Menschen abholt, st\u00e4rkt und begleitet\u201c, erkl\u00e4rte Elke Menold, Mitglied der Gesch\u00e4ftsleitung, in einer Mitteilung.<\/p>\n<p class=\"id-StoryElement-paragraph\">Auch Marktf\u00fchrer dm krempelt seine Gesundheitsstrategie um. Das Unternehmen erweitert sein Gesundheitsangebot, beispielsweise durch neue Selbsttests mit Laboranalyse der Eigenmarke \u201eMivolis\u201c. Auf der Webseite hei\u00dft es: \u201eDie Tests k\u00f6nnen zuhause durchgef\u00fchrt werden und das medizinische Labor sorgt anschlie\u00dfend f\u00fcr das pr\u00e4zise Ergebnis.\u201c Kunden k\u00f6nnen damit etwa einen Vitamin-D-Mangel \u00fcberpr\u00fcfen lassen. Zus\u00e4tzlich <a href=\"https:\/\/www.hna.de\/verbraucher\/dm-startet-offensive-grosse-neuerung-aktuell-bereits-in-der-testphase-93887325.html\" class=\"id-import-Link\" data-id-ec=\"{&quot;sht&quot;:&quot;Container&quot;,&quot;shn&quot;:&quot;Story&quot;,&quot;p&quot;:{&quot;containerType&quot;:&quot;Paragraph&quot;,&quot;displayType&quot;:&quot;Paragraph InlineLink&quot;,&quot;type&quot;:&quot;INLINE_LINK&quot;,&quot;value&quot;:&quot;arbeitet dm an einer eigenen Online-Apotheke&quot;,&quot;variant&quot;:&quot;standardLink&quot;,&quot;sponsored&quot;:false,&quot;linkHref&quot;:&quot;https:\/\/www.hna.de\/verbraucher\/dm-startet-offensive-grosse-neuerung-aktuell-bereits-in-der-testphase-93887325.html&quot;,&quot;storyElementPosition&quot;:21,&quot;storyElementCount&quot;:21}}\" rel=\"nofollow noopener\" target=\"_blank\">arbeitet dm an einer eigenen Online-Apotheke<\/a>. (kas)<\/p>\n","protected":false},"excerpt":{"rendered":"Startseite Verbraucher Stand: 25.08.2025, 04:47 Uhr Von: Karolin Schaefer DruckenTeilen Rossmann richtet sich bei Gesundheitsprodukten aktuell neu aus.&hellip;\n","protected":false},"author":2,"featured_media":370989,"comment_status":"","ping_status":"","sticky":false,"template":"","format":"standard","meta":{"footnotes":""},"categories":[134],"tags":[175,170,169,29,30,171,174,173,172],"class_list":{"0":"post-370988","1":"post","2":"type-post","3":"status-publish","4":"format-standard","5":"has-post-thumbnail","7":"category-unternehmen-maerkte","8":"tag-business","9":"tag-companies","10":"tag-companies-markets","11":"tag-deutschland","12":"tag-germany","13":"tag-markets","14":"tag-maerkte","15":"tag-unternehmen","16":"tag-unternehmen-maerkte"},"share_on_mastodon":{"url":"https:\/\/pubeurope.com\/@de\/115087285461241103","error":""},"_links":{"self":[{"href":"https:\/\/www.europesays.com\/de\/wp-json\/wp\/v2\/posts\/370988","targetHints":{"allow":["GET"]}}],"collection":[{"href":"https:\/\/www.europesays.com\/de\/wp-json\/wp\/v2\/posts"}],"about":[{"href":"https:\/\/www.europesays.com\/de\/wp-json\/wp\/v2\/types\/post"}],"author":[{"embeddable":true,"href":"https:\/\/www.europesays.com\/de\/wp-json\/wp\/v2\/users\/2"}],"replies":[{"embeddable":true,"href":"https:\/\/www.europesays.com\/de\/wp-json\/wp\/v2\/comments?post=370988"}],"version-history":[{"count":0,"href":"https:\/\/www.europesays.com\/de\/wp-json\/wp\/v2\/posts\/370988\/revisions"}],"wp:featuredmedia":[{"embeddable":true,"href":"https:\/\/www.europesays.com\/de\/wp-json\/wp\/v2\/media\/370989"}],"wp:attachment":[{"href":"https:\/\/www.europesays.com\/de\/wp-json\/wp\/v2\/media?parent=370988"}],"wp:term":[{"taxonomy":"category","embeddable":true,"href":"https:\/\/www.europesays.com\/de\/wp-json\/wp\/v2\/categories?post=370988"},{"taxonomy":"post_tag","embeddable":true,"href":"https:\/\/www.europesays.com\/de\/wp-json\/wp\/v2\/tags?post=370988"}],"curies":[{"name":"wp","href":"https:\/\/api.w.org\/{rel}","templated":true}]}}