{"id":371000,"date":"2025-08-25T03:34:23","date_gmt":"2025-08-25T03:34:23","guid":{"rendered":"https:\/\/www.europesays.com\/de\/371000\/"},"modified":"2025-08-25T03:34:23","modified_gmt":"2025-08-25T03:34:23","slug":"was-jetzt-auf-der-sparliste-der-stadt-kiel-steht","status":"publish","type":"post","link":"https:\/\/www.europesays.com\/de\/371000\/","title":{"rendered":"Was jetzt auf der Sparliste der Stadt Kiel steht"},"content":{"rendered":"<p>5in5 Kiel<\/p>\n<p>Haushaltsloch: Was nun auf der Sparliste der Stadt steht + Warum ehemalige Krebspatienten 550 Kilometer radelten + Bedr\u00fcckte Stimmung auf Ukraine-Demo<\/p>\n<p>Anh\u00f6renApp \u00f6ffnen<\/p>\n<p>Guten Morgen!<\/p>\n<p class=\"Textstyled__Text-sc-1cqv9mi-0 cLyiiX\">Kiel. Wenn das Budget knapp und sparen angesagt ist, muss man sich meist von liebgewonnenen Gewohnheiten trennen. Das ist in privaten Haushalten nicht anders als bei einer Stadt \u2013 und Kiel steht 2026 bekanntlich vor einem enormen Haushaltsloch. Deshalb soll sich die Stadtpr\u00e4sidentin nun von ihrem eigenen Dienstwagen mit Fahrer trennen und sich stattdessen k\u00fcnftig ein Auto mit dem Oberb\u00fcrgermeister teilen. Die Sparma\u00dfnahmen werden sich aber wohl nicht nur auf die Fortbewegungsmittel der Stadtspitze auswirken: Auch die B\u00fcrgerinnen und B\u00fcrger m\u00fcssen sich m\u00f6glicherweise auf h\u00f6here Preise im Bus und am Parkautomaten einstellen.<\/p>\n<p>Weiterlesen nach der Anzeige<\/p>\n<p>Weiterlesen nach der Anzeige<\/p>\n<p class=\"Textstyled__Text-sc-1cqv9mi-0 cLyiiX\">Mit diesen f\u00fcnf Themen sind Sie bestens informiert f\u00fcr Ihren Montag in Kiel.<\/p>\n<p><img loading=\"lazy\" decoding=\"async\" width=\"35\" height=\"35\" src=\"https:\/\/www.europesays.com\/de\/wp-content\/uploads\/2025\/07\/1-cobalt.png\" alt=\"icon\"\/>Sparzwang: Dienstwagen der Stadtpr\u00e4sidentin steht auf der Kippe<\/p>\n<p>Darum geht es: Die Stadt Kiel spart an allen Ecken und Enden: Auf der 140 Punkte umfassenden Streichliste f\u00fcr den Haushalt 2026 steht nun sogar der Dienstwagen von Stadtpr\u00e4sidentin Bettina Aust (Gr\u00fcne).<\/p>\n<p>Deshalb ist es wichtig: In Kiels Stadtkasse tun sich immer gr\u00f6\u00dfere L\u00f6cher auf. 2026 rechnet K\u00e4mmerer Christian Zierau (parteilos) mit einem Defizit von mehr als 100 Millionen Euro. Die n\u00f6tigen Sparma\u00dfnahmen k\u00f6nnten viele Folgen f\u00fcr Kielerinnen und Kieler haben \u2013 zum Beispiel k\u00f6nnten Bustickets teurer werden oder die Parkgeb\u00fchren steigen.<\/p>\n<p>So geht es weiter: Im September beginnen die Haushaltsberatungen der Ratsfraktionen. Dort macht bereits ein weiterer Vorschlag die Runde: Das Dezernat f\u00fcr Bildung, Jugend und Kultur k\u00f6nnte eingespart werden, wenn dessen Chefin Renate Treutel (Gr\u00fcne) im April 2026 in den Ruhestand geht.<\/p>\n<p>Weiterlesen nach der Anzeige<\/p>\n<p>Weiterlesen nach der Anzeige<\/p>\n<p><img loading=\"lazy\" decoding=\"async\" width=\"35\" height=\"35\" src=\"https:\/\/www.europesays.com\/de\/wp-content\/uploads\/2025\/07\/2-cobalt.png\" alt=\"icon\"\/>Geld f\u00fcr Ferienprogramm soll gestrichen werden <\/p>\n<p>Das ist passiert: Das Ferienprogramm \u201eSommer im Blaupark\u201c wurde bisher mit 25.000 Euro von der Stadt Kiel gef\u00f6rdert. Wegen der knappen Stadtkasse will die SPD-Fraktion das Projekt aber nicht erneut beantragen. Damit droht der Ferienspa\u00df in Kiel-Gaarden im kommenden Jahr auszufallen. <\/p>\n<p>Darum ist es wichtig: In dem Stadtteil leben viele kinderreiche Familien. Oftmals k\u00f6nnen sie es sich nicht leisten, zu verreisen. Mit dem Ferienprogramm haben die Kinder trotzdem eine sch\u00f6ne Zeit und probieren sich in mehreren Hobbys aus. <\/p>\n<p>So geht es weiter: Sportpark-Koordinatorin Julia Alkasi und Ratsherr Nesimi Temel setzen sich daf\u00fcr ein, dass das Programm weiterhin durch die Stadt gef\u00f6rdert wird. Wenn nicht, werden die n\u00e4chsten Ferien langweilig, bef\u00fcrchten die Kinder. <\/p>\n<p><img loading=\"lazy\" decoding=\"async\" width=\"35\" height=\"35\" src=\"https:\/\/www.europesays.com\/de\/wp-content\/uploads\/2025\/07\/3-cobalt.png\" alt=\"icon\"\/>Junge Mutmacher: Ehemalige Krebspatienten fuhren 550 Kilometer mit dem Rad<\/p>\n<p>Darum geht es: Um Kindern und Jugendlichen mit Krebs Mut zu machen, haben 50 Menschen, die die Krankheit \u00fcberlebt haben, mit dem Rad eine sogenannte \u201eRegenbogenfahrt\u201c von Hannover nach Kiel gemacht. Auf den 550 Kilometern haben sie an kinderonkologischen Zentren Halt gemacht und sich dort mit Patienten und deren Eltern ausgetauscht. <\/p>\n<p>Darum ist es wichtig: Am UKSH in Kiel werden 100 neu an Krebs erkrankte Kinder pro Jahr behandelt. Die Aktion der Deutschen Kinderkrebsstiftung soll Betroffenen zeigen, dass eine Erkrankung im Kindes- und Jugendalter \u00fcberwindbar sein kann.<\/p>\n<p>Das Besondere: \u201eSo geballt zu sehen, dass andere Patienten das \u00fcberlebt haben und jetzt Mitten im Leben stehen\u201d, das sei ein unglaublich wichtiges Zeichen, sagt Hannah. Die 30-J\u00e4hrige war selbst in Kiel in Behandlung und hat die Fahrt mit organisiert.<\/p>\n<p><img loading=\"lazy\" decoding=\"async\" width=\"35\" height=\"35\" src=\"https:\/\/www.europesays.com\/de\/wp-content\/uploads\/2025\/07\/4-cobalt.png\" alt=\"icon\"\/>Bedr\u00fcckte Stimmung unter Ukrainern am Unabh\u00e4ngigkeitstag <\/p>\n<p>Das ist passiert: In Kiel kamen am Sonntag mehrere Hundert Menschen aus der Ukraine zusammen. Sie feierten den 34. Jahrestag der Unabh\u00e4ngigkeitserkl\u00e4rung ihres Landes \u2013 und demonstrierten gegen den russischen Angriffskrieg. <\/p>\n<p>Darum ist das wichtig: Bundeskanzler Friedrich Merz (CDU) hat zum Unabh\u00e4ngigkeitstag der Ukraine die fortw\u00e4hrende Unterst\u00fctzung Deutschlands bei der Abwehr des russischen Angriffskrieges unterstrichen. Nach dem j\u00fcngsten Trump-Putin-Gipfel in Alaska ist die Hoffnung auf einen baldigen Frieden unter vielen Ukrainern wieder verflogen. Die Angriffe der Russen auf ihre Heimat macht den in Kiel lebenden Ukrainern gro\u00dfe Sorgen. <\/p>\n<p>So geht es weiter: In Kiel wollen die Gefl\u00fcchteten Freunde und Verwandte in der Heimat weiter unterst\u00fctzen. Sie sammeln etwa Spenden f\u00fcr Prothesen f\u00fcr verwundete Soldaten. <\/p>\n<p><img loading=\"lazy\" decoding=\"async\" width=\"35\" height=\"35\" src=\"https:\/\/www.europesays.com\/de\/wp-content\/uploads\/2025\/07\/5-cobalt.png\" alt=\"icon\"\/>Bootshafensommer endet mit Entenrennen<\/p>\n<p>Das ist passiert: Am Sonntag stieg das 19. Entenrennen des Lions Club Kieler Sprotten im Kieler Bootshafen: 3000 gelbe Gummienten schwammen f\u00fcr den guten Zweck durch das Wasser. Gleichzeitig ging der Bootshafensommer zu Ende, der seit dem 18. Juli \u00fcber 50.000 Besucher zu Konzerten und Veranstaltungen lockte.<\/p>\n<p>Darum ist es wichtig: Der Erl\u00f6s des Entenrennens von knapp 30.000 Euro geht an das Kinder- und Jugendtelefon des Kinderschutzbundes und das Hospiz im Wohld in Gettorf. Der Bootshafensommer unterst\u00fctzte mit einer Pfandaktion am Abschlusswochenende das Projekt \u201eL\u00f6ppt miteinander\u201c des Nettekieler-Ehrenamtsb\u00fcros.<\/p>\n<p>So geht es weiter: Die Paten der 70 ersten Enten im Ziel erhalten Preise im Wert von bis zu 3000 Euro. Die Organisatoren des Bootshafensommers hoffen f\u00fcr eine Fortsetzung der Veranstaltungsreihe auf eine erneute F\u00f6rderung der Stadt, doch die ist aufgrund der Haushaltslage noch ungewiss.<\/p>\n<p class=\"Textstyled__Text-sc-1cqv9mi-0 cLyiiX\">Damit verabschiede ich mich f\u00fcr heute.<\/p>\n<p>Weiterlesen nach der Anzeige<\/p>\n<p>Weiterlesen nach der Anzeige<\/p>\n<p>Bis bald, Anne Holbach<\/p>\n<p class=\"Textstyled__Text-sc-1cqv9mi-0 cLyiiX\"><b>PS: Wenn Sie noch Zeit haben&#8230;<\/b><\/p>\n<p class=\"Textstyled__Text-sc-1cqv9mi-0 cLyiiX\"> \u2026 dann lege ich Ihnen meine heutigen Leseempfehlungen ans Herz:<\/p>\n<p class=\"Textstyled__Text-sc-1cqv9mi-0 cLyiiX\"><a href=\"https:\/\/www.kn-online.de\/kultur\/regional\/kiel-doch-keine-absage-funhouse-festival-kehrt-2026-zurueck-V7FSR4RS2VG3VNCWWEEQFVTKFQ.html\" target=\"_blank\" rel=\"noreferrer noopener\" title=\"https:\/\/www.kn-online.de\/kultur\/regional\/kiel-doch-keine-absage-funhouse-festival-kehrt-2026-zurueck-V7FSR4RS2VG3VNCWWEEQFVTKFQ.html\" data-vars-event-category=\"intext_link\" data-vars-event-action=\"click\" data-vars-event-label=\"https:\/\/www.kn-online.de\/kultur\/regional\/kiel-doch-keine-absage-funhouse-festival-kehrt-2026-zurueck-V7FSR4RS2VG3VNCWWEEQFVTKFQ.html\">Fans atmen auf: Gr\u00fcnes Licht f\u00fcr Funhouse Festival 2026 in Kiel<\/a><\/p>\n<p class=\"Textstyled__Text-sc-1cqv9mi-0 cLyiiX\"><a href=\"https:\/\/www.kn-online.de\/lokales\/rendsburg-eckernfoerde\/leben-mit-drogensucht-in-rendsburg-eckernfoerde-mein-opa-kannte-mich-nur-breit-ST5S57B25BD5FP4RK3JLWPCQTM.html\" target=\"_blank\" rel=\"noreferrer noopener\" title=\"https:\/\/www.kn-online.de\/lokales\/rendsburg-eckernfoerde\/leben-mit-drogensucht-in-rendsburg-eckernfoerde-mein-opa-kannte-mich-nur-breit-ST5S57B25BD5FP4RK3JLWPCQTM.html\" data-vars-event-category=\"intext_link\" data-vars-event-action=\"click\" data-vars-event-label=\"https:\/\/www.kn-online.de\/lokales\/rendsburg-eckernfoerde\/leben-mit-drogensucht-in-rendsburg-eckernfoerde-mein-opa-kannte-mich-nur-breit-ST5S57B25BD5FP4RK3JLWPCQTM.html\">Leben mit Drogensucht in Rendsburg-Eckernf\u00f6rde: \u201eMein Opa kannte mich nur breit\u201c<\/a><\/p>\n<p class=\"Textstyled__Text-sc-1cqv9mi-0 cLyiiX\"><a href=\"https:\/\/www.kn-online.de\/sport\/regional\/holstein-kiel-wenig-niveau-in-fuerth-aber-wichtiges-zeichen-an-die-fans-4ALK2RDSSVHF5DQXGLQFQQM6QU.html\" target=\"_blank\" rel=\"noreferrer noopener\" title=\"https:\/\/www.kn-online.de\/sport\/regional\/holstein-kiel-wenig-niveau-in-fuerth-aber-wichtiges-zeichen-an-die-fans-4ALK2RDSSVHF5DQXGLQFQQM6QU.html\" data-vars-event-category=\"intext_link\" data-vars-event-action=\"click\" data-vars-event-label=\"https:\/\/www.kn-online.de\/sport\/regional\/holstein-kiel-wenig-niveau-in-fuerth-aber-wichtiges-zeichen-an-die-fans-4ALK2RDSSVHF5DQXGLQFQQM6QU.html\">Holstein Kiel: \u00dcberschaubares Niveau, aber wichtiges Zeichen an die Fans<\/a><\/p>\n<p>Weiterlesen nach der Anzeige<\/p>\n<p>Weiterlesen nach der Anzeige<\/p>\n<p><img decoding=\"async\" alt=\"\" loading=\"lazy\"  src=\"https:\/\/www.europesays.com\/de\/wp-content\/uploads\/2025\/08\/1756092863_645_MU6UBBKJ6RB3ZKG4CW737B4KHQ.png\" \/>Unser 5in5-Newsletter<\/p>\n<p class=\"CallToActionBasestyled__Text-sc-1k69918-5 fbjGwD\">Die 5 wichtigsten Themen exklusiv aus Ihrer Region jeden Werktag um 5 Uhr \u2013 kostenlos direkt per E-Mail.<\/p>\n<p>Abonnieren Sie auch<\/p>\n<p class=\"Textstyled__Text-sc-1cqv9mi-0 cLyiiX\"><a href=\"https:\/\/www.kn-online.de\/newsletter\/kiel-kulinarisch\/\" target=\"_self\" rel=\"noopener\" title=\"https:\/\/www.kn-online.de\/newsletter\/kiel-kulinarisch\/\" data-vars-event-category=\"intext_link\" data-vars-event-action=\"click\" data-vars-event-label=\"https:\/\/www.kn-online.de\/newsletter\/kiel-kulinarisch\/\"><b>Kiel kulinarisch:<\/b><\/a> Neues aus der Kieler Gastroszene &#8211; jeden ersten Donnerstag im Monat per Mail.<\/p>\n<p class=\"Editorialstyled__Editorial-sc-5u8rgl-0 cBUuy\">KN<\/p>\n","protected":false},"excerpt":{"rendered":"5in5 Kiel Haushaltsloch: Was nun auf der Sparliste der Stadt steht + Warum ehemalige Krebspatienten 550 Kilometer radelten&hellip;\n","protected":false},"author":2,"featured_media":281736,"comment_status":"","ping_status":"","sticky":false,"template":"","format":"standard","meta":{"footnotes":""},"categories":[1852],"tags":[3364,29,548,663,3934,30,13,4949,14,15,12,1971],"class_list":{"0":"post-371000","1":"post","2":"type-post","3":"status-publish","4":"format-standard","5":"has-post-thumbnail","7":"category-kiel","8":"tag-de","9":"tag-deutschland","10":"tag-eu","11":"tag-europa","12":"tag-europe","13":"tag-germany","14":"tag-headlines","15":"tag-kiel","16":"tag-nachrichten","17":"tag-news","18":"tag-schlagzeilen","19":"tag-schleswig-holstein"},"share_on_mastodon":{"url":"https:\/\/pubeurope.com\/@de\/115087309129001903","error":""},"_links":{"self":[{"href":"https:\/\/www.europesays.com\/de\/wp-json\/wp\/v2\/posts\/371000","targetHints":{"allow":["GET"]}}],"collection":[{"href":"https:\/\/www.europesays.com\/de\/wp-json\/wp\/v2\/posts"}],"about":[{"href":"https:\/\/www.europesays.com\/de\/wp-json\/wp\/v2\/types\/post"}],"author":[{"embeddable":true,"href":"https:\/\/www.europesays.com\/de\/wp-json\/wp\/v2\/users\/2"}],"replies":[{"embeddable":true,"href":"https:\/\/www.europesays.com\/de\/wp-json\/wp\/v2\/comments?post=371000"}],"version-history":[{"count":0,"href":"https:\/\/www.europesays.com\/de\/wp-json\/wp\/v2\/posts\/371000\/revisions"}],"wp:featuredmedia":[{"embeddable":true,"href":"https:\/\/www.europesays.com\/de\/wp-json\/wp\/v2\/media\/281736"}],"wp:attachment":[{"href":"https:\/\/www.europesays.com\/de\/wp-json\/wp\/v2\/media?parent=371000"}],"wp:term":[{"taxonomy":"category","embeddable":true,"href":"https:\/\/www.europesays.com\/de\/wp-json\/wp\/v2\/categories?post=371000"},{"taxonomy":"post_tag","embeddable":true,"href":"https:\/\/www.europesays.com\/de\/wp-json\/wp\/v2\/tags?post=371000"}],"curies":[{"name":"wp","href":"https:\/\/api.w.org\/{rel}","templated":true}]}}