{"id":371110,"date":"2025-08-25T04:43:12","date_gmt":"2025-08-25T04:43:12","guid":{"rendered":"https:\/\/www.europesays.com\/de\/371110\/"},"modified":"2025-08-25T04:43:12","modified_gmt":"2025-08-25T04:43:12","slug":"das-empfehlen-die-buchhaendler-der-uecker-randow-region","status":"publish","type":"post","link":"https:\/\/www.europesays.com\/de\/371110\/","title":{"rendered":"Das empfehlen die Buchh\u00e4ndler der Uecker-Randow-Region"},"content":{"rendered":"<p class=\"paragraph tw-mx-auto tw-mb-6\">Egal ob im Liegestuhl auf Balkon und Terrasse oder auf dem Handtuch am Strand \u2013 f\u00fcr zahlreiche Menschen im Land geh\u00f6rt ein gutes Buch ganz einfach zum Sommer dazu. Man liest, was gef\u00e4llt, und beim St\u00f6bern durch <a data-li-document-ref=\"2877210\" href=\"https:\/\/www.nordkurier.de\/regional\/pasewalk\/diese-pasewalker-buchhandlung-ist-hervorragend-2877210\" target=\"_blank\" rel=\"noopener\">die regionalen Buchl\u00e4den haben Kunden und Urlauber die Qual der Wahl<\/a>. Wir haben die Buchh\u00e4ndler der Region nach ihren aktuellen Empfehlungen gefragt und dabei vor allem eines herausgefunden. Sie m\u00f6gen es spannend.<\/p>\n<p>Spannend und regional zugleich<\/p>\n<p class=\"paragraph tw-mx-auto tw-mb-6\">Die Empfehlung von Buchh\u00e4ndler Marion Fohrenkamm aus Torgelow ist allerdings nicht nur voller spannender Momente, sondern auch regional. \u201eUnsere Kunden lieben beispielsweise die Usedom-Krimi-Reihe und fragen gezielt nach den B\u00fcchern von Frauke Scheunemann. Bitte nicht verwechseln mit dem Usedomkrimi, der im Fernsehen l\u00e4uft\u201c, sagt Mario Fohrenkamm. Beide Reihen w\u00fcrden zwar auf der Insel Usedom spielen, h\u00e4tten ansonsten jedoch nichts miteinander zu tun.<\/p>\n<p class=\"paragraph tw-mx-auto tw-mb-6\">In den drei B\u00fcchern: \u201eMord am Haff\u201c, \u201eDer Tote im Netz\u201c und \u201eTod zur See\u201c von Frauke Scheunemann ermitteln Lokal-Radio-Reporterin Franziska Mai und Kommissar Kay Lorenz auf der Sonneninsel. Aber auch der aktuelle Krimi von Elke Pupke \u201eSp\u00e4te Rache auf Usedom\u201c bringt die Insel unseres Landkreises Vorpommern-Greifswald ganz gro\u00df heraus und steht bei den Kunden der Torgelower Buchhandlung hoch im Kurs.<\/p>\n<p><img decoding=\"async\" src=\"https:\/\/www.europesays.com\/de\/wp-content\/uploads\/2025\/08\/9766e88d-e565-4aba-8f91-cc7f4437afb4.jpg\" loading=\"lazy\" alt=\"Spannend und regional: Die B\u00fccher von Frauke Scheuemann.\"\/><img decoding=\"async\" alt=\"Bild vergr\u00f6\u00dfern\" class=\"sm:tw-w-9 sm:tw-h-9\" src=\"https:\/\/www.nordkurier.de\/_next\/static\/media\/imageExpand.10dba927.svg\"\/><\/p>\n<p>Spannend und regional: Die B\u00fccher von Frauke Scheuemann. (Foto: Katja Richter)<\/p>\n<p class=\"paragraph tw-mx-auto tw-mb-6\">Extrem spannend wird es auch am Mittwoch, 3. September, ab 19.30 Uhr in der Friedrich-Wagner-Buchhandlung in Ueckerm\u00fcnde. Inhaber Holger Brandst\u00e4dt begr\u00fc\u00dft dann n\u00e4mlich den Autor Nikita Afanasiew. Dieser wird im Hof der Buchhandlung bei echtem Wodka und falschem Kaviar aus seinem neuesten Roman \u201eSputnik\u201c lesen. Der Roman, der teilweise auf wahren Begebenheiten basieren soll, ist daher auch die aktuelle Empfehlung von Holger Brandst\u00e4dt.<\/p>\n<p>Spektakul\u00e4re Recherche aufgeschrieben<\/p>\n<p class=\"paragraph tw-mx-auto tw-mb-6\">Im Buch geht es um den Reporter Leo Puschkin. Er liebt russischen Wodka und Kaviar. \u201eAls er eines Tages den Auftrag bekommt, den Auslandssender des Kremls zu unterwandern, gelingt Leo eine spektakul\u00e4re Recherche \u2013 aber sein Arbeitgeber, eine renommierte Zeitung aus Berlin, will seine Story nicht drucken. Um nicht durchzudrehen, schreibt Leo seine Geschichte als \u201aRoman&#8216; auf. Hier ist er\u201c, hei\u00dft es auf dem Buchcover.<\/p>\n<p><img decoding=\"async\" src=\"https:\/\/www.europesays.com\/de\/wp-content\/uploads\/2025\/08\/4ea5dfdb-eb49-48bb-8e49-ebf355522724.jpg\" loading=\"lazy\" alt=\"Dieses Buch basiert teilweise auf wahren Begebenheiten. Der Autor ist am 3. September in Ueckerm\u00fcnde zu Gast.\"\/><img decoding=\"async\" alt=\"Bild vergr\u00f6\u00dfern\" class=\"sm:tw-w-9 sm:tw-h-9\" src=\"https:\/\/www.nordkurier.de\/_next\/static\/media\/imageExpand.10dba927.svg\"\/><\/p>\n<p>Dieses Buch basiert teilweise auf wahren Begebenheiten. Der Autor ist am 3. September in Ueckerm\u00fcnde zu Gast. (Foto: Katja Richter)<\/p>\n<p class=\"paragraph tw-mx-auto tw-mb-6\">Auch Katrin Lange vom Buchhaus Lange in Pasewalk freut sich bereits jetzt auf eine Lesung. Erst im vergangenen Jahr konnten sie und die Freunde und F\u00f6rderer des Gymnasiums 1908 e.V. als gemeinsame Veranstalter eine ganz besondere Schauspielerin und Autorin begr\u00fc\u00dfen. Die beliebte DDR-Schauspielerin Carmen-Maja Antoni feiert in diesen Tagen ihren 80. Geburtstag und ist am 26. September erneut in Pasewalk zu Gast.<\/p>\n<p>Bereits 130 Anmeldungen f\u00fcr Lesung<\/p>\n<p class=\"paragraph tw-mx-auto tw-mb-6\">Dann serviert sie gemeinsam mit ihrer Tochter Jennipher Antoni literarische Gaumenfreuden nationaler und internationaler Autoren. \u201eWir haben bereits 130 Anmeldungen f\u00fcr die Lesung\u201c, freut sich die Buchh\u00e4ndlerin. Weil die Veranstalter \u2013 genau wie im vergangenen Jahr \u2013 wieder mehrere Hundert G\u00e4ste erwarten, haben sie sich f\u00fcr die diesj\u00e4hrige Lesung erneut den gr\u00f6\u00dften Saal Pasewalks, das \u201eHistorische U\u201c ausgesucht. Tickets unter: 03973 215005.<\/p>\n<p class=\"paragraph tw-mx-auto tw-mb-6\">Das Buch von Carmen-Maja Antoni \u201eIm Leben gibt es keine Proben\u201c gibt es jetzt auch als Taschenbuch. Diese Autobiografie ist die pers\u00f6nliche Empfehlung von Buchh\u00e4ndlerin Katrin Lange.<\/p>\n<p><img decoding=\"async\" src=\"https:\/\/www.europesays.com\/de\/wp-content\/uploads\/2025\/08\/a7910e81-87fa-4ba7-a8bc-eb132a3c0555.jpg\" loading=\"lazy\" alt=\"Wem Usedom nicht reicht, kann mit diesen Krimis, die Katrin Lange in die Kamera zeigt, nach Skandinavien reisen. \"\/><img decoding=\"async\" alt=\"Bild vergr\u00f6\u00dfern\" class=\"sm:tw-w-9 sm:tw-h-9\" src=\"https:\/\/www.nordkurier.de\/_next\/static\/media\/imageExpand.10dba927.svg\"\/><\/p>\n<p>Wem Usedom nicht reicht, kann mit diesen Krimis, die Katrin Lange in die Kamera zeigt, nach Skandinavien reisen.  (Foto: Katja Richter)<\/p>\n<p class=\"paragraph tw-mx-auto tw-mb-6\">Allen Krimifans, denen Usedom nicht reicht, m\u00f6chte sie dann noch eine literarische Reise nach Norwegen ans Herz legen. Hier verspricht Star-Autorin Trude Teige in ihrer siebenteiligen Krimireihe (u.\u00a0a.\u201eTotensommer\u201c, \u201eDas Haus, in dem das B\u00f6se wohnt\u201c oder \u201eDer Junge, der Rache schwor\u201c) mit Fernsehjournalistin Kajsa Coren Spannung pur. Die warte aber auch im aktuellsten Roman \u201eRabenland\u201c von Max Bentow und in der Blut-Reihe von Thomas Enger.<\/p>\n<p>Spieletipp f\u00fcr den Sommerabend<\/p>\n<p class=\"paragraph tw-mx-auto tw-mb-6\">Weniger Spannung, daf\u00fcr aber ganz viel Freude verspricht dann noch der pers\u00f6nliche Tipp von Mario Fohrenkamm. Dieser hat allerdings nichts mit B\u00fcchern zu tun. \u201eWir spielen das Spiel \u201aDixit&#8216; immer Ostern und Weihnachten und lieben es\u201c, schw\u00e4rmt der Buchh\u00e4ndler. Das Spiel des Jahres 2010 sei ein Ratespiel mit hohem Kommunikationspotential und f\u00fcr drei bis sechs Personen ab einem Alter von acht Jahren geeignet.<\/p>\n","protected":false},"excerpt":{"rendered":"Egal ob im Liegestuhl auf Balkon und Terrasse oder auf dem Handtuch am Strand \u2013 f\u00fcr zahlreiche Menschen&hellip;\n","protected":false},"author":2,"featured_media":371111,"comment_status":"","ping_status":"","sticky":false,"template":"","format":"standard","meta":{"footnotes":""},"categories":[1774],"tags":[1784,1797,1785,21278,3884,29,214,30,93,56060,2715,7291,101213,23687,215,631],"class_list":{"0":"post-371110","1":"post","2":"type-post","3":"status-publish","4":"format-standard","5":"has-post-thumbnail","7":"category-buecher","8":"tag-books","9":"tag-buch","10":"tag-buecher","11":"tag-buchhaendler","12":"tag-buchhandlung","13":"tag-deutschland","14":"tag-entertainment","15":"tag-germany","16":"tag-literatur","17":"tag-pasewalk","18":"tag-sommer","19":"tag-strand","20":"tag-torgelow","21":"tag-ueckermuende","22":"tag-unterhaltung","23":"tag-urlaub"},"share_on_mastodon":{"url":"https:\/\/pubeurope.com\/@de\/115087580254823278","error":""},"_links":{"self":[{"href":"https:\/\/www.europesays.com\/de\/wp-json\/wp\/v2\/posts\/371110","targetHints":{"allow":["GET"]}}],"collection":[{"href":"https:\/\/www.europesays.com\/de\/wp-json\/wp\/v2\/posts"}],"about":[{"href":"https:\/\/www.europesays.com\/de\/wp-json\/wp\/v2\/types\/post"}],"author":[{"embeddable":true,"href":"https:\/\/www.europesays.com\/de\/wp-json\/wp\/v2\/users\/2"}],"replies":[{"embeddable":true,"href":"https:\/\/www.europesays.com\/de\/wp-json\/wp\/v2\/comments?post=371110"}],"version-history":[{"count":0,"href":"https:\/\/www.europesays.com\/de\/wp-json\/wp\/v2\/posts\/371110\/revisions"}],"wp:featuredmedia":[{"embeddable":true,"href":"https:\/\/www.europesays.com\/de\/wp-json\/wp\/v2\/media\/371111"}],"wp:attachment":[{"href":"https:\/\/www.europesays.com\/de\/wp-json\/wp\/v2\/media?parent=371110"}],"wp:term":[{"taxonomy":"category","embeddable":true,"href":"https:\/\/www.europesays.com\/de\/wp-json\/wp\/v2\/categories?post=371110"},{"taxonomy":"post_tag","embeddable":true,"href":"https:\/\/www.europesays.com\/de\/wp-json\/wp\/v2\/tags?post=371110"}],"curies":[{"name":"wp","href":"https:\/\/api.w.org\/{rel}","templated":true}]}}