{"id":371123,"date":"2025-08-25T04:51:16","date_gmt":"2025-08-25T04:51:16","guid":{"rendered":"https:\/\/www.europesays.com\/de\/371123\/"},"modified":"2025-08-25T04:51:16","modified_gmt":"2025-08-25T04:51:16","slug":"deutsche-textil-kette-pleite-39-filialen-von-insolvenz-betroffen-regional","status":"publish","type":"post","link":"https:\/\/www.europesays.com\/de\/371123\/","title":{"rendered":"Deutsche Textil-Kette pleite: 39 Filialen von Insolvenz betroffen | Regional"},"content":{"rendered":"<p>Nordhorn (Niedersachsen) \u2013 <b>Nach fast 30 Jahren bangen die Mitarbeiter der bekannten Traditionskette \u201eDer Stoff\u201c um ihre Jobs.  Das Familienunternehmen meldete Insolvenz an und sucht einen Investor.<\/b><\/p>\n<p>Die Einzelhandelsgruppe aus Nordhorn in <a href=\"https:\/\/www.bild.de\/regional\/niedersachsen\/home-Pxo03tc7w7hEgqy6Clw4\" class=\"text-link\" target=\"_blank\" rel=\"noopener\">Niedersachsen<\/a> betreibt 39 Filialen in ganz Deutschland. Dort gibt es alles rund ums N\u00e4hen: N\u00e4hmaschinen, Stoffe, Zubeh\u00f6r. Au\u00dferdem werden auch Kurse angeboten. Der Verkauf in den Filialen und den beiden Online-Shops l\u00e4uft zun\u00e4chst weiter. Doch es droht die Schlie\u00dfung. Rund 130 Jobs stehen in Deutschland auf der Kippe.<\/p>\n<p><img decoding=\"async\" width=\"992\" height=\"558\" alt=\"R\u00e4umungsverkauf in einer \u201eDer Stoff\u201c-Filiale\" src=\"https:\/\/www.europesays.com\/de\/wp-content\/uploads\/2025\/08\/2acdc1558124b477090646946421ab94,1d0c23e1\"   class=\"dynamic\" loading=\"lazy\"\/><\/p>\n<p class=\"fig__caption__text\">R\u00e4umungsverkauf in einer der Filialen der insolventen Unternehmensgruppe<\/p>\n<p>Foto: Facebook\/der Stoff<\/p>\n<p>Zwei Unternehmen von Insolvenz betroffen<\/p>\n<p>Gesch\u00e4ftsf\u00fchrerin Dr. Nina Konjer beantragte \u201eaus wirtschaftlichen Gr\u00fcnden\u201c <a href=\"https:\/\/www.bild.de\/themen\/specials\/insolvenz\/finanzen-nachrichten-news-fotos-videos-21175522.bild.html\" class=\"text-link\" target=\"_blank\" rel=\"noopener\">Insolvenz<\/a> in Eigenverwaltung. Sie will die Kette u. a. mit ihrem Vater und einem Mitgr\u00fcnder restrukturieren. <\/p>\n<p>Betroffen sind beide <a href=\"https:\/\/www.bild.de\/themen\/organisationen\/unternehmen\/news-fotos-videos-5n9Nevv68FAFS89DJteg\" class=\"text-link\" target=\"_blank\" rel=\"noopener\">Unternehmen<\/a> der Gruppe: die Hemkon Stoff GmbH und die Der Stoff Stoffhandels-GmbH. \u201eUnsere eindeutige Zielsetzung ist es, im Rahmen der Restrukturierung m\u00f6glichst viele Filialen und damit auch Arbeitspl\u00e4tze zu erhalten\u201c, teilt Dr. Nina Konjer mit.<\/p>\n<p><img decoding=\"async\" width=\"992\" height=\"558\" alt=\"Anlaufstelle f\u00fcr Hobby-Schneider: Der Stoff hatte alles rund ums N\u00e4hen\" src=\"https:\/\/www.europesays.com\/de\/wp-content\/uploads\/2025\/08\/e4dac3b64ae0aa56ccefb72598dc3320,31dd3fda\"   class=\"landscape\" loading=\"lazy\"\/><\/p>\n<p class=\"fig__caption__text\">Gro\u00dfe Schilder im Schaufenster weisen auf den R\u00e4umungsverkauf hin<\/p>\n<p>Foto: Facebook\/der Stoff<\/p>\n<p>Kette sucht jetzt Investor<\/p>\n<p>Unterst\u00fctzt wird die Gesch\u00e4ftsf\u00fchrung von einem Team aus Sanierungsberatern und Fachanw\u00e4lten. \u201eUnser Fokus bei der Investorensuche liegt auf strategischen Investoren mit gleichen oder angrenzenden Sortimenten, f\u00fcr die Der Stoff eine sinnvolle Erg\u00e4nzung darstellen k\u00f6nnte\u201c, sagt Jennifer Baumann von der Mentor AG, die mit der Suche nach einem geeigneten Investor beauftragt wurde. <\/p>\n<p>Mehr zum Thema<\/p>\n<p>Und weiter: \u201eDie etablierte Marktpr\u00e4senz und das qualifizierte Personal bieten strategischen Investoren eine attraktive Investitionsgelegenheit.\u201c<\/p>\n","protected":false},"excerpt":{"rendered":"Nordhorn (Niedersachsen) \u2013 Nach fast 30 Jahren bangen die Mitarbeiter der bekannten Traditionskette \u201eDer Stoff\u201c um ihre Jobs.&hellip;\n","protected":false},"author":2,"featured_media":371124,"comment_status":"","ping_status":"","sticky":false,"template":"","format":"standard","meta":{"footnotes":""},"categories":[134],"tags":[175,170,169,29,1072,30,3986,13503,1551,171,174,34390,1411,24119,12052,1158,1371,45,173,172,17591,55],"class_list":{"0":"post-371123","1":"post","2":"type-post","3":"status-publish","4":"format-standard","5":"has-post-thumbnail","7":"category-unternehmen-maerkte","8":"tag-business","9":"tag-companies","10":"tag-companies-markets","11":"tag-deutschland","12":"tag-einzelhandel","13":"tag-germany","14":"tag-handel","15":"tag-hobbys","16":"tag-insolvenz","17":"tag-markets","18":"tag-maerkte","19":"tag-naehen","20":"tag-niedersachsen","21":"tag-nordhorn","22":"tag-online-shops","23":"tag-organisationen","24":"tag-pleite","25":"tag-texttospeech","26":"tag-unternehmen","27":"tag-unternehmen-maerkte","28":"tag-unternehmensformen","29":"tag-wirtschaft"},"share_on_mastodon":{"url":"https:\/\/pubeurope.com\/@de\/115087611554919778","error":""},"_links":{"self":[{"href":"https:\/\/www.europesays.com\/de\/wp-json\/wp\/v2\/posts\/371123","targetHints":{"allow":["GET"]}}],"collection":[{"href":"https:\/\/www.europesays.com\/de\/wp-json\/wp\/v2\/posts"}],"about":[{"href":"https:\/\/www.europesays.com\/de\/wp-json\/wp\/v2\/types\/post"}],"author":[{"embeddable":true,"href":"https:\/\/www.europesays.com\/de\/wp-json\/wp\/v2\/users\/2"}],"replies":[{"embeddable":true,"href":"https:\/\/www.europesays.com\/de\/wp-json\/wp\/v2\/comments?post=371123"}],"version-history":[{"count":0,"href":"https:\/\/www.europesays.com\/de\/wp-json\/wp\/v2\/posts\/371123\/revisions"}],"wp:featuredmedia":[{"embeddable":true,"href":"https:\/\/www.europesays.com\/de\/wp-json\/wp\/v2\/media\/371124"}],"wp:attachment":[{"href":"https:\/\/www.europesays.com\/de\/wp-json\/wp\/v2\/media?parent=371123"}],"wp:term":[{"taxonomy":"category","embeddable":true,"href":"https:\/\/www.europesays.com\/de\/wp-json\/wp\/v2\/categories?post=371123"},{"taxonomy":"post_tag","embeddable":true,"href":"https:\/\/www.europesays.com\/de\/wp-json\/wp\/v2\/tags?post=371123"}],"curies":[{"name":"wp","href":"https:\/\/api.w.org\/{rel}","templated":true}]}}