{"id":371170,"date":"2025-08-25T05:20:11","date_gmt":"2025-08-25T05:20:11","guid":{"rendered":"https:\/\/www.europesays.com\/de\/371170\/"},"modified":"2025-08-25T05:20:11","modified_gmt":"2025-08-25T05:20:11","slug":"us-botschafter-charles-kushner-kritisiert-macron-und-wird-einbestellt","status":"publish","type":"post","link":"https:\/\/www.europesays.com\/de\/371170\/","title":{"rendered":"US-Botschafter Charles Kushner kritisiert Macron und wird einbestellt"},"content":{"rendered":"<p>Frankreich hat US-Botschafter Charles Kushner wegen eines Schreibens an den franz\u00f6sischen Pr\u00e4sidenten Emmanuel Macron zu antisemitischen Vorf\u00e4llen im Land einbestellt. Kushner habe in dem Brief seine \u00abBesorgnis \u00fcber die Zunahme antisemitischer Handlungen in Frankreich zum Ausdruck gebracht und auf ein angebliches Versagen der franz\u00f6sischen Beh\u00f6rden bei der Bek\u00e4mpfung dieser Handlungen hingewiesen\u00bb, teilte das franz\u00f6sische Au\u00dfenministerium am Sonntagabend mit.<\/p>\n<p>\u00abDie Vorw\u00fcrfe sind inakzeptabel\u00bb, hie\u00df es weiter. Man bedauere die Zunahme antisemitischer Vorf\u00e4lle in Frankreich seit dem 7. Oktober 2023, die Realit\u00e4t seien. Die franz\u00f6sischen Beh\u00f6rden w\u00fcrden mit aller Kraft dagegen vorgehen, teilte das Ministerium mit. Die Vorw\u00fcrfe des Botschafters w\u00fcrden gegen die v\u00f6lkerrechtliche Pflicht versto\u00dfen, sich nicht in die inneren Angelegenheiten anderer Staaten einzumischen.<\/p>\n","protected":false},"excerpt":{"rendered":"Frankreich hat US-Botschafter Charles Kushner wegen eines Schreibens an den franz\u00f6sischen Pr\u00e4sidenten Emmanuel Macron zu antisemitischen Vorf\u00e4llen im&hellip;\n","protected":false},"author":2,"featured_media":371171,"comment_status":"","ping_status":"","sticky":false,"template":"","format":"standard","meta":{"footnotes":""},"categories":[3974],"tags":[331,332,548,663,3934,3980,156,13,14,15,12],"class_list":{"0":"post-371170","1":"post","2":"type-post","3":"status-publish","4":"format-standard","5":"has-post-thumbnail","7":"category-frankreich","8":"tag-aktuelle-nachrichten","9":"tag-aktuelle-news","10":"tag-eu","11":"tag-europa","12":"tag-europe","13":"tag-france","14":"tag-frankreich","15":"tag-headlines","16":"tag-nachrichten","17":"tag-news","18":"tag-schlagzeilen"},"share_on_mastodon":{"url":"https:\/\/pubeurope.com\/@de\/115087725179679619","error":""},"_links":{"self":[{"href":"https:\/\/www.europesays.com\/de\/wp-json\/wp\/v2\/posts\/371170","targetHints":{"allow":["GET"]}}],"collection":[{"href":"https:\/\/www.europesays.com\/de\/wp-json\/wp\/v2\/posts"}],"about":[{"href":"https:\/\/www.europesays.com\/de\/wp-json\/wp\/v2\/types\/post"}],"author":[{"embeddable":true,"href":"https:\/\/www.europesays.com\/de\/wp-json\/wp\/v2\/users\/2"}],"replies":[{"embeddable":true,"href":"https:\/\/www.europesays.com\/de\/wp-json\/wp\/v2\/comments?post=371170"}],"version-history":[{"count":0,"href":"https:\/\/www.europesays.com\/de\/wp-json\/wp\/v2\/posts\/371170\/revisions"}],"wp:featuredmedia":[{"embeddable":true,"href":"https:\/\/www.europesays.com\/de\/wp-json\/wp\/v2\/media\/371171"}],"wp:attachment":[{"href":"https:\/\/www.europesays.com\/de\/wp-json\/wp\/v2\/media?parent=371170"}],"wp:term":[{"taxonomy":"category","embeddable":true,"href":"https:\/\/www.europesays.com\/de\/wp-json\/wp\/v2\/categories?post=371170"},{"taxonomy":"post_tag","embeddable":true,"href":"https:\/\/www.europesays.com\/de\/wp-json\/wp\/v2\/tags?post=371170"}],"curies":[{"name":"wp","href":"https:\/\/api.w.org\/{rel}","templated":true}]}}