{"id":371321,"date":"2025-08-25T06:50:12","date_gmt":"2025-08-25T06:50:12","guid":{"rendered":"https:\/\/www.europesays.com\/de\/371321\/"},"modified":"2025-08-25T06:50:12","modified_gmt":"2025-08-25T06:50:12","slug":"haftbefehl-nach-messerattacke-im-imbiss","status":"publish","type":"post","link":"https:\/\/www.europesays.com\/de\/371321\/","title":{"rendered":"Haftbefehl nach Messerattacke im Imbiss"},"content":{"rendered":"<p>Brutaler Angriff <\/p>\n<p>Haftbefehl nach Messerattacke im Imbiss<\/p>\n<p>Aktualisiert am 25.08.2025 &#8211; 08:37 UhrLesedauer: 1 Min.<\/p>\n<p><a href=\"#focus-0\" class=\"transition-colors duration-200 focus-within:text-magenta block text-current relative\" data-sctrack=\"FocusGalleryImage.Reference\"><img fetchpriority=\"high\" data-testid=\"Opener.Image\" style=\"--lqipURL:url('https:\/\/images.t-online.de\/2025\/08\/4m6GPcFBfHFI\/0x107:2048x1152\/fit-in\/150x0\/filters:blur(25)\/ein-festgenommener-20-jaehriger-musste-vor-den-haftrichter-symbolbild.jpg')\"   loading=\"eager\" src=\"https:\/\/www.europesays.com\/de\/wp-content\/uploads\/2025\/08\/ein-festgenommener-20-jaehriger-musste-vor-den-haftrichter-symbolbild.jpg\" alt=\"Symbolbild - Blaulicht\" title=\"Symbolbild - Blaulicht\" width=\"2048\" height=\"1152\" class=\"bg-[url:var(--lqipURL)] bg-cover bg-center flex h-full w-full max-w-full\" decoding=\"async\"\/><img style=\"--width:32;--height:32\" loading=\"lazy\" src=\"https:\/\/www.t-online.de\/s\/paper\/_next\/static\/media\/zoom-in.f7dae02f.svg\" alt=\"Vergr\u00f6\u00dfern des Bildes\" title=\"Vergr\u00f6\u00dfern des Bildes\" class=\"block h-[calc(var(--height)_\/_16_*_1rem)] w-[calc(var(--width)_\/_16_*_1rem)] max-w-none absolute bottom-8 right-8 rounded-4 bg-snow p-8\" decoding=\"async\"\/><\/a><\/p>\n<p>Ein festgenommener 20-J\u00e4hriger musste vor den Haftrichter. (Symbolbild) (Quelle: David Inderlied\/dpa\/dpa-bilder)<\/p>\n<p class=\"font-bold text-18 leading-17\">Ein Streit unter zwei jungen M\u00e4nnern nahe Bonn eskaliert. Ein 20-J\u00e4hriger soll seinem Kontrahenten mit einem Messer schwere Verletzungen zugef\u00fcgt haben. Nun kam er vor den Haftrichter.<\/p>\n<p class=\"text-18 leading-17\">Nach einem Messerangriff in Bad Honnef bei Bonn bleibt der tatverd\u00e4chtige 20-J\u00e4hrige vorerst auf freiem Fu\u00df. Wie die Polizei mitteilte, erlie\u00df ein Richter Haftbefehl, setzte diesen unter strengen Auflagen aber au\u00dfer Vollzug. Der junge Mann soll in der Nacht zu Samstag in einem Schnellimbiss mit einem 23-J\u00e4hrigen gestritten und ihn dann mit dem Messer verletzt haben. Das Opfer schwebt inzwischen nicht mehr in Lebensgefahr.<\/p>\n","protected":false},"excerpt":{"rendered":"Brutaler Angriff Haftbefehl nach Messerattacke im Imbiss Aktualisiert am 25.08.2025 &#8211; 08:37 UhrLesedauer: 1 Min. Ein festgenommener 20-J\u00e4hriger&hellip;\n","protected":false},"author":2,"featured_media":371322,"comment_status":"","ping_status":"","sticky":false,"template":"","format":"standard","meta":{"footnotes":""},"categories":[1842],"tags":[2140,21722,1741,3364,29,30,503,1981,2841,2842,1209],"class_list":{"0":"post-371321","1":"post","2":"type-post","3":"status-publish","4":"format-standard","5":"has-post-thumbnail","7":"category-bonn","8":"tag-angriff","9":"tag-bad-honnef","10":"tag-bonn","11":"tag-de","12":"tag-deutschland","13":"tag-germany","14":"tag-haftbefehl","15":"tag-messer","16":"tag-messerangriff","17":"tag-messerattacke","18":"tag-nordrhein-westfalen"},"share_on_mastodon":{"url":"https:\/\/pubeurope.com\/@de\/115088079280216138","error":""},"_links":{"self":[{"href":"https:\/\/www.europesays.com\/de\/wp-json\/wp\/v2\/posts\/371321","targetHints":{"allow":["GET"]}}],"collection":[{"href":"https:\/\/www.europesays.com\/de\/wp-json\/wp\/v2\/posts"}],"about":[{"href":"https:\/\/www.europesays.com\/de\/wp-json\/wp\/v2\/types\/post"}],"author":[{"embeddable":true,"href":"https:\/\/www.europesays.com\/de\/wp-json\/wp\/v2\/users\/2"}],"replies":[{"embeddable":true,"href":"https:\/\/www.europesays.com\/de\/wp-json\/wp\/v2\/comments?post=371321"}],"version-history":[{"count":0,"href":"https:\/\/www.europesays.com\/de\/wp-json\/wp\/v2\/posts\/371321\/revisions"}],"wp:featuredmedia":[{"embeddable":true,"href":"https:\/\/www.europesays.com\/de\/wp-json\/wp\/v2\/media\/371322"}],"wp:attachment":[{"href":"https:\/\/www.europesays.com\/de\/wp-json\/wp\/v2\/media?parent=371321"}],"wp:term":[{"taxonomy":"category","embeddable":true,"href":"https:\/\/www.europesays.com\/de\/wp-json\/wp\/v2\/categories?post=371321"},{"taxonomy":"post_tag","embeddable":true,"href":"https:\/\/www.europesays.com\/de\/wp-json\/wp\/v2\/tags?post=371321"}],"curies":[{"name":"wp","href":"https:\/\/api.w.org\/{rel}","templated":true}]}}