{"id":371488,"date":"2025-08-25T08:25:14","date_gmt":"2025-08-25T08:25:14","guid":{"rendered":"https:\/\/www.europesays.com\/de\/371488\/"},"modified":"2025-08-25T08:25:14","modified_gmt":"2025-08-25T08:25:14","slug":"wie-geht-es-nun-weiter-mit-dem-leipziger-lastenrad-verleih-%c2%b7-leipziger-zeitung","status":"publish","type":"post","link":"https:\/\/www.europesays.com\/de\/371488\/","title":{"rendered":"Wie geht es nun weiter mit dem Leipziger Lastenrad-Verleih? \u00b7 Leipziger Zeitung"},"content":{"rendered":"<p>Wie geht weiter mit dem Lastenrad-Verleih in Leipzig? Das Pilotprojekt, mit dem die Stadt den Lastenrad-Verleih getestet hat, liegt seit Januar auf Eis. Man findet die R\u00e4der auch nicht mehr an den Ausleihstationen. Aber begraben ist die Idee damit nicht, best\u00e4tigt das Mobilit\u00e4ts- und Tiefbauamt (MTA) auf Nachfrage. Auch wenn sie nicht im ganzen Stadtgebiet funktionieren wird, obgleich sich das mancher w\u00fcnscht.<\/p>\n<p>Es wird auch nicht die Stadt sein, die die Lastenr\u00e4der in Zukunft zur Ausleihe bereitstellt. Ein privater Anbieter wird die Sache jetzt \u00fcbernehmen, best\u00e4tigt das Mobilit\u00e4ts- und Tiefbauamt.<img decoding=\"async\" src=\"https:\/\/www.europesays.com\/de\/wp-content\/uploads\/2025\/08\/8b079a88312e49e4886a259090a76167.gif\" alt=\"\" width=\"https:\/\/www.l-iz.de\/wirtschaft\/mobilitaet\/2025\/08\/1\" height=\"https:\/\/www.l-iz.de\/wirtschaft\/mobilitaet\/2025\/08\/1\"\/><\/p>\n<p>\u201eDas bisherige Testsystem mit 14 Lastenr\u00e4dern wird in der bisherigen Form nicht fortgef\u00fchrt. \u00dcber ein Interessenbekundungsverfahren wurden nun Anbieter gesucht, die die bestehenden Transportr\u00e4der als Sachf\u00f6rderung \u00fcbernehmen und mit diesen R\u00e4dern oder mit einer eigenen Flotte an eigenen oder den vorhandenen Standorten ein gewerbliches Mietangebot f\u00fcr Transportr\u00e4der aufbauen.<\/p>\n<p>Die F\u00f6rderung soll nun an die FULMO Velobiltiy GbR vergeben werden; eine Zuwendungsvereinbarung wird in n\u00e4chster Zeit abgeschlossen. Das von FULMO betriebene Mietsystem wird nicht dauerhaft st\u00e4dtisch gef\u00f6rdert oder im st\u00e4dtischen Auftrag betrieben\u201c, erkl\u00e4rt das MTA.<\/p>\n<p>Die Sache muss sich also selber tragen. Was ja auch gelingen kann, wenn das Interesse wirklich entsprechend gro\u00df ist.\u00a0Aber auch nach dem Pilotvorhaben f\u00fcr einen Lastenrad-Verleih im Leipziger Norden haben wir gefragt.<\/p>\n<p>\u201eF\u00fcr das Pilotvorhaben der LVB mit Fahrradverleih im Nordraum \u2013 welches auch vier Lastenr\u00e4der zur Leihe in Wahren, Lindenthal, Gohlis-Nord und Mockau bereitstellt \u2013 ist eine m\u00f6glichst gesamtst\u00e4dtische Erweiterung geplant\u201c, antwortete das Mobilit\u00e4ts- und Tiefbauamt. \u201eMittel- bis langfristig ist au\u00dferdem geplant, in diesen \u00f6ffentlichen Fahrradverleih verst\u00e4rkt Transportr\u00e4der zu integrieren. Beschl\u00fcsse dazu gibt es bereits, es sind jedoch noch die daf\u00fcr ben\u00f6tigten Haushaltsmittel zu sichern.\u201c<\/p>\n<p>Das Verleihsystem muss sich rechnen<\/p>\n<p>Wobei sich schon jetzt abzeichnet, dass sich ein Lastenrad-Verleih m\u00f6glicherweise eher nur im inneren Stadtgebiet lohnt, was das MTA bei der Frage zum k\u00fcnftigen Anbieter anmerkt.<\/p>\n<p>\u201eEin Interessebekundungsverfahren wurde durchgef\u00fchrt, dar\u00fcber hinaus besteht ein Pilotbetrieb im Leipziger Nordraum\u201c, betont das MTA. Aber auch: \u201eErfahrungen zeigen, dass der eigenwirtschaftliche Betrieb f\u00fcr Betreiber nur im Innenstadtbereich interessant ist \u2013 mit kurzen Wegen, einer hohen Nutzerdichte und fahrradaffiner Bev\u00f6lkerungsstruktur \u2013 und lukrativ erst bei gr\u00f6\u00dferen St\u00fcckzahlen, vielen Standorten, bezahlbaren Tarifen und nach einiger Zeit im Betrieb.<\/p>\n<p>F\u00fcr eine st\u00e4dtische Ausschreibung sind zun\u00e4chst finanzielle Mittel n\u00f6tig. Ein eigenwirtschaftlich agierender Anbieter kann auch unabh\u00e4ngig davon auf die Stadt zukommen, um gewerbliche Mobilit\u00e4tsdienste im \u00f6ffentlichen Raum genehmigen zu lassen. Anfragen dieser Art gibt es f\u00fcr eine Lastenradvermietung aber bisher nicht.\u201c<\/p>\n<p><a href=\"https:\/\/www.europesays.com\/de\/wp-content\/uploads\/2025\/08\/lastenrad2.jpg\"><img loading=\"lazy\" decoding=\"async\" class=\"wp-image-632114 size-full\" src=\"https:\/\/www.europesays.com\/de\/wp-content\/uploads\/2025\/08\/lastenrad2.jpg\" alt=\"Ein Lastenrad an einer Leipziger Mobilit\u00e4tsstation. Foto: Marko Hofmann\" width=\"2250\" height=\"1500\"  \/><\/a>Lastenrad an einer Leipziger Mobilit\u00e4tsstation. Foto: Marko Hofmann<\/p>\n<p>Und wie sieht es mit der Integration des Lastenrad-Verleihs in die \u201eLeipzig Move\u201c-App der Leipziger Verkehrsbetriebe aus?<\/p>\n<p>\u201eDie Idee, den Lastenrad-Verleih in die Leipzig Move-Mobilit\u00e4tsstationen und die zugeh\u00f6rige App zu integrieren, ist weiterhin Bestandteil unserer strategischen Planung\u201c, betont das Mobilit\u00e4ts- und Tiefbauamt. \u201eDie Stationen b\u00fcndeln verschiedene Angebote \u2013 wie \u00d6PNV, Bikesharing, Carsharing, E-Scooter und perspektivisch auch Lastenr\u00e4der \u2013 und erm\u00f6glichen damit eine nahtlose, multimodale Mobilit\u00e4t.<\/p>\n<p>Allerdings ist ein fl\u00e4chendeckender Ausbau dieser Stationen notwendig, um auch Lastenr\u00e4der sinnvoll und nutzerfreundlich unterzubringen. Der eigenwirtschaftliche Betrieb solcher Angebote ist derzeit nicht \u00fcberall m\u00f6glich, insbesondere in weniger frequentierten Stadtteilen. Daher besteht ein Zuschussbedarf, der \u00fcber Haushaltsmittel gedeckt werden m\u00fcsste.\u201c<\/p>\n<p>Jetzt h\u00e4ngt alles an der Finanzierung<\/p>\n<p>Aber einen Anfang gibt es schon: \u201eDie ersten Stationen sind innerhalb des Piloten im Norden und im Rahmen des TINK-Pilotprojekts bereits f\u00fcr den Lastenrad-Verleih eingerichtet. Die weitere Umsetzung h\u00e4ngt ma\u00dfgeblich von der weiteren Finanzierung und der Priorisierung im st\u00e4dtischen Haushalt ab.\u201c<\/p>\n<p>Womit man wieder beim klammen Haushalt der Stadt w\u00e4re, in dem immer mehr nachhaltige Projekte unter Finanzierungsvorbehalt stehen.<\/p>\n<p>Und bis die Lastenr\u00e4der in der \u201eLeipzig Move\u201c-App auftauchen, wird es auch noch eine Weile brauchen, so das MTA: \u201eF\u00fcr eine Integration in die \u2018Leipzig Move\u2019-App ist es jedoch entscheidend, dass ein Mobilit\u00e4tsangebot ein entsprechend hohes Marktpotenzial aufweist. Nur so l\u00e4sst sich eine nachhaltige und wirtschaftlich tragf\u00e4hige Einbindung in die digitale Infrastruktur sicherstellen.\u201c<\/p>\n<p>Und was wir aus dem stadtweiten Fahrradverleihsystem?<\/p>\n<p>Aber nat\u00fcrlich wollten wir auch wissen, wann es nun wieder einen Lastenrad-Verleih in der Stadt geben wird. Die Frage war richtig. Trift aber gnadenlos auf den engen Haushalt der Stadt, wie das MTA best\u00e4tigt: \u201eTransportr\u00e4der haben ein hohes Potenzial, Autofahrten zu ersetzen. Bis zu 50 Prozent aller Fahrten, die im bisherigen Vermietsystem stattfanden, ersetzten eine Autofahrt.<\/p>\n<p>Angebote wie diese sind daher notwendig, um ein autounabh\u00e4ngiges Leben in der Stadt zu erm\u00f6glichen. Die Transportradvermietung kann daher einen positiven Beitrag zur Umsetzung der st\u00e4dtischen Mobilit\u00e4tsstrategie 2030 leisten. Derzeit befindet sich die Stadt jedoch in der vorl\u00e4ufigen Haushaltsf\u00fchrung. Mittel stehen daher aktuell nicht zur Verf\u00fcgung und k\u00f6nnen auch f\u00fcr den n\u00e4chsten Haushalt 2027\/28 noch nicht prognostiziert werden.\u201c<\/p>\n<p>Man ahnt schon: Das kann lange dauern. Und auch ein anderes Projekt droht erst einmal in der Finanzklemme stecken zu bleiben: die Ausweitung des Fahrradverleihsystems auf das gesamte Stadtgebiet. Das <a href=\"http:\/\/ratsinformation.leipzig.de\/allris_leipzig_public\/vo020?VOLFDNR=2021127&amp;refresh=false\" target=\"_blank\" rel=\"noopener nofollow\">hatte die SPD-Fraktion f\u00fcr den Doppelhaushalt 2025\/2026 beantrag<\/a>t, nachdem der Stadtrat schon 2024 beschlossen hatte, den Fahrradverleih auszuweiten. Doch in der M\u00e4rz-Ratsversammlung lehnte die Ratsmehrheit den Antrag ab, sodass 2025\/2026 daf\u00fcr kein Geld zur Verf\u00fcgung stehen wird.<\/p>\n<p>Und danach? Auch da ist das Mobilit\u00e4ts- und Tiefbauamt skeptisch, weil es auch da von der bereitgestellten Finanzierung abh\u00e4ngt: \u201eDer abgelehnte Haushaltsantrag f\u00fcr ein gesamtst\u00e4dtisches Fahrradvermietsystem bezog sich auf 2025\/26 und steht nicht f\u00fcr die Zeit danach. Mit dem n\u00e4chsten Haushalt ist erneut \u00fcber die M\u00f6glichkeit einer Finanzierung zu entscheiden. Soweit keine Mittel zur Verf\u00fcgung st\u00fcnden, w\u00e4re auch kein Auftrag zu vergeben, der eine Ausschreibung erfordern w\u00fcrde.\u201c<\/p>\n","protected":false},"excerpt":{"rendered":"Wie geht weiter mit dem Lastenrad-Verleih in Leipzig? Das Pilotprojekt, mit dem die Stadt den Lastenrad-Verleih getestet hat,&hellip;\n","protected":false},"author":2,"featured_media":371489,"comment_status":"","ping_status":"","sticky":false,"template":"","format":"standard","meta":{"footnotes":""},"categories":[1832],"tags":[3364,29,30,8510,71,1466,859],"class_list":{"0":"post-371488","1":"post","2":"type-post","3":"status-publish","4":"format-standard","5":"has-post-thumbnail","7":"category-leipzig","8":"tag-de","9":"tag-deutschland","10":"tag-germany","11":"tag-lastenrad","12":"tag-leipzig","13":"tag-mobilitaet","14":"tag-sachsen"},"share_on_mastodon":{"url":"https:\/\/pubeurope.com\/@de\/115088452845877228","error":""},"_links":{"self":[{"href":"https:\/\/www.europesays.com\/de\/wp-json\/wp\/v2\/posts\/371488","targetHints":{"allow":["GET"]}}],"collection":[{"href":"https:\/\/www.europesays.com\/de\/wp-json\/wp\/v2\/posts"}],"about":[{"href":"https:\/\/www.europesays.com\/de\/wp-json\/wp\/v2\/types\/post"}],"author":[{"embeddable":true,"href":"https:\/\/www.europesays.com\/de\/wp-json\/wp\/v2\/users\/2"}],"replies":[{"embeddable":true,"href":"https:\/\/www.europesays.com\/de\/wp-json\/wp\/v2\/comments?post=371488"}],"version-history":[{"count":0,"href":"https:\/\/www.europesays.com\/de\/wp-json\/wp\/v2\/posts\/371488\/revisions"}],"wp:featuredmedia":[{"embeddable":true,"href":"https:\/\/www.europesays.com\/de\/wp-json\/wp\/v2\/media\/371489"}],"wp:attachment":[{"href":"https:\/\/www.europesays.com\/de\/wp-json\/wp\/v2\/media?parent=371488"}],"wp:term":[{"taxonomy":"category","embeddable":true,"href":"https:\/\/www.europesays.com\/de\/wp-json\/wp\/v2\/categories?post=371488"},{"taxonomy":"post_tag","embeddable":true,"href":"https:\/\/www.europesays.com\/de\/wp-json\/wp\/v2\/tags?post=371488"}],"curies":[{"name":"wp","href":"https:\/\/api.w.org\/{rel}","templated":true}]}}