{"id":371681,"date":"2025-08-25T10:13:11","date_gmt":"2025-08-25T10:13:11","guid":{"rendered":"https:\/\/www.europesays.com\/de\/371681\/"},"modified":"2025-08-25T10:13:11","modified_gmt":"2025-08-25T10:13:11","slug":"werder-boss-clemens-fritz-verspricht-transfers","status":"publish","type":"post","link":"https:\/\/www.europesays.com\/de\/371681\/","title":{"rendered":"Werder-Boss Clemens Fritz verspricht Transfers!"},"content":{"rendered":"<ol class=\"id-DonaldBreadcrumb lp_west_breadcrumb id-DonaldBreadcrumb--default\" data-k5a-pos=\"west_breadcrumb\">\n<li class=\"id-Breadcrumb-item\"><a href=\"https:\/\/www.deichstube.de\/\" class=\"id-Breadcrumb-link\" data-id-ec=\"{\" shn=\"\" textlink=\"\" data-k5a-pos=\"1_deichstube\" rel=\"nofollow noopener\" target=\"_blank\">DeichStube<\/a><\/li>\n<li class=\"id-Breadcrumb-item\"><a href=\"https:\/\/www.deichstube.de\/news\/\" class=\"id-Breadcrumb-link\" data-id-ec=\"{\" shn=\"\" textlink=\"\" data-k5a-pos=\"2_news\" rel=\"nofollow noopener\" target=\"_blank\">News<\/a><\/li>\n<\/ol>\n<p class=\"id-Story-timestamp id-Story-timestamp--default\">Stand: 25.08.2025, 09:52 Uhr<\/p>\n<p class=\"id-Story-authors id-Story-authors--default\">Von: <a class=\"id-Story-authors-link lp_west_author\" href=\"https:\/\/www.deichstube.de\/autor\/daniel-cottaeus-jg7o767ir.html\" title=\"Zur Autorenseite von Daniel Cott&#xE4;us\" data-id-ec=\"{\" shn=\"\" author-link=\"\" cott=\"\" data-k5a-pos=\"west_author\" rel=\"nofollow noopener\" target=\"_blank\">Daniel Cott\u00e4us<\/a>, <a class=\"id-Story-authors-link lp_west_author\" href=\"https:\/\/www.deichstube.de\/autor\/bjarne-voigt-lmc197iu5.html\" title=\"Zur Autorenseite von Bjarne Voigt\" data-id-ec=\"{\" shn=\"\" author-link=\"\" voigt=\"\" data-k5a-pos=\"west_author\" rel=\"nofollow noopener\" target=\"_blank\">Bjarne Voigt<\/a><\/p>\n<p class=\"id-Story-interactionBar id-Story-interactionBar--default\">DruckenTeilen<\/p>\n<p class=\"id-StoryElement-leadText\">Die deutliche 1:4-Niederlage gegen Eintracht Frankfurt hat es einmal mehr deutlich gezeigt: Werder Bremen ben\u00f6tigt weiter dringend Verst\u00e4rkungen, um den personell dezimierten Kader zu verst\u00e4rken. So ist der Stand bei Elias Baum und Co.<\/p>\n<p class=\"id-StoryElement-paragraph\">Frankfurt\u00a0\u2013 Um sich ein Bild davon zu machen, wie es aktuell um den Kader des <strong>SV Werder Bremen<\/strong> bestellt ist, gen\u00fcgte w\u00e4hrend <a href=\"https:\/\/www.deichstube.de\/news\/werder-bremen-frust-eintracht-frankfurt-niederlage-stimmen-zum-spiel-kritik-marco-friedl-horst-steffen-bundesliga-zr-93897404.html\" class=\"id-import-Link\" data-id-ec=\"{&quot;sht&quot;:&quot;Container&quot;,&quot;shn&quot;:&quot;Story&quot;,&quot;p&quot;:{&quot;containerType&quot;:&quot;Paragraph&quot;,&quot;displayType&quot;:&quot;Paragraph InlineLink&quot;,&quot;type&quot;:&quot;INLINE_LINK&quot;,&quot;value&quot;:&quot;Ausw&#xE4;rtsspiels gegen Eintracht Frankfurt (1:4)&quot;,&quot;variant&quot;:&quot;standardLink&quot;,&quot;sponsored&quot;:false,&quot;linkHref&quot;:&quot;https:\/\/www.deichstube.de\/news\/werder-bremen-frust-eintracht-frankfurt-niederlage-stimmen-zum-spiel-kritik-marco-friedl-horst-steffen-bundesliga-zr-93897404.html&quot;,&quot;storyElementPosition&quot;:8,&quot;storyElementCount&quot;:19}}\" rel=\"nofollow noopener\" target=\"_blank\">Ausw\u00e4rtsspiels gegen Eintracht Frankfurt (1:4)<\/a> schon ein kurzer Blick auf die Ersatzbank der G\u00e4ste. Dort sa\u00dfen beim Ansto\u00df neun Akteure, von denen f\u00fcnf noch nie in der Bundesliga gespielt hatten. Keke Topp war mit 20 Eins\u00e4tzen noch der erfahrenste Reservist. Werder, so muss man es festhalten, war mit dem allerletzten Aufgebot zum Liga-Auftakt nach Hessen gereist, was sich auch auf dem Platz widerspiegelte \u2013 und ebenso b\u00f6se wie erwartbar r\u00e4chte. Die enorm ersatzgeschw\u00e4chte und personell weiterhin unzureichend verst\u00e4rkte Mannschaft war den Hausherren in allen Belangen unterlegen und verlor vollkommen verdient. Was mit dem Abpfiff eine Frage dr\u00e4ngender denn je in den Fokus r\u00fcckte: <a href=\"https:\/\/www.deichstube.de\/news\/werder-bremen-welche-transfers-svw-noch-plant-positionen-bundesliga-transfer-leihen-wechsel-aussenverteidiger-stuermer-zr-93898278.html\" class=\"id-import-Link\" data-id-ec=\"{&quot;sht&quot;:&quot;Container&quot;,&quot;shn&quot;:&quot;Story&quot;,&quot;p&quot;:{&quot;containerType&quot;:&quot;Paragraph&quot;,&quot;displayType&quot;:&quot;Paragraph InlineLink&quot;,&quot;type&quot;:&quot;INLINE_LINK&quot;,&quot;value&quot;:&quot;Wann kommen endlich weitere Neuzug&#xE4;nge&quot;,&quot;variant&quot;:&quot;standardLink&quot;,&quot;sponsored&quot;:false,&quot;linkHref&quot;:&quot;https:\/\/www.deichstube.de\/news\/werder-bremen-welche-transfers-svw-noch-plant-positionen-bundesliga-transfer-leihen-wechsel-aussenverteidiger-stuermer-zr-93898278.html&quot;,&quot;storyElementPosition&quot;:8,&quot;storyElementCount&quot;:19}}\" rel=\"nofollow noopener\" target=\"_blank\">Wann kommen endlich weitere <strong>Neuzug\u00e4nge<\/strong><\/a>?<\/p>\n<p><img decoding=\"async\" class=\"id-RatioPlaceholder-element wv_story_el_image\" src=\"https:\/\/www.europesays.com\/de\/wp-content\/uploads\/2025\/08\/39429280-werder-bremens-sportchef-clemens-fritz-hat-nach-der-ernuechternden-pleite-bei-eintracht-fra.jpeg\" loading=\"lazy\"   height=\"619\" width=\"1100\" alt=\"Werder Bremens Sportchef Clemens Fritz hat nach der ern&#xFC;chternden 1:4-Pleite bei Eintracht Frankfurt erneut Transfers versprochen. Kommt Elias Baum?\"\/>Werder Bremens Sportchef Clemens Fritz hat nach der ern\u00fcchternden 1:4-Pleite bei Eintracht Frankfurt erneut Transfers versprochen. Kommt Elias Baum? \u00a9\u00a0IMAGO \/ Jan Huebner \/ DeFodi ImagesWeiter keine Transfers: Wann kommen endlich weitere Neuzug\u00e4nge zum SV Werder Bremen?<\/p>\n<p class=\"id-StoryElement-paragraph\">Adressat der Frage war Sportchef <strong>Clemens Fritz<\/strong>, der in dieser Sache erste Ansprechpartner bei <strong>Werder Bremen<\/strong>. In den Katakomben des Frankfurter Stadions versicherte der Ex-Profi: \u201eWir werden noch etwas tun.\u201c Und etwas ausf\u00fchrlicher: \u201eUns bleibt zwar nicht mehr viel Zeit, aber es sind noch einige Tage. In denen werden wir versuchen, die bestm\u00f6glichen L\u00f6sungen umzusetzen.\u201c\n<\/p>\n<p>Am 1. September, Montag in einer Woche, f\u00e4llt um 18 Uhr der Hammer, dann schlie\u00dft das Sommer-Transferfenster in Deutschland. Allzu lange ist das nicht mehr hin \u2013 vor allem, wenn man bedenkt, dass die Bremer To-Do-Liste etliche Eintr\u00e4ge umfasst. Ben\u00f6tigt und gesucht werden: ein neuer Mittelst\u00fcrmer, m\u00f6glichst zwei neue Au\u00dfenverteidiger, gerne auch eine Alternative f\u00fcr das defensive und wenn machbar sogar auch f\u00fcr das offensive Mittelfeld. Anders ausgedr\u00fcckt: <a href=\"https:\/\/www.deichstube.de\/news\/werder-bremen-transferstau-horst-steffen-findet-deutliche-worte-bundesliga-transfers-eintracht-frankfurt-93894135.html\" class=\"id-import-Link\" data-id-ec=\"{&quot;sht&quot;:&quot;Container&quot;,&quot;shn&quot;:&quot;Story&quot;,&quot;p&quot;:{&quot;containerType&quot;:&quot;Paragraph&quot;,&quot;displayType&quot;:&quot;Paragraph InlineLink&quot;,&quot;type&quot;:&quot;INLINE_LINK&quot;,&quot;value&quot;:&quot;Aus dem bisherigen Transfer-Stau muss am Osterdeich in den n&#xE4;chsten Tagen schon ein wahrer Transfer-Erdrutsch werden&quot;,&quot;variant&quot;:&quot;standardLink&quot;,&quot;sponsored&quot;:false,&quot;linkHref&quot;:&quot;https:\/\/www.deichstube.de\/news\/werder-bremen-transferstau-horst-steffen-findet-deutliche-worte-bundesliga-transfers-eintracht-frankfurt-93894135.html&quot;,&quot;storyElementPosition&quot;:12,&quot;storyElementCount&quot;:19}}\" rel=\"nofollow noopener\" target=\"_blank\">Aus dem bisherigen <strong>Transfer-Stau <\/strong>muss am Osterdeich in den n\u00e4chsten Tagen schon ein wahrer Transfer-Erdrutsch werden<\/a>, wenn das alles abgearbeitet werden soll. Unwahrscheinlich.<\/p>\n<p>Knackpunkt Gehaltsgef\u00fcge: Werder Bremens Sportchef Clemens Fritz erkl\u00e4rt ausbleibende Transfers<\/p>\n<p class=\"id-StoryElement-paragraph\">\u201eWir sind enorm gebeutelt durch die vielen Ausf\u00e4lle\u201c, hielt <strong>Clemens Fritz<\/strong> fest, und tats\u00e4chlich schmerzt vor allem das Fehlen der Leistungstr\u00e4ger Jens Stage (Belastungsreaktion im Fu\u00df) und Mitchell Weiser (Kreuzbandriss) enorm. Aufzufangen ist das laut Fritz kaum: \u201eEs gibt Spieler, die k\u00f6nnen wir nicht eins zu eins kompensieren. Wir k\u00f6nnen nur das machen, was in unserem Budget liegt.\u201c Der Knackpunkt, so erkl\u00e4rte es der Sportchef des <strong>SV Werder Bremen<\/strong>, ist aktuell das Thema Gehaltsgef\u00fcge. \u201eWir haben beim Gehaltsbudget einen vorgegebenen Rahmen, in dem wir uns bewegen m\u00fcssen. Innerhalb dessen m\u00fcssen wir das Bestm\u00f6gliche herausholen\u201c, sagte Fritz \u2013 und betonte: \u201eEs ist eine Herausforderung, einen Spieler zu finden, der uns wirklich besser macht.\u201c\n<\/p>\n<p>Dass das Umfeld angesichts der sich <a href=\"https:\/\/www.deichstube.de\/news\/werder-bremen-transfer-stau-der-stand-bei-michael-gregoritsch-andi-zeqiri-isaac-schmidt-alexander-schwolow-karl-hein-bundesliga-zr-93890332.html\" class=\"id-import-Link\" data-id-ec=\"{&quot;sht&quot;:&quot;Container&quot;,&quot;shn&quot;:&quot;Story&quot;,&quot;p&quot;:{&quot;containerType&quot;:&quot;Paragraph&quot;,&quot;displayType&quot;:&quot;Paragraph InlineLink&quot;,&quot;type&quot;:&quot;INLINE_LINK&quot;,&quot;value&quot;:&quot;ewig hinziehenden Verpflichtung von Isaac Schmidt&quot;,&quot;variant&quot;:&quot;standardLink&quot;,&quot;sponsored&quot;:false,&quot;linkHref&quot;:&quot;https:\/\/www.deichstube.de\/news\/werder-bremen-transfer-stau-der-stand-bei-michael-gregoritsch-andi-zeqiri-isaac-schmidt-alexander-schwolow-karl-hein-bundesliga-zr-93890332.html&quot;,&quot;storyElementPosition&quot;:16,&quot;storyElementCount&quot;:19}}\" rel=\"nofollow noopener\" target=\"_blank\">ewig hinziehenden Verpflichtung von Isaac Schmidt<\/a> sowie den gescheiterten (und zuvor ebenso langen) Bem\u00fchungen um Andr\u00e9 Silva l\u00e4ngst die Geduld verloren hat, wei\u00df Fritz. Er nennt es \u201everst\u00e4ndlich\u201c, denn: \u201eDie Ergebnisse haben zuletzt nicht gestimmt. Nat\u00fcrlich wird es im Umfeld jetzt nicht ruhiger.\u201c Wichtig sei aber, \u201edass wir intern zusammenbleiben und weiter an unseren Themen arbeiten\u201c. Eines davon tr\u00e4gt nach wie vor den Namen <strong>Elias Baum<\/strong>.\n<\/p>\n<p>Nach Informationen der <strong>DeichStube <\/strong>bem\u00fchen sich die Bremer weiterhin um eine Ausleihe des 19-j\u00e4hrigen Au\u00dfenverteidigers, der in Diensten von <strong>Eintracht Frankfurt<\/strong> steht und mit Werder-Trainer Horst Steffen bereits bei der SV Elversberg erfolgreich zusammengearbeitet hat. Dass es <strong>Elias Baum<\/strong> f\u00fcr das Spiel gegen die Bremer nicht in den Eintracht-Kader schaffte, wurde vor Ort als eine Art Fingerzeig gewertet, dass es wom\u00f6glich zur (leihweisen) Trennung kommt. Frankfurts Sportchef <strong>Markus Kr\u00f6sche<\/strong> antwortete nach dem Spiel auf die Frage, ob er bereit sei, Baum abzugeben allerdings mit: \u201eStand jetzt, nein.\u201c Offen, wie es in der Personalie weitergeht.<\/p>\n<p>Transfers? Werder-Sportchef Clemens Fritz: \u201eWir h\u00e4tten in den letzten zwei Wochen schon einen Spieler verpflichten k\u00f6nnen\u201c<\/p>\n<p class=\"id-StoryElement-paragraph\">Klar ist: Ohne neue Spieler d\u00fcrfte es f\u00fcr <strong>Werder Bremen <\/strong>sehr schwer werden, sich in der <strong>Bundesliga <\/strong>zu behaupten. Das ist auch der Mannschaft bewusst. \u201eJa, ich glaube schon\u201c, sagte Mittelfeldspieler Senne Lynen, als er gefragt wurde, ob man sich Sorgen um Werder machen m\u00fcsse, falls nichts mehr passiert. Laut <strong>Clemens Fritz<\/strong> ein Szenario, das nicht eintreten wird.<\/p>\n<p>\u201eEs ist nicht so, dass ich in den letzten drei Wochen auf der faulen Haut gelegen h\u00e4tte und nur zugeschaut habe, was am Markt passiert. Wir h\u00e4tten sicher in den letzten zwei Wochen schon einen Spieler verpflichten k\u00f6nnen, aber wir verfallen nicht in Aktionismus, nur weil es Kritik von au\u00dfen gibt\u201c, sagte der 44-J\u00e4hrige \u2013 und hob hervor: \u201eEs ist wichtig, ruhig zu bleiben und die richtigen Entscheidungen zu treffen.\u201c (dco)<\/p>\n","protected":false},"excerpt":{"rendered":"DeichStube News Stand: 25.08.2025, 09:52 Uhr Von: Daniel Cott\u00e4us, Bjarne Voigt DruckenTeilen Die deutliche 1:4-Niederlage gegen Eintracht Frankfurt&hellip;\n","protected":false},"author":2,"featured_media":371682,"comment_status":"","ping_status":"","sticky":false,"template":"","format":"standard","meta":{"footnotes":""},"categories":[136],"tags":[29,30,265],"class_list":{"0":"post-371681","1":"post","2":"type-post","3":"status-publish","4":"format-standard","5":"has-post-thumbnail","7":"category-sport","8":"tag-deutschland","9":"tag-germany","10":"tag-sport"},"share_on_mastodon":{"url":"https:\/\/pubeurope.com\/@de\/115088877944969271","error":""},"_links":{"self":[{"href":"https:\/\/www.europesays.com\/de\/wp-json\/wp\/v2\/posts\/371681","targetHints":{"allow":["GET"]}}],"collection":[{"href":"https:\/\/www.europesays.com\/de\/wp-json\/wp\/v2\/posts"}],"about":[{"href":"https:\/\/www.europesays.com\/de\/wp-json\/wp\/v2\/types\/post"}],"author":[{"embeddable":true,"href":"https:\/\/www.europesays.com\/de\/wp-json\/wp\/v2\/users\/2"}],"replies":[{"embeddable":true,"href":"https:\/\/www.europesays.com\/de\/wp-json\/wp\/v2\/comments?post=371681"}],"version-history":[{"count":0,"href":"https:\/\/www.europesays.com\/de\/wp-json\/wp\/v2\/posts\/371681\/revisions"}],"wp:featuredmedia":[{"embeddable":true,"href":"https:\/\/www.europesays.com\/de\/wp-json\/wp\/v2\/media\/371682"}],"wp:attachment":[{"href":"https:\/\/www.europesays.com\/de\/wp-json\/wp\/v2\/media?parent=371681"}],"wp:term":[{"taxonomy":"category","embeddable":true,"href":"https:\/\/www.europesays.com\/de\/wp-json\/wp\/v2\/categories?post=371681"},{"taxonomy":"post_tag","embeddable":true,"href":"https:\/\/www.europesays.com\/de\/wp-json\/wp\/v2\/tags?post=371681"}],"curies":[{"name":"wp","href":"https:\/\/api.w.org\/{rel}","templated":true}]}}