{"id":371721,"date":"2025-08-25T10:34:15","date_gmt":"2025-08-25T10:34:15","guid":{"rendered":"https:\/\/www.europesays.com\/de\/371721\/"},"modified":"2025-08-25T10:34:15","modified_gmt":"2025-08-25T10:34:15","slug":"mehr-fahrten-eurobahn-und-national-express-kehren-teilweise-zum-regelfahrplan-zurueck-nachrichten-aus-ostwestfalen-lippe","status":"publish","type":"post","link":"https:\/\/www.europesays.com\/de\/371721\/","title":{"rendered":"Mehr Fahrten: Eurobahn und National Express kehren teilweise zum Regelfahrplan zur\u00fcck | Nachrichten aus Ostwestfalen-Lippe"},"content":{"rendered":"<p id=\"absatz1\" class=\"em_text\">Bielefeld. Bauarbeiten, Personalmangel, hohe Krankenst\u00e4nde: Seit Monaten kommt es auf zahlreichen Bahnlinien des \u00f6ffentlichen Nahverkehrs in OWL zu Einschr\u00e4nkungen. Nun kehren einige von Eurobahn und National Express betriebene Verbindungen zu den Regelfahrpl\u00e4nen zur\u00fcck.<\/p>\n<p id=\"absatz2\" class=\"em_text\">Im April 2024 hatte die Eurobahn Reduzierungen im Fahrplan angek\u00fcndigt, im Mai dieses Jahres teilte das Unternehmen dann die R\u00fcckkehr zum Regelfahrplan auf einigen Linien mit. Dazu geh\u00f6rt vor allem die Regionalbahn (RB) 67 zwischen Bielefeld und M\u00fcnster (\u201eDer Warendorfer\u201c), die ab dem 25. August wieder den Abschnitt zwischen Rheda-Wiedenbr\u00fcck und Bielefeld bef\u00e4hrt.<\/p>\n<p id=\"absatz4\" class=\"em_text\">Auch die Regionalbahn (RB) 89 (\u201eEms-B\u00f6rde-Bahn\u201c), die M\u00fcnster und Warburg \u00fcber Paderborn verbindet, nimmt seit dem 25. August wieder den Regelfahrplan auf. Das best\u00e4tigt Eurobahn-Sprecherin Elke-Katharina Sajovitz auf Nachfrage dieser Redaktion.<\/p>\n<p>Zwischen Bielefeld und Altenbeken weiter Einschr\u00e4nkungen<\/p>\n<p id=\"absatz5\" class=\"em_text\">Der Grund f\u00fcr die R\u00fcckkehr zu den Regelfahrpl\u00e4nen sei die sich langsam bessernde Personalsituation, sagt Sajovitz. Bestehen bleiben jedoch weiterhin Probleme der Infrastruktur, die f\u00fcr Ausf\u00e4lle und Versp\u00e4tungen sorgen k\u00f6nnen.<\/p>\n<p id=\"absatz6\" class=\"em_text\">Beim Regionalexpress 82 (\u201eDer Leineweber\u201c) zwischen Bielefeld, Detmold und Altenbeken bleibt der Fahrplan vorerst reduziert und ist mit Schienenersatzverkehr versehen. Wie lange das noch der Fall sein wird, kann Sajovitz aktuell nicht sagen. \u201eWir wollen erst zum Regelfahrplan zur\u00fcckkehren, wenn wir das auch stabil gew\u00e4hrleisten k\u00f6nnen\u201c, so die Sprecherin.<\/p>\n<p>&#8222;&gt;\n<\/p>\n<p class=\"head\">Empfohlener redaktioneller Inhalt<\/p>\n<p class=\"privacy-main-info-text\">Wir bieten an dieser Stelle weitere externe Informationen zu dem Artikel an. Mit einem Klick k\u00f6nnen Sie sich diese anzeigen lassen und auch wieder ausblenden.<\/p>\n<p class=\"privacy-info\">Wenn Sie sich externe Inhalte anzeigen lassen, erkl\u00e4ren Sie sich damit einverstanden, dass personenbezogene Daten an Drittplattformen \u00fcbermittelt werden.<a target=\"_blank\" href=\"https:\/\/www.lz.de\/microsites\/datenschutz\" rel=\"noopener\"> Weitere Hinweise dazu finden Sie in unserer Datenschutzerkl\u00e4rung.<\/a><\/p>\n<p id=\"absatz7\" class=\"em_text\">Ab dem 6. Oktober kehren jedoch angrenzend an OWL Linien im sogenannten \u201eTeutoburger-Wald-Netz\u201c zum Fahrplan zur\u00fcck. Das betrifft die Regionalbahn 65 (\u201eEms-Bahn\u201c) und Regionalbahn 66 (\u201eTeuto-Bahn\u201c), die zwischen M\u00fcnster und Rheine beziehungsweise M\u00fcnster und Osnabr\u00fcck verkehren. Ab dem 6. Oktober fahren die Linien wieder nach Fahrplan.<\/p>\n<p>Auch National Express kehrt zum Regelfahrplan zur\u00fcck<\/p>\n<p id=\"absatz8\" class=\"em_text\">Nicht nur bei der Eurobahn gibt es Wiederaufnahmen des Regelfahrplans, sondern auch bei National Express. F\u00fcr zahlreiche Pendler in der Region relevant ist vor allem der RE 6, der zwischen Minden und K\u00f6ln\/Bonn Flughafen f\u00e4hrt. Bislang war es hier ab 21 Uhr zu Einschr\u00e4nkungen im Fahrplan gekommen, ab dem 6. September werde der Regelfahrplan wieder aufgenommen, hei\u00dft es seitens des Unternehmens.<\/p>\n<p>Diese Linien von Eurobahn und National Express kehren zum Regelfahrplan zur\u00fcck:<br \/>\nHier ist in OWL weiter mit Einschr\u00e4nkungen zu rechen:<\/p>\n<ul>\n<li><b class=\"bold\">Eurobahn RE 82<\/b>, \u201eDer Leineweber\u201c: Bis auf Weiteres kommt es zu Schienenersatzverkehr und Einschr\u00e4nkungen im Fahrplan <\/li>\n<\/ul>\n","protected":false},"excerpt":{"rendered":"Bielefeld. Bauarbeiten, Personalmangel, hohe Krankenst\u00e4nde: Seit Monaten kommt es auf zahlreichen Bahnlinien des \u00f6ffentlichen Nahverkehrs in OWL zu&hellip;\n","protected":false},"author":2,"featured_media":371722,"comment_status":"","ping_status":"","sticky":false,"template":"","format":"standard","meta":{"footnotes":""},"categories":[1841],"tags":[25008,63143,1605,3364,16397,29,28880,73982,14303,30,730,1611,4280,2378,8405,1613,4186,1209,15616,22059,727,9946,101346,55711,29962,1297],"class_list":{"0":"post-371721","1":"post","2":"type-post","3":"status-publish","4":"format-standard","5":"has-post-thumbnail","7":"category-bielefeld","8":"tag-einschrnkung","9":"tag-altenbeken","10":"tag-bielefeld","11":"tag-de","12":"tag-detmold","13":"tag-deutschland","14":"tag-ems","15":"tag-eurobahn","16":"tag-fahrplan","17":"tag-germany","18":"tag-label_grafik","19":"tag-label_informiere-mich","20":"tag-label_l-120","21":"tag-label_umfrage","22":"tag-mnster","23":"tag-meta_userneeds_informieremich","24":"tag-nahverkehr","25":"tag-nordrhein-westfalen","26":"tag-osnabrck","27":"tag-owl","28":"tag-paderborn","29":"tag-personalmangel","30":"tag-regelfahrplan","31":"tag-rheda-wiedenbrck","32":"tag-rheine","33":"tag-warburg"},"share_on_mastodon":{"url":"https:\/\/pubeurope.com\/@de\/115088960259240799","error":""},"_links":{"self":[{"href":"https:\/\/www.europesays.com\/de\/wp-json\/wp\/v2\/posts\/371721","targetHints":{"allow":["GET"]}}],"collection":[{"href":"https:\/\/www.europesays.com\/de\/wp-json\/wp\/v2\/posts"}],"about":[{"href":"https:\/\/www.europesays.com\/de\/wp-json\/wp\/v2\/types\/post"}],"author":[{"embeddable":true,"href":"https:\/\/www.europesays.com\/de\/wp-json\/wp\/v2\/users\/2"}],"replies":[{"embeddable":true,"href":"https:\/\/www.europesays.com\/de\/wp-json\/wp\/v2\/comments?post=371721"}],"version-history":[{"count":0,"href":"https:\/\/www.europesays.com\/de\/wp-json\/wp\/v2\/posts\/371721\/revisions"}],"wp:featuredmedia":[{"embeddable":true,"href":"https:\/\/www.europesays.com\/de\/wp-json\/wp\/v2\/media\/371722"}],"wp:attachment":[{"href":"https:\/\/www.europesays.com\/de\/wp-json\/wp\/v2\/media?parent=371721"}],"wp:term":[{"taxonomy":"category","embeddable":true,"href":"https:\/\/www.europesays.com\/de\/wp-json\/wp\/v2\/categories?post=371721"},{"taxonomy":"post_tag","embeddable":true,"href":"https:\/\/www.europesays.com\/de\/wp-json\/wp\/v2\/tags?post=371721"}],"curies":[{"name":"wp","href":"https:\/\/api.w.org\/{rel}","templated":true}]}}