{"id":371943,"date":"2025-08-25T12:40:11","date_gmt":"2025-08-25T12:40:11","guid":{"rendered":"https:\/\/www.europesays.com\/de\/371943\/"},"modified":"2025-08-25T12:40:11","modified_gmt":"2025-08-25T12:40:11","slug":"pol-hh-250825-4-polizei-nimmt-mutmassliche-einbrecher-in-hamburg-lohbruegge","status":"publish","type":"post","link":"https:\/\/www.europesays.com\/de\/371943\/","title":{"rendered":"POL-HH: 250825-4. Polizei nimmt mutma\u00dfliche Einbrecher in Hamburg-Lohbr\u00fcgge &#8230;"},"content":{"rendered":"<p class=\"date\">25.08.2025 \u2013 14:35<\/p>\n<p class=\"customer\">\n                        <a class=\"story-customer\" title=\"weiter zum newsroom von Polizei Hamburg\" href=\"https:\/\/www.presseportal.de\/blaulicht\/nr\/6337\" target=\"_blank\" rel=\"noopener\">Polizei Hamburg<\/a>\n                    <\/p>\n<p><a data-category=\"citylink-story-view\" data-action=\"click\" data-label=\"Citylink in Meldungsansicht\" class=\"story-city event-trigger\" href=\"https:\/\/www.presseportal.de\/regional\/Hamburg\" title=\"News aus Hamburg \" target=\"_blank\" rel=\"noopener\">Hamburg<\/a> (ots)<\/p>\n<p>Tatzeit: 22.08.2025, 04:58 Uhr<\/p>\n<p>Tatort: Hamburg-Lohbr\u00fcgge, Goerdelerstra\u00dfe<\/p>\n<p>Freitagmorgen haben Einsatzkr\u00e4fte des Bergedorfer Polizeikommissariats (PK 43) zwei 23 und 38 Jahre alte M\u00e4nner vorl\u00e4ufig festgenommen. Sie stehen im Verdacht, zuvor in ein Reihenhaus im Stadtteil Lohbr\u00fcgge eingebrochen zu haben.<\/p>\n<p>Eine 53-J\u00e4hrige wachte aufgrund verd\u00e4chtiger Ger\u00e4usche am fr\u00fchen Freitagmorgen auf und informierte den Notruf der Polizei. Umgehend zum Einsatzort entsandte Funkstreifenwagenbesatzungen des PK 43 umstellten das Reihenhaus und nahmen kurze Zeit sp\u00e4ter noch im Hausflur den 23-j\u00e4hrigen Marokkaner sowie den 38 Jahre alten Algerier auf frischer Tat vorl\u00e4ufig fest. Bei ihren Durchsuchungen entdeckten die Polizistinnen und Polizisten mutma\u00dfliches Diebesgut und stellten dieses sicher.<\/p>\n<p>Der Kriminaldauerdienst (LKA 26) f\u00fchrte die ersten Ermittlungen am Tatort, welche bereits am Freitag durch das LKA 19 (Spezielle Einbruchskriminalit\u00e4t\/&#8220;Castle&#8220;) \u00fcbernommen wurden. Im Rahmen dieser stellte sich heraus, dass sich die beiden M\u00e4nner offenbar \u00fcber ein auf Kipp stehendes Fenster im Erdgeschoss Zugang zu dem Wohnobjekt verschafft hatten.<\/p>\n<p>Die beiden mutma\u00dflichen Einbrecher wurden nach Durchf\u00fchrung aller polizeilichen Ma\u00dfnahmen dem Untersuchungsgef\u00e4ngnis zugef\u00fchrt. Ein Richter erlie\u00df gegen beide einen Untersuchungshaftbefehl wegen des Verdachts des Wohnungseinbruchdiebstahls.<\/p>\n<p>Die Ermittlungen des LKA 19 dauern an. Hierbei pr\u00fcfen die Beamtinnen und Beamten insbesondere auch, ob die beiden M\u00e4nner f\u00fcr weitere, \u00e4hnlich gelagerte Taten in Betracht kommen.<\/p>\n<p>Zim.<\/p>\n<p class=\"contact-headline\">R\u00fcckfragen der Medien bitte an:<\/p>\n<p class=\"contact-text\">Polizei Hamburg<br \/>Presse- und \u00d6ffentlichkeitsarbeit<br \/>S\u00f6ren Zimbal<br \/>Telefon: +49 40 4286-56214<br \/>E-Mail: <a href=\"https:\/\/www.presseportal.de\/blaulicht\/pm\/6337\/mailto: polizeipressestelle@polizei.hamburg.de\" class=\"uri-mailto\" target=\"_blank\" rel=\"noopener\"> polizeipressestelle@polizei.hamburg.de<\/a><br \/><a target=\"_blank\" class=\"uri-ext outbound\" rel=\"noopener\" href=\"https:\/\/www.polizei.hamburg\">www.polizei.hamburg<\/a><\/p>\n<p class=\"originator\">Original-Content von: Polizei Hamburg, \u00fcbermittelt durch news aktuell<\/p>\n","protected":false},"excerpt":{"rendered":"25.08.2025 \u2013 14:35 Polizei Hamburg Hamburg (ots) Tatzeit: 22.08.2025, 04:58 Uhr Tatort: Hamburg-Lohbr\u00fcgge, Goerdelerstra\u00dfe Freitagmorgen haben Einsatzkr\u00e4fte des&hellip;\n","protected":false},"author":2,"featured_media":320445,"comment_status":"","ping_status":"","sticky":false,"template":"","format":"standard","meta":{"footnotes":""},"categories":[1826],"tags":[29,30,692,691,177,121,178,180,179,181],"class_list":{"0":"post-371943","1":"post","2":"type-post","3":"status-publish","4":"format-standard","5":"has-post-thumbnail","7":"category-hamburg","8":"tag-deutschland","9":"tag-germany","10":"tag-hamburg","11":"tag-hh","12":"tag-kriminalitt","13":"tag-polizei","14":"tag-presse","15":"tag-pressemeldung","16":"tag-pressemitteilung","17":"tag-pressemitteilungen"},"share_on_mastodon":{"url":"https:\/\/pubeurope.com\/@de\/115089455471427898","error":""},"_links":{"self":[{"href":"https:\/\/www.europesays.com\/de\/wp-json\/wp\/v2\/posts\/371943","targetHints":{"allow":["GET"]}}],"collection":[{"href":"https:\/\/www.europesays.com\/de\/wp-json\/wp\/v2\/posts"}],"about":[{"href":"https:\/\/www.europesays.com\/de\/wp-json\/wp\/v2\/types\/post"}],"author":[{"embeddable":true,"href":"https:\/\/www.europesays.com\/de\/wp-json\/wp\/v2\/users\/2"}],"replies":[{"embeddable":true,"href":"https:\/\/www.europesays.com\/de\/wp-json\/wp\/v2\/comments?post=371943"}],"version-history":[{"count":0,"href":"https:\/\/www.europesays.com\/de\/wp-json\/wp\/v2\/posts\/371943\/revisions"}],"wp:featuredmedia":[{"embeddable":true,"href":"https:\/\/www.europesays.com\/de\/wp-json\/wp\/v2\/media\/320445"}],"wp:attachment":[{"href":"https:\/\/www.europesays.com\/de\/wp-json\/wp\/v2\/media?parent=371943"}],"wp:term":[{"taxonomy":"category","embeddable":true,"href":"https:\/\/www.europesays.com\/de\/wp-json\/wp\/v2\/categories?post=371943"},{"taxonomy":"post_tag","embeddable":true,"href":"https:\/\/www.europesays.com\/de\/wp-json\/wp\/v2\/tags?post=371943"}],"curies":[{"name":"wp","href":"https:\/\/api.w.org\/{rel}","templated":true}]}}