{"id":371988,"date":"2025-08-25T13:05:15","date_gmt":"2025-08-25T13:05:15","guid":{"rendered":"https:\/\/www.europesays.com\/de\/371988\/"},"modified":"2025-08-25T13:05:15","modified_gmt":"2025-08-25T13:05:15","slug":"baumrettung-in-chemnitz-ahorn-bleibt-vorerst-stehen","status":"publish","type":"post","link":"https:\/\/www.europesays.com\/de\/371988\/","title":{"rendered":"Baumrettung in Chemnitz: Ahorn bleibt vorerst stehen"},"content":{"rendered":"<p data-end=\"540\" data-start=\"289\">In der Further Stra\u00dfe in Chemnitz haben Anwohner am Montagmorgen die F\u00e4llung eines rund hundert Jahre alten Ahorns verhindert. Sie besetzten den Baum, der im Innenhof eines Wohnkarrees steht, und stoppten damit den geplanten Einsatz einer Fachfirma.<\/p>\n<p data-end=\"732\" data-start=\"542\"><strong>\u201eDurch Zufall habe ich mitbekommen, dass der Baum heute gef\u00e4llt werden soll. Kurzerhand habe ich alles in Bewegung gesetzt, um das hier zu verhindern\u201c, sagte die 46-j\u00e4hrige <a href=\"https:\/\/www.theater-chemnitz.de\/spielplan\/kuenstlerdetails\/370\" target=\"_blank\" rel=\"noreferrer nofollow noopener\">Elzbeta Laabs.<\/a><\/strong><\/p>\n<p>Hintergrund des Vorhabens<\/p>\n<p data-end=\"1083\" data-start=\"765\">Der Ahorn sollte weichen, um den Bau einer Tiefgarage zu erm\u00f6glichen. F\u00fcr die geplante unterirdische Zufahrt w\u00e4re das Wurzelwerk besch\u00e4digt worden. Nach Angaben der Anwohner liegt der Baum auf einer Grundst\u00fccksgrenze, weshalb beide Seiten einer F\u00e4llung zustimmen m\u00fcssten. Dieses Einverst\u00e4ndnis habe es nicht gegeben.<\/p>\n<p>Baum steht unter Schutz<\/p>\n<p data-end=\"1482\" data-start=\"1114\">Hinzu kommt die aktuelle Vegetationszeit. In dieser d\u00fcrfen B\u00e4ume grunds\u00e4tzlich nicht gef\u00e4llt werden. Zudem handelt es sich um einen gesch\u00fctzten Baum. Das bedeutet: F\u00fcr eine F\u00e4llung m\u00fcsste eine Sondergenehmigung vorliegen. Daf\u00fcr w\u00e4re wiederum ein Artenschutzgutachten n\u00f6tig, das nachweist, dass in dem Baum keine streng gesch\u00fctzten Arten vorkommen \u2013 etwa Flederm\u00e4use.<\/p>\n<p>Zweifel an Gutachten<\/p>\n<p data-end=\"2016\" data-start=\"1510\">Nach Angaben von Laabs wurde zwar eine F\u00e4llgenehmigung erteilt, doch sei das zugrunde liegende Baumgutachten rechtlich anfechtbar. Es enthalte keine klare Begr\u00fcndung, warum der Baum ausgerechnet in der Vegetationszeit entfernt werden solle. Schwere Sch\u00e4den, die eine sofortige F\u00e4llung rechtfertigen w\u00fcrden, l\u00e4gen nicht vor. Zudem habe die Eigent\u00fcmergemeinschaft das Gutachten nie offiziell erhalten. Laabs erfuhr nach eigenen Worten nur durch ihre T\u00e4tigkeit als Baumkontrolleurin und ihre Kontakte davon.<\/p>\n<p>Unterst\u00fctzung durch Musiker<\/p>\n<p data-end=\"2348\" data-start=\"2051\">Laabs ist auch Operns\u00e4ngerin am Theater Chemnitz. \u201eIch habe die Thematik auch dort zum Besten gegeben und sofort viele Unterst\u00fctzer gefunden\u201c, sagte sie. Musikerinnen und Musiker der <a href=\"https:\/\/www.theater-chemnitz.de\/service\/presse\/philharmonie\/robert-schumann-philharmonie\" target=\"_blank\" rel=\"noreferrer nofollow noopener\">Robert-Schumann-Philharmonie<\/a> spielten am Montag vor Ort und machten so friedlich auf die Situation aufmerksam.<\/p>\n<p data-end=\"2614\" data-start=\"2350\"><strong>Besonders auff\u00e4llig war die Aktion ihres Mannes: Er arbeitet wie sie im Opernchor, ist zudem Baumpfleger, Baumkontrolleur, Baumwart \u2013 und Hornist. Er kletterte in die Krone des Ahorns. \u201eSolange jemand im Baum ist, kann auch nicht gef\u00e4llt werden\u201c, erkl\u00e4rte Laabs.<\/strong><\/p>\n<p>Wie es weitergeht<\/p>\n<p data-end=\"2876\" data-start=\"2639\">Die Stadt best\u00e4tigte, dass bislang nur eine Zwischenentscheidung zur Baugenehmigung vorliegt. Ein umfassendes Baum- und Artenschutzgutachten soll im Herbst erstellt werden. Laabs k\u00fcndigte an, notfalls auch den Rechtsweg zu beschreiten.<\/p>\n<p>Symbol f\u00fcr Baumrettung<\/p>\n<p data-end=\"3078\" data-start=\"2906\">Der alte Ahorn ist f\u00fcr viele Anwohner zum Symbol der Baumrettung geworden. Ob er dauerhaft erhalten bleibt, entscheiden nun weitere Pr\u00fcfungen und m\u00f6glicherweise Gerichte.<\/p>\n","protected":false},"excerpt":{"rendered":"In der Further Stra\u00dfe in Chemnitz haben Anwohner am Montagmorgen die F\u00e4llung eines rund hundert Jahre alten Ahorns&hellip;\n","protected":false},"author":2,"featured_media":371989,"comment_status":"","ping_status":"","sticky":false,"template":"","format":"standard","meta":{"footnotes":""},"categories":[1851],"tags":[2770,3364,29,548,663,3934,30,13,14,15,859,12],"class_list":{"0":"post-371988","1":"post","2":"type-post","3":"status-publish","4":"format-standard","5":"has-post-thumbnail","7":"category-chemnitz","8":"tag-chemnitz","9":"tag-de","10":"tag-deutschland","11":"tag-eu","12":"tag-europa","13":"tag-europe","14":"tag-germany","15":"tag-headlines","16":"tag-nachrichten","17":"tag-news","18":"tag-sachsen","19":"tag-schlagzeilen"},"share_on_mastodon":{"url":"https:\/\/pubeurope.com\/@de\/115089553842464794","error":""},"_links":{"self":[{"href":"https:\/\/www.europesays.com\/de\/wp-json\/wp\/v2\/posts\/371988","targetHints":{"allow":["GET"]}}],"collection":[{"href":"https:\/\/www.europesays.com\/de\/wp-json\/wp\/v2\/posts"}],"about":[{"href":"https:\/\/www.europesays.com\/de\/wp-json\/wp\/v2\/types\/post"}],"author":[{"embeddable":true,"href":"https:\/\/www.europesays.com\/de\/wp-json\/wp\/v2\/users\/2"}],"replies":[{"embeddable":true,"href":"https:\/\/www.europesays.com\/de\/wp-json\/wp\/v2\/comments?post=371988"}],"version-history":[{"count":0,"href":"https:\/\/www.europesays.com\/de\/wp-json\/wp\/v2\/posts\/371988\/revisions"}],"wp:featuredmedia":[{"embeddable":true,"href":"https:\/\/www.europesays.com\/de\/wp-json\/wp\/v2\/media\/371989"}],"wp:attachment":[{"href":"https:\/\/www.europesays.com\/de\/wp-json\/wp\/v2\/media?parent=371988"}],"wp:term":[{"taxonomy":"category","embeddable":true,"href":"https:\/\/www.europesays.com\/de\/wp-json\/wp\/v2\/categories?post=371988"},{"taxonomy":"post_tag","embeddable":true,"href":"https:\/\/www.europesays.com\/de\/wp-json\/wp\/v2\/tags?post=371988"}],"curies":[{"name":"wp","href":"https:\/\/api.w.org\/{rel}","templated":true}]}}