{"id":372021,"date":"2025-08-25T13:23:11","date_gmt":"2025-08-25T13:23:11","guid":{"rendered":"https:\/\/www.europesays.com\/de\/372021\/"},"modified":"2025-08-25T13:23:11","modified_gmt":"2025-08-25T13:23:11","slug":"klingbeil-sagt-ukraine-weitere-hilfen-und-sicherheitsgarantien-zu","status":"publish","type":"post","link":"https:\/\/www.europesays.com\/de\/372021\/","title":{"rendered":"Klingbeil sagt Ukraine weitere Hilfen und Sicherheitsgarantien zu"},"content":{"rendered":"<p class=\"metatextline\">Stand: 25.08.2025 14:59 Uhr<\/p>\n<p class=\"textabsatz columns twelve  m-ten  m-offset-one l-eight l-offset-two\">\n        <strong>Vizekanzler Klingbeil hat der Ukraine weitere Hilfen in Milliardenh\u00f6he zugesagt. Zudem betonte er die deutsche Bereitschaft zur Beteiligung an m\u00f6glichen Sicherheitsgarantien. Deutschland werde sich nicht &#8222;wegducken&#8220;.<\/strong>\n    <\/p>\n<p class=\"textabsatz m-ten m-offset-one l-eight l-offset-two columns twelve\">\nDeutschland wird der Ukraine im Kampf gegen Russland weitere Hilfen in Milliardenh\u00f6he leisten. Das sagte Vizekanzler Klingbeil bei seinem Besuch in Kiew. &#8222;Wir werden die Ukraine j\u00e4hrlich mit neun Milliarden unterst\u00fctzen&#8220;, sagte er in der ukrainischen Hauptstadt. &#8222;Das ist ein gro\u00dfer Beitrag.&#8220; Die Bundesrepublik sei in Europa der gr\u00f6\u00dfte Unterst\u00fctzer der Ukraine.<\/p>\n<p class=\"textabsatz m-ten m-offset-one l-eight l-offset-two columns twelve\">\nKlingbeil \u00e4u\u00dferte sich auch zu m\u00f6glichen Sicherheitsgarantien f\u00fcr das von Russland angegriffene Land. &#8222;Wir haben immer gezeigt in den dreieinhalb Jahren, die dieser Krieg jetzt andauert, dass wir uns nicht wegducken, sondern dass wir an der Seite der Ukrainerinnen und Ukrainer stehen&#8220;, sagte Klingbeil. &#8222;Und das wird auch f\u00fcr Sicherheitsgarantien gelten.&#8220;<\/p>\n<p class=\"textabsatz m-ten m-offset-one l-eight l-offset-two columns twelve\">\nDie Gespr\u00e4che f\u00fcr Sicherheitsgarantien st\u00fcnden zwar erst am Anfang und es gebe &#8222;ganz unterschiedliche M\u00f6glichkeiten, wie die Sicherheitsgarantien aussehen k\u00f6nnen&#8220;.<\/p>\n<p>    Klingbeil setzt auf starke ukrainische Armee<\/p>\n<p class=\"textabsatz m-ten m-offset-one l-eight l-offset-two columns twelve\">\nF\u00fcr Klingbeil sei es wichtig, &#8222;dass wir auf der einen Seite eine wirklich starke, auch verteidigungsf\u00e4hige ukrainische Armee haben&#8220;, sagte der SPD-Politiker. &#8222;Und das Zweite ist, dass auch hier in der Ukraine die R\u00fcstungsproduktion hochgefahren wird und die Ukraine dadurch in die Lage versetzt wird, sich zu verteidigen und auch abzuschrecken&#8220;, fuhr Klingbeil fort.<\/p>\n<p class=\"textabsatz m-ten m-offset-one l-eight l-offset-two columns twelve\">\nWichtig sei aber auch die Einleitung eines Friedensprozesses. &#8222;Ich suche in enger Abstimmung mit dem Bundeskanzler den Austausch, wie Deutschland die Ukraine bei einem m\u00f6glichen Friedensprozess bestm\u00f6glich unterst\u00fctzen kann&#8220;, erkl\u00e4rte Klingbeil. &#8222;Es liegt nun an Russland, endlich ein ernsthaftes Interesse an einem gerechten Frieden zu zeigen.&#8220; Russlands Pr\u00e4sident Wladimir Putin m\u00fcsse seinen brutalen Angriffskrieg endlich beenden.<\/p>\n<p class=\"textabsatz m-ten m-offset-one l-eight l-offset-two columns twelve\">\nF\u00fcr die Bundesregierung sei klar, dass es keine Verhandlungen \u00fcber die K\u00f6pfe der Ukrainer hinweg geben k\u00f6nne. Klingbeil betonte zudem, dass sich die von Russland angegriffene Ukraine &#8222;weiter auf Deutschland verlassen&#8220; k\u00f6nne.<\/p>\n<p>    Selenskyj fordert erneut die Stationierung ausl\u00e4ndischer Truppen<\/p>\n<p class=\"textabsatz m-ten m-offset-one l-eight l-offset-two columns twelve\">\nWelche Sicherheitsgarantien f\u00fcr die Ukraine es im Falle einer Waffenruhe mit Russland geben k\u00f6nne, ist seit Monaten Gegenstand von Diskussionen. Am Sonntag, dem Unabh\u00e4ngigkeitstag der Ukraine, hatte der ukrainische Pr\u00e4sident Wolodymyr Selenskyj erneut die Stationierung ausl\u00e4ndischer Truppen in der Ukraine nach einem Ende des Krieges gefordert.<\/p>\n<p class=\"textabsatz m-ten m-offset-one l-eight l-offset-two columns twelve\">\nZuvor war NATO-Generalsekret\u00e4r Mark Rutte am Freitag in Kiew gewesen und hatte &#8222;robuste Sicherheitsgarantien&#8220; der westlichen Verb\u00fcndeten f\u00fcr die Ukraine gefordert. US-Pr\u00e4sident Donald Trump hatte sich zuletzt dazu bereit erkl\u00e4rt, europ\u00e4ische Friedenstruppen aus der Luft abzusichern. Russland lehnt die Stationierung europ\u00e4ischer Truppen in der Ukraine jedoch strikt ab.<\/p>\n<p class=\"textabsatz m-ten m-offset-one l-eight l-offset-two columns twelve\">\nFinanzminister Klingbeil war am Morgen in Kiew eingetroffen. Es ist sein erster Besuch als Vizekanzler in der ukrainischen Hauptstadt seit Kriegsbeginn. Neben einem Gespr\u00e4ch mit seinem Amtskollegen Sergej Martschenko traf er auch den ukrainischen Pr\u00e4sidenten Wolodymyr Selenskyj.<\/p>\n","protected":false},"excerpt":{"rendered":"Stand: 25.08.2025 14:59 Uhr Vizekanzler Klingbeil hat der Ukraine weitere Hilfen in Milliardenh\u00f6he zugesagt. Zudem betonte er die&hellip;\n","protected":false},"author":2,"featured_media":372022,"comment_status":"","ping_status":"","sticky":false,"template":"","format":"standard","meta":{"footnotes":""},"categories":[4012],"tags":[331,332,13,21619,14,15,12,116,317],"class_list":{"0":"post-372021","1":"post","2":"type-post","3":"status-publish","4":"format-standard","5":"has-post-thumbnail","7":"category-ukraine","8":"tag-aktuelle-nachrichten","9":"tag-aktuelle-news","10":"tag-headlines","11":"tag-klingbeil","12":"tag-nachrichten","13":"tag-news","14":"tag-schlagzeilen","15":"tag-selenskyj","16":"tag-ukraine"},"share_on_mastodon":{"url":"https:\/\/pubeurope.com\/@de\/115089624696439332","error":""},"_links":{"self":[{"href":"https:\/\/www.europesays.com\/de\/wp-json\/wp\/v2\/posts\/372021","targetHints":{"allow":["GET"]}}],"collection":[{"href":"https:\/\/www.europesays.com\/de\/wp-json\/wp\/v2\/posts"}],"about":[{"href":"https:\/\/www.europesays.com\/de\/wp-json\/wp\/v2\/types\/post"}],"author":[{"embeddable":true,"href":"https:\/\/www.europesays.com\/de\/wp-json\/wp\/v2\/users\/2"}],"replies":[{"embeddable":true,"href":"https:\/\/www.europesays.com\/de\/wp-json\/wp\/v2\/comments?post=372021"}],"version-history":[{"count":0,"href":"https:\/\/www.europesays.com\/de\/wp-json\/wp\/v2\/posts\/372021\/revisions"}],"wp:featuredmedia":[{"embeddable":true,"href":"https:\/\/www.europesays.com\/de\/wp-json\/wp\/v2\/media\/372022"}],"wp:attachment":[{"href":"https:\/\/www.europesays.com\/de\/wp-json\/wp\/v2\/media?parent=372021"}],"wp:term":[{"taxonomy":"category","embeddable":true,"href":"https:\/\/www.europesays.com\/de\/wp-json\/wp\/v2\/categories?post=372021"},{"taxonomy":"post_tag","embeddable":true,"href":"https:\/\/www.europesays.com\/de\/wp-json\/wp\/v2\/tags?post=372021"}],"curies":[{"name":"wp","href":"https:\/\/api.w.org\/{rel}","templated":true}]}}