{"id":372031,"date":"2025-08-25T13:29:14","date_gmt":"2025-08-25T13:29:14","guid":{"rendered":"https:\/\/www.europesays.com\/de\/372031\/"},"modified":"2025-08-25T13:29:14","modified_gmt":"2025-08-25T13:29:14","slug":"ocean-viking-mit-eu-foerderung-libysche-kuestenwache-beschiesst-rettungsschiff","status":"publish","type":"post","link":"https:\/\/www.europesays.com\/de\/372031\/","title":{"rendered":"Ocean Viking \u2013 Mit EU-F\u00f6rderung: Libysche K\u00fcstenwache beschie\u00dft Rettungsschiff"},"content":{"rendered":"<p>\t\t\t\t\t\t<img decoding=\"async\" id=\"img310418\" src=\"https:\/\/www.europesays.com\/de\/wp-content\/uploads\/2025\/08\/310418.jpeg\" alt=\"Das Rettungsschiffs \u00bbOcean Viking\u00ab 2020 im Hafen von Marseille\"\/><\/p>\n<p>Das Rettungsschiffs \u00bbOcean Viking\u00ab 2020 im Hafen von Marseille<\/p>\n<p>Foto: dpa\/AFP | Nicolas Tucat<\/p>\n<p>Seit mehr als zehn Jahren beteiligt sich die EU nun schon an v\u00f6lkerrechtswidrigen Pushbacks und Menschenrechtsverletzungen im Mittelmeer \u2013 unter anderem mit hunderten Millionen Euro, die in erheblichen Teilen der sogenannten libyschen K\u00fcstenwache in Form von Geld, Ausr\u00fcstung und Booten zugutekommen. Sollen damit offiziell Kapazit\u00e4ten zur Seenotrettung und Migrationskontrolle aufgebaut werden, erkauft sich die EU in der Realit\u00e4t staatlich organisierte Piraterie vor den eigenen Au\u00dfengrenzen: Die libysche K\u00fcstenwache f\u00e4ngt Schlauchbote voller Gefl\u00fcchteter ab, schie\u00dft auf sie und verschleppt Menschen nach Libyen, wo sie in Lagern nicht selten Folter oder Tod erwartet. <\/p>\n<p>Auch vor Rettungsschiffen unter europ\u00e4ischer Flagge gibt es wenig Zur\u00fcckhaltung: Am Sonntag wurde, so teilte die zivile Seenotrettungsorganisation \u00bbSOS Medit\u00e9rran\u00e9e\u00ab mit, eines ihrer Schiffe \u00bbin internationalen Gew\u00e4ssern absichtlich und gewaltsam <a href=\"https:\/\/www.nd-aktuell.de\/artikel\/1193538.rettungsschiff-schwerer-angriff-auf-ocean-viking.html\" target=\"_blank\" rel=\"noopener\">von der libyschen K\u00fcstenwache attackiert<\/a>\u00ab. Hunderte Sch\u00fcsse seien auf das Schiff abgegeben worden, auf dem sich zu der Zeit 87 Menschen befanden. Kurz zuvor hatte die \u00bbOcean Viking\u00ab nach eigenen Angaben 47 auf einem Schlauchboot treibende Gefl\u00fcchtete aus dem Sudan gerettet \u2013 davon neun minderj\u00e4hrige. Fotos zeigen Patronenh\u00fclsen und zerschossene Fenster. Zum Gl\u00fcck wurde niemand verletzt.<\/p>\n<p>Doch es ist nicht das erste Mal, dass libysche Patrouillen aggressiv gegen zivile Rettungsschiffe vorgehen: Ein bekannter Fall ereignete sich etwa 2018, als das Schiff \u00bbOpen Arms\u00ab nach eigenen Angaben mit Schusswaffen bedroht wurde, um die Herausgabe von 200 Gefl\u00fcchteten zu erwirken. Viele solcher Einsch\u00fcchterungen wurden dokumentiert.<\/p>\n<p>Derzeit laufen noch mehrere EU-Programme bis mindestens 2027, um unter anderem diese K\u00fcstenwache \u2013 die tats\u00e4chlich eher eine Miliz unter verschiedenen F\u00fchrungen ist \u2013 weiter aufzubauen. So lange l\u00e4sst die EU weiterhin abdr\u00e4ngen, verschleppen und schie\u00dfen.<\/p>\n","protected":false},"excerpt":{"rendered":"Das Rettungsschiffs \u00bbOcean Viking\u00ab 2020 im Hafen von Marseille Foto: dpa\/AFP | Nicolas Tucat Seit mehr als zehn&hellip;\n","protected":false},"author":2,"featured_media":372032,"comment_status":"","ping_status":"","sticky":false,"template":"","format":"standard","meta":{"footnotes":""},"categories":[3933],"tags":[331,332,7876,548,663,158,3934,3935,13,37860,700,14,15,12],"class_list":{"0":"post-372031","1":"post","2":"type-post","3":"status-publish","4":"format-standard","5":"has-post-thumbnail","7":"category-eu","8":"tag-aktuelle-nachrichten","9":"tag-aktuelle-news","10":"tag-einwanderung","11":"tag-eu","12":"tag-europa","13":"tag-europaeische-union","14":"tag-europe","15":"tag-european-union","16":"tag-headlines","17":"tag-libyen","18":"tag-mittelmeer","19":"tag-nachrichten","20":"tag-news","21":"tag-schlagzeilen"},"share_on_mastodon":{"url":"https:\/\/pubeurope.com\/@de\/115089648150592858","error":""},"_links":{"self":[{"href":"https:\/\/www.europesays.com\/de\/wp-json\/wp\/v2\/posts\/372031","targetHints":{"allow":["GET"]}}],"collection":[{"href":"https:\/\/www.europesays.com\/de\/wp-json\/wp\/v2\/posts"}],"about":[{"href":"https:\/\/www.europesays.com\/de\/wp-json\/wp\/v2\/types\/post"}],"author":[{"embeddable":true,"href":"https:\/\/www.europesays.com\/de\/wp-json\/wp\/v2\/users\/2"}],"replies":[{"embeddable":true,"href":"https:\/\/www.europesays.com\/de\/wp-json\/wp\/v2\/comments?post=372031"}],"version-history":[{"count":0,"href":"https:\/\/www.europesays.com\/de\/wp-json\/wp\/v2\/posts\/372031\/revisions"}],"wp:featuredmedia":[{"embeddable":true,"href":"https:\/\/www.europesays.com\/de\/wp-json\/wp\/v2\/media\/372032"}],"wp:attachment":[{"href":"https:\/\/www.europesays.com\/de\/wp-json\/wp\/v2\/media?parent=372031"}],"wp:term":[{"taxonomy":"category","embeddable":true,"href":"https:\/\/www.europesays.com\/de\/wp-json\/wp\/v2\/categories?post=372031"},{"taxonomy":"post_tag","embeddable":true,"href":"https:\/\/www.europesays.com\/de\/wp-json\/wp\/v2\/tags?post=372031"}],"curies":[{"name":"wp","href":"https:\/\/api.w.org\/{rel}","templated":true}]}}