{"id":372104,"date":"2025-08-25T14:09:33","date_gmt":"2025-08-25T14:09:33","guid":{"rendered":"https:\/\/www.europesays.com\/de\/372104\/"},"modified":"2025-08-25T14:09:33","modified_gmt":"2025-08-25T14:09:33","slug":"schick-wohnen-in-eningen-traumhaus-mit-einem-hauch-las-vegas-so-lebt-eine-grosse-familie-am-fuss-der-alb-kultur","status":"publish","type":"post","link":"https:\/\/www.europesays.com\/de\/372104\/","title":{"rendered":"Schick wohnen in Eningen: Traumhaus mit einem Hauch Las Vegas \u2013 so lebt eine gro\u00dfe Familie am Fu\u00df der Alb &#8211; Kultur"},"content":{"rendered":"<p>Eine Familie mit f\u00fcnf Kindern w\u00fcnscht sich ein glamour\u00f6ses Zuhause. Und so hat ein Stuttgarter Innenarchitekt das Einfamilienhaus aus den 1960ern umgestaltet. Ein Besuch in Eningen.<\/p>\n<p>Larry sei Dank leben Nadine und Matthias Albert mit ihren Kindern heute in einem h\u00f6chst elegant gestalteten Haus. Es ist ein <a href=\"https:\/\/www.esslinger-zeitung.de\/inhalt.architektur-im-remstal-ein-bungalow-der-es-in-sich-hat.645ec158-184b-4f29-8dc2-fe3379fd5ab3.html\" target=\"_blank\" rel=\"nofollow noopener\">Flachdachgeb\u00e4ude<\/a>, dem man zwar ansieht, dass es aus den 1960ern stammt, aber eben in einer zeitgem\u00e4\u00dfen Version aus dem Jahr 2025. Also, Larry, der kleine Hund der Familie, noch nicht ganz stubenrein, ruinierte den hellen hochflorigen Teppich <a href=\"https:\/\/www.esslinger-zeitung.de\/inhalt.gut-wohnen-in-stuttgart-7-der-besten-ideen-fuer-wohnzimmer-in-stuttgarter-architektenhaeusern.40e8d2bc-4234-4368-853d-012f3e9fcc72.html\" target=\"_blank\" rel=\"nofollow noopener\">im Wohnzimmer<\/a>. <\/p>\n","protected":false},"excerpt":{"rendered":"Eine Familie mit f\u00fcnf Kindern w\u00fcnscht sich ein glamour\u00f6ses Zuhause. Und so hat ein Stuttgarter Innenarchitekt das Einfamilienhaus&hellip;\n","protected":false},"author":2,"featured_media":372105,"comment_status":"","ping_status":"","sticky":false,"template":"","format":"standard","meta":{"footnotes":""},"categories":[1775],"tags":[101423,1793,29,7599,101421,214,30,27704,80,1794,1441,101422,215,1463],"class_list":{"0":"post-372104","1":"post","2":"type-post","3":"status-publish","4":"format-standard","5":"has-post-thumbnail","7":"category-kunst-und-design","8":"tag-alb","9":"tag-art-and-design","10":"tag-deutschland","11":"tag-einfamilienhaus","12":"tag-eningen","13":"tag-entertainment","14":"tag-germany","15":"tag-innenarchitektur","16":"tag-kultur","17":"tag-kunst-und-design","18":"tag-stuttgart","19":"tag-umbauen","20":"tag-unterhaltung","21":"tag-wohnen"},"share_on_mastodon":{"url":"https:\/\/pubeurope.com\/@de\/115089805502391288","error":""},"_links":{"self":[{"href":"https:\/\/www.europesays.com\/de\/wp-json\/wp\/v2\/posts\/372104","targetHints":{"allow":["GET"]}}],"collection":[{"href":"https:\/\/www.europesays.com\/de\/wp-json\/wp\/v2\/posts"}],"about":[{"href":"https:\/\/www.europesays.com\/de\/wp-json\/wp\/v2\/types\/post"}],"author":[{"embeddable":true,"href":"https:\/\/www.europesays.com\/de\/wp-json\/wp\/v2\/users\/2"}],"replies":[{"embeddable":true,"href":"https:\/\/www.europesays.com\/de\/wp-json\/wp\/v2\/comments?post=372104"}],"version-history":[{"count":0,"href":"https:\/\/www.europesays.com\/de\/wp-json\/wp\/v2\/posts\/372104\/revisions"}],"wp:featuredmedia":[{"embeddable":true,"href":"https:\/\/www.europesays.com\/de\/wp-json\/wp\/v2\/media\/372105"}],"wp:attachment":[{"href":"https:\/\/www.europesays.com\/de\/wp-json\/wp\/v2\/media?parent=372104"}],"wp:term":[{"taxonomy":"category","embeddable":true,"href":"https:\/\/www.europesays.com\/de\/wp-json\/wp\/v2\/categories?post=372104"},{"taxonomy":"post_tag","embeddable":true,"href":"https:\/\/www.europesays.com\/de\/wp-json\/wp\/v2\/tags?post=372104"}],"curies":[{"name":"wp","href":"https:\/\/api.w.org\/{rel}","templated":true}]}}