{"id":372110,"date":"2025-08-25T14:12:14","date_gmt":"2025-08-25T14:12:14","guid":{"rendered":"https:\/\/www.europesays.com\/de\/372110\/"},"modified":"2025-08-25T14:12:14","modified_gmt":"2025-08-25T14:12:14","slug":"britney-spears-emotionale-worte-ueber-ihre-zwei-soehne","status":"publish","type":"post","link":"https:\/\/www.europesays.com\/de\/372110\/","title":{"rendered":"Britney Spears: Emotionale Worte \u00fcber ihre zwei S\u00f6hne"},"content":{"rendered":"<p>        Popstar<br \/>\n      Britney Spears schreibt emotionale Worte \u00fcber ihre S\u00f6hne<\/p>\n<p>            Kopiere den aktuellen Link<\/p>\n<p>          Zur Merkliste hinzuf\u00fcgen<\/p>\n<p>Britney Spears schaut auf die schwersten Jahre ihres Lebens zur\u00fcck. Bis heute versucht sie, davon zu heilen. Nun isst sie Kekse und Eis \u2013 und f\u00fchlt sich besser.<\/p>\n<p class=\"typo-body-md typo-body-lg@lg is-initial\">Britney Spears hat in einem emotionalen<a class=\"link--external\" href=\"https:\/\/www.instagram.com\/p\/DNwlVfbwIfh\/\" rel=\"nofollow noopener\" target=\"_blank\"> Instagram-Posting<\/a> verraten, wie schwer es f\u00fcr sie war, jahrelang keinen Kontakt zu ihren S\u00f6hnen zu haben.<\/p>\n<p>  War Britney Spears&#8216; Ehe mit Sam Asghari nur eine Ablenkung?<\/p>\n<p class=\"typo-body-md typo-body-lg@lg\">&#8222;Wir sind einfach Menschen, die so zerbrechlich und menschlich sind, die schwersten Jahre meines Lebens waren, als meine beiden S\u00f6hne f\u00fcr drei Jahre weg waren&#8220;, betonte die S\u00e4ngerin am 25. August. Sie sei von Telefonaten oder SMS-Schreiben in dieser Zeit &#8222;abgeschnitten&#8220; worden. Ihr \u00dcberlebensgeheimnis seien Verleugnung und viele Tr\u00e4nen gewesen. Ihre inzwischen ebenfalls gescheiterte <a class=\"taxonomy-entity keyword\" data-target-type=\"article\" href=\"https:\/\/www.stern.de\/news2\/themen\/ehe-6868868.html\" target=\"_self\" rel=\"nofollow noopener\">Ehe<\/a> mit Sam Asghari habe sich &#8222;fast wie eine falsche Ablenkung&#8220; angef\u00fchlt, um ihr dabei zu helfen, mit der schwierigen Situation umzugehen.<\/p>\n<p class=\"typo-body-md typo-body-lg@lg\">Inzwischen geht es ihr offenbar besser: &#8222;Nun, ich wei\u00df, dass ich heile, weil ich wieder hungrig bin wie ein Kind oder Baby &#8230; Ich bin so hungrig, dass es weh tut.&#8220; Sie esse nun sogar Dinge wie Kekse und Eis, was sie zuvor nie getan habe. &#8222;Meine Seele hat in meinem Leben noch nie so ein Essen erlebt.&#8220;<\/p>\n<p>        Jimmy Fallon, Britney Spears &amp; Co.: Stars, die von Fans gerettet wurden<\/p>\n<p><img decoding=\"async\" class=\"image\" src=\"https:\/\/www.europesays.com\/de\/wp-content\/uploads\/2025\/08\/1jimmyfallon.jpg\"   loading=\"lazy\" fetchpriority=\"auto\" alt=\"Jimmy Fallon: verirrt, verwirrt und von Fans nach Hause gebracht  Der amerikanische TV-Star besuchte w\u00e4hrend seines Europa-Urlaubs auch eines der Adele-Konzerte in M\u00fcnchen. Und dort geschah es: Fallon brach von seinem Hotel noch zu einem n\u00e4chtlichen Spaziergang auf \u2013 und fand nicht mehr zur\u00fcck. Der 49-J\u00e4hrige stolperte \u00fcber Felder, das Handy fast leer, f\u00fcrchtete sich vor Schlangen, versuchte, auf der Autobahn Vorbeifahrende zu stoppen, alles vergebens. &quot;Ich war vollkommen verloren&quot;. Die Rettung kam in Person des 22-j\u00e4hrigen Leon Ewerdwalbesloh und seiner Mutter. Fallon hatte ihn in einer Autowerkstatt angesprochen und sie bot an, ihn zur\u00fcck ins Hotel zu chauffieren. Der erleichterte Showmaster zeigte sich zutiefst dankbar: &quot;Wenn ihr mal in New York seid, ruft mich bitte an und kommt in meine Show.&quot;\" title=\"Leute: Jimmy Fallon: verirrt, verwirrt und von Fans nach Hause gebracht Der amerikanische TV-Star besuchte w\u00e4hrend seines Europa-Urlaubs auch eines der Adele-Konzerte in M\u00fcnchen. Und dort geschah es: Fallon brach von seinem Hotel noch zu einem n\u00e4chtlichen Spaziergang auf \u2013 und fand nicht mehr zur\u00fcck. Der 49-J\u00e4hrige stolperte \u00fcber Felder, das Handy fast leer, f\u00fcrchtete sich vor Schlangen, versuchte, auf der Autobahn Vorbeifahrende zu stoppen, alles vergebens. &quot;Ich war vollkommen verloren&quot;. Die Rettung kam in Person des 22-j\u00e4hrigen Leon Ewerdwalbesloh und seiner Mutter. Fallon hatte ihn in einer Autowerkstatt angesprochen und sie bot an, ihn zur\u00fcck ins Hotel zu chauffieren. Der erleichterte Showmaster zeigte sich zutiefst dankbar: &quot;Wenn ihr mal in New York seid, ruft mich bitte an und kommt in meine Show.&quot;\"\/><\/p>\n<p><strong>Jimmy Fallon: verirrt, verwirrt und von Fans nach Hause gebracht<\/strong><br \/>Der amerikanische TV-Star besuchte w\u00e4hrend seines Europa-Urlaubs auch eines der Adele-Konzerte in M\u00fcnchen. Und dort geschah es: Fallon brach von seinem Hotel noch zu einem n\u00e4chtlichen Spaziergang auf \u2013 und fand nicht mehr zur\u00fcck. Der 49-J\u00e4hrige stolperte \u00fcber Felder, das Handy fast leer, f\u00fcrchtete sich vor Schlangen, versuchte, auf der Autobahn Vorbeifahrende zu stoppen, alles vergebens. &#8222;Ich war vollkommen verloren&#8220;. Die Rettung kam in Person des 22-j\u00e4hrigen Leon Ewerdwalbesloh und seiner Mutter. Fallon hatte ihn in einer Autowerkstatt angesprochen und sie bot an, ihn zur\u00fcck ins Hotel zu chauffieren. Der erleichterte Showmaster zeigte sich zutiefst dankbar: &#8222;Wenn ihr mal in New York seid, ruft mich bitte an und kommt in meine Show.&#8220;<\/p>\n<p>\u00a9\u00a0AP<\/p>\n<p>                Mehr<br \/>\n                Bilduntertitel \u00f6ffnen<\/p>\n<p>                Bilduntertitel schlie\u00dfen<\/p>\n<p>  <a class=\"ws-gallery__button\" href=\"https:\/\/www.stern.de\/kultur\/jimmy-fallon--cher---co---stars--denen-fans-das-leben-retteten-34974772.html\" rel=\"prev\" role=\"button\" slot=\"previous\"><\/p>\n<p>    Zur\u00fcck<br \/>\n  <\/a><br \/>\n  <a class=\"ws-gallery__button\" href=\"https:\/\/www.stern.de\/kultur\/jimmy-fallon--cher---co---stars--denen-fans-das-leben-retteten_34974786-34974772.html\" rel=\"next\" role=\"button\" slot=\"next\"><\/p>\n<p>    Weiter<br \/>\n  <\/a><\/p>\n<p>  Federlines Buch soll im Oktober erscheinen<\/p>\n<p class=\"typo-body-md typo-body-lg@lg\"><a class=\"\" data-target-type=\"article\" href=\"https:\/\/www.stern.de\/lifestyle\/leute\/themen\/britney-spears-4540774.html\" target=\"_self\" rel=\"nofollow noopener\">Britney Spears<\/a> und Kevin Federline waren von 2004 bis 2007 verheiratet und haben die gemeinsamen S\u00f6hne Sean Preston, 19, und Jayden James, 18. Nach dem Zusammenbruch der S\u00e4ngerin erhielt er das Hauptsorgerecht f\u00fcr die Kinder. Im Buch &#8222;You Thought You Knew&#8220;, das am 21. Oktober erscheinen soll, will Federline seine Version der Geschichte erz\u00e4hlen. Es soll einerseits die H\u00f6hen seiner Tanzkarriere mit Superstars wie Michael Jackson, Pink und Destiny&#8217;s Child beleuchten. Andererseits auch um seine Vaterschaft unter den erschwerten Bedingungen des Ruhms gehen.<\/p>\n<p>\n    SpotOnNews\n  <\/p>\n<p>\n    bal\n  <\/p>\n<p>  <script async src=\"\/\/www.instagram.com\/embed.js\"><\/script><\/p>\n","protected":false},"excerpt":{"rendered":"Popstar Britney Spears schreibt emotionale Worte \u00fcber ihre S\u00f6hne Kopiere den aktuellen Link Zur Merkliste hinzuf\u00fcgen Britney Spears&hellip;\n","protected":false},"author":2,"featured_media":372111,"comment_status":"","ping_status":"","sticky":false,"template":"","format":"standard","meta":{"footnotes":""},"categories":[1772],"tags":[29,214,30,1779,810,215],"class_list":{"0":"post-372110","1":"post","2":"type-post","3":"status-publish","4":"format-standard","5":"has-post-thumbnail","7":"category-musik","8":"tag-deutschland","9":"tag-entertainment","10":"tag-germany","11":"tag-music","12":"tag-musik","13":"tag-unterhaltung"},"share_on_mastodon":{"url":"https:\/\/pubeurope.com\/@de\/115089817469319100","error":""},"_links":{"self":[{"href":"https:\/\/www.europesays.com\/de\/wp-json\/wp\/v2\/posts\/372110","targetHints":{"allow":["GET"]}}],"collection":[{"href":"https:\/\/www.europesays.com\/de\/wp-json\/wp\/v2\/posts"}],"about":[{"href":"https:\/\/www.europesays.com\/de\/wp-json\/wp\/v2\/types\/post"}],"author":[{"embeddable":true,"href":"https:\/\/www.europesays.com\/de\/wp-json\/wp\/v2\/users\/2"}],"replies":[{"embeddable":true,"href":"https:\/\/www.europesays.com\/de\/wp-json\/wp\/v2\/comments?post=372110"}],"version-history":[{"count":0,"href":"https:\/\/www.europesays.com\/de\/wp-json\/wp\/v2\/posts\/372110\/revisions"}],"wp:featuredmedia":[{"embeddable":true,"href":"https:\/\/www.europesays.com\/de\/wp-json\/wp\/v2\/media\/372111"}],"wp:attachment":[{"href":"https:\/\/www.europesays.com\/de\/wp-json\/wp\/v2\/media?parent=372110"}],"wp:term":[{"taxonomy":"category","embeddable":true,"href":"https:\/\/www.europesays.com\/de\/wp-json\/wp\/v2\/categories?post=372110"},{"taxonomy":"post_tag","embeddable":true,"href":"https:\/\/www.europesays.com\/de\/wp-json\/wp\/v2\/tags?post=372110"}],"curies":[{"name":"wp","href":"https:\/\/api.w.org\/{rel}","templated":true}]}}