{"id":373020,"date":"2025-08-25T22:28:13","date_gmt":"2025-08-25T22:28:13","guid":{"rendered":"https:\/\/www.europesays.com\/de\/373020\/"},"modified":"2025-08-25T22:28:13","modified_gmt":"2025-08-25T22:28:13","slug":"platzkultur-auf-dem-holstenplatz-kiel-magazin-de","status":"publish","type":"post","link":"https:\/\/www.europesays.com\/de\/373020\/","title":{"rendered":"PlatzKultur auf dem Holstenplatz &#8211; kiel-magazin.de"},"content":{"rendered":"<p> Gem\u00fctliches Mitbring-Picknick am Nachmittag <\/p>\n<p><strong>Der Tag beginnt von 14.00 bis 18.00 Uhr mit einem entspannten Mitbring-Picknick<\/strong>. Die Besucherinnen und Besucher k\u00f6nnen ihre eigenen Speisen mitbringen und diese gem\u00fctlich im Halbschatten des Platzes genie\u00dfen. <a title=\"kiel-magazin.de \u2013 Unser Artikel zu Kulturgrenzenlos\" href=\"https:\/\/www.kiel-magazin.de\/..\/artikel\/kulturgrenzenlos-ev\" rel=\"noopener nofollow\" target=\"_blank\">Kulturgrenzenlos<\/a> sorgt f\u00fcr herzhafte Snacks. Zus\u00e4tzlich gibt es Popcorn auf Spendenbasis f\u00fcr alle G\u00e4ste.<\/p>\n<p>Entspannte Hintergrundmusik aus aller Welt schafft die passende Atmosph\u00e4re f\u00fcr den Nachmittag. <strong>Die musikalische Auswahl unterstreicht das internationale Flair der Veranstaltung und l\u00e4dt zum Verweilen ein<\/strong>.<\/p>\n<p> Spielspa\u00df f\u00fcr die j\u00fcngsten Besucher <\/p>\n<p>Familien mit Kindern kommen voll auf ihre Kosten. <strong>Die jungen Besuchenden k\u00f6nnen Beutel bemalen und ihrer Kreativit\u00e4t freien Lauf lassen<\/strong>. Eine Sandkiste bietet zus\u00e4tzlichen Spielspa\u00df f\u00fcr die Kleinsten.<\/p>\n<p>Verschiedene Spielger\u00e4te sorgen f\u00fcr Abwechslung und Bewegung. <strong>Eine Tischtennisplatte l\u00e4dt zu sportlichen Duellen ein<\/strong>. Das Spiel Sling Puck bietet eine weitere M\u00f6glichkeit, sich aktiv zu bet\u00e4tigen und neue Kontakte zu kn\u00fcpfen.<\/p>\n<p> Open-Air-Kino mit internationalen Kurzfilmen <\/p>\n<p>Um 18.00 Uhr startet das Highlight des Abends: das Open-Air-Kino auf einer 15 Quadratmeter gro\u00dfen LED-Leinwand. <strong>Ein einst\u00fcndiges Kurzfilmprogramm er\u00f6ffnet den Kinoabend<\/strong>. Die Auswahl internationaler Filme nimmt die Zuschauer mit auf eine Reise durch verschiedene Kulturen.<\/p>\n<p>Die Kurzfilme behandeln wichtige gesellschaftliche Themen wie Migration und Rassismus. Sie regen zum Nachdenken an und er\u00f6ffnen neue Perspektiven. <strong>Auf vielf\u00e4ltige Weise ber\u00fchren sie die Zuschauerinnen und Zuschauer und schaffen Bewusstsein f\u00fcr aktuelle gesellschaftliche Herausforderungen<\/strong>.<\/p>\n<p> Franz\u00f6sischer Erfolgsfilm als Abschluss <\/p>\n<p><strong>Den kr\u00f6nenden Abschluss bildet um 19.00 Uhr der preisgekr\u00f6nte franz\u00f6sische Spielfilm &#8222;Ziemlich beste Freunde&#8220;<\/strong>. Diese auf einer wahren Begebenheit basierende Geschichte behandelt die Themen Rassismus und Klassismus auf spielerische und zugleich ergreifende Weise.<\/p>\n<p>Der Film zeigt, wie unterschiedliche Menschen trotz gesellschaftlicher Barrieren eine tiefe Freundschaft entwickeln k\u00f6nnen. Er vermittelt wichtige Botschaften \u00fcber Toleranz und Menschlichkeit <strong>und passt perfekt zum Motto &#8222;Kiel ist bunt&#8220;<\/strong>.<\/p>\n<p> Kostenfreies Kulturerlebnis f\u00fcr alle <\/p>\n<p>Die gesamte Veranstaltung ist kostenfrei und richtet sich an alle Menschen aus Kiel und Besucherinnen und Besucher der Stadt. <strong>PlatzKultur schafft einen Ort der Begegnung, an dem Menschen verschiedener Herkunft zusammenkommen k\u00f6nnen<\/strong>. Die Kombination aus Picknick, Kinderprogramm und Kino bietet f\u00fcr jeden Geschmack und jede Altersgruppe das passende Angebot. Der Holstenplatz wird an diesem Tag zu einem Symbol f\u00fcr Vielfalt und Gemeinschaft in Kiel.<\/p>\n<p> Quelle:\u00a0 Kiel-Marketing e.V.  <\/p>\n","protected":false},"excerpt":{"rendered":"Gem\u00fctliches Mitbring-Picknick am Nachmittag Der Tag beginnt von 14.00 bis 18.00 Uhr mit einem entspannten Mitbring-Picknick. Die Besucherinnen&hellip;\n","protected":false},"author":2,"featured_media":373021,"comment_status":"","ping_status":"","sticky":false,"template":"","format":"standard","meta":{"footnotes":""},"categories":[1852],"tags":[3364,29,548,663,3934,30,13,4949,14,15,12,1971],"class_list":{"0":"post-373020","1":"post","2":"type-post","3":"status-publish","4":"format-standard","5":"has-post-thumbnail","7":"category-kiel","8":"tag-de","9":"tag-deutschland","10":"tag-eu","11":"tag-europa","12":"tag-europe","13":"tag-germany","14":"tag-headlines","15":"tag-kiel","16":"tag-nachrichten","17":"tag-news","18":"tag-schlagzeilen","19":"tag-schleswig-holstein"},"share_on_mastodon":{"url":"https:\/\/pubeurope.com\/@de\/115091767543383800","error":""},"_links":{"self":[{"href":"https:\/\/www.europesays.com\/de\/wp-json\/wp\/v2\/posts\/373020","targetHints":{"allow":["GET"]}}],"collection":[{"href":"https:\/\/www.europesays.com\/de\/wp-json\/wp\/v2\/posts"}],"about":[{"href":"https:\/\/www.europesays.com\/de\/wp-json\/wp\/v2\/types\/post"}],"author":[{"embeddable":true,"href":"https:\/\/www.europesays.com\/de\/wp-json\/wp\/v2\/users\/2"}],"replies":[{"embeddable":true,"href":"https:\/\/www.europesays.com\/de\/wp-json\/wp\/v2\/comments?post=373020"}],"version-history":[{"count":0,"href":"https:\/\/www.europesays.com\/de\/wp-json\/wp\/v2\/posts\/373020\/revisions"}],"wp:featuredmedia":[{"embeddable":true,"href":"https:\/\/www.europesays.com\/de\/wp-json\/wp\/v2\/media\/373021"}],"wp:attachment":[{"href":"https:\/\/www.europesays.com\/de\/wp-json\/wp\/v2\/media?parent=373020"}],"wp:term":[{"taxonomy":"category","embeddable":true,"href":"https:\/\/www.europesays.com\/de\/wp-json\/wp\/v2\/categories?post=373020"},{"taxonomy":"post_tag","embeddable":true,"href":"https:\/\/www.europesays.com\/de\/wp-json\/wp\/v2\/tags?post=373020"}],"curies":[{"name":"wp","href":"https:\/\/api.w.org\/{rel}","templated":true}]}}