{"id":373024,"date":"2025-08-25T22:30:12","date_gmt":"2025-08-25T22:30:12","guid":{"rendered":"https:\/\/www.europesays.com\/de\/373024\/"},"modified":"2025-08-25T22:30:12","modified_gmt":"2025-08-25T22:30:12","slug":"beliebtes-restaurant-in-braunschweig-kehrt-zurueck-moechte-nicht-weg-3","status":"publish","type":"post","link":"https:\/\/www.europesays.com\/de\/373024\/","title":{"rendered":"Beliebtes Restaurant in Braunschweig kehrt zur\u00fcck \u2013 &#8222;M\u00f6chte nicht weg&#8220;"},"content":{"rendered":"\n<p>Sabrina Ge\u00dfler hat ein neues Kapitel f\u00fcr das Braunschweiger Restaurant \u201eDer kleine Vegetarier 2\u201c aufgeschlagen. Nach dem pl\u00f6tzlichen Tod des ehemaligen Besitzers Richard Liedtke \u00fcbernahm die 45-J\u00e4hrige das vegetarische Lokal in der Auguststra\u00dfe \u2013 ohne Startkapital, daf\u00fcr mit viel Mut und Entschlossenheit.<\/p>\n<p>\u201eIch m\u00f6chte hier nicht weg\u201c, erkl\u00e4rt sie, denn Liedtke, der f\u00fcr sie wie ein Ersatzvater war, h\u00e4tte gewollt, dass es weitergeht. Doch der Weg zu diesem Neustart war alles andere als einfach.<\/p>\n<p> Braunschweig: Mutiges Handeln war gefragt <\/p>\n<p>Anfang Februar erhielt Ge\u00dfler die Nachricht von Liedtkes unerwartetem Tod. Am Wochenende beriet sie sich mit ihrer Ehefrau und entschied schlie\u00dflich, das Lokal zu \u00fcbernehmen \u2013 obwohl es wie ein Sprung ins kalte Wasser war. \u201eIch wollte die Kinderg\u00e4rten und die Stammkunden nicht im Stich lassen\u201c, sagt Ge\u00dfler zur <a href=\"https:\/\/www.braunschweiger-zeitung.de\/\" target=\"_blank\" rel=\"noreferrer noopener nofollow\">\u201eBraunschweiger Zeitung\u201c<\/a>. Sie selbst hatte vor zehn Jahren als Minijobberin im Restaurant angefangen. Im Laufe der Jahre wurde sie zur wichtigsten rechten Hand des Besitzers und half nicht nur im Laden, sondern erhielt auch Unterst\u00fctzung in ihrem Privatleben. Der Verlust wog schwer, aber Ge\u00dfler wusste, dass sie weitermachen musste.<\/p>\n<p>Neben dem Restaurantbetrieb beliefert das Lokal Kinderg\u00e4rten in Braunschweig mit vegetarischem Mittagessen und bietet Catering an. Diese langj\u00e4hrigen Kunden standen ihr in der schwierigen Anfangsphase zur Seite. Durch Vorauszahlungen der Kinderg\u00e4rten konnte sie die ersten Eink\u00e4ufe t\u00e4tigen.<\/p>\n<p> Unterst\u00fctzung war gefragt <\/p>\n<p>Auch der Vermieter des Lokals half bei diesem Wagnis. Er \u00fcbernahm die Renovierung der R\u00e4umlichkeiten, die zuvor unver\u00e4ndert seit den 1950er-Jahren bestanden hatten. Ge\u00dfler modernisierte das Innere komplett. H\u00f6lzerne Verkaufstresen und gelbe W\u00e4nde wichen einer edlen Theke aus dunklem Holz. Und doch blieb die Verbindung zur Vergangenheit erhalten: Ein Bild des ehemaligen Besitzers ziert nun das Herzst\u00fcck des Restaurants. Ge\u00dfler m\u00f6chte ihn und seine Vision nicht vergessen.<\/p>\n<p>Trotz der Renovierungen konnte sie es sich nicht leisten, den Betrieb komplett einzustellen. W\u00e4hrend der Umbauarbeiten servierte sie ihre Gerichte laut der <a href=\"https:\/\/www.braunschweiger-zeitung.de\/\" target=\"_blank\" rel=\"noreferrer noopener nofollow\">\u201eBraunschweiger Zeitung\u201c <\/a>im Garagenhof hinter dem Restaurant. Viele ihrer Stammg\u00e4ste akzeptierten die provisorische L\u00f6sung geduldig und z\u00e4hlten weiterhin auf das Restaurant. \u201eW\u00e4hrend des Umbaus haben sie zwischenzeitlich ihr Essen im Garagenhof hinter dem Restaurant bekommen\u201c, erz\u00e4hlt Ge\u00dfler \u00fcber den au\u00dfergew\u00f6hnlichen Zusammenhalt in der Braunschweiger Gemeinschaft. F\u00fcr sie seien sie wie eine kleine Familie.<\/p>\n<p>Das Restaurant ist inzwischen wieder offen, auch wenn es \u00e4u\u00dferlich noch unauff\u00e4llig erscheint. F\u00fcr eine Leuchtreklame fehlt aktuell das Geld. Dennoch kehren t\u00e4glich rund 15 Stammg\u00e4ste ein, um die vegetarischen Gerichte und die famili\u00e4re Atmosph\u00e4re zu genie\u00dfen. Wie es in der K\u00fcche abl\u00e4uft und welche kulinarischen Pl\u00e4ne Ge\u00dfler f\u00fcr die Zukunft hat, liest du in der <a href=\"https:\/\/www.braunschweiger-zeitung.de\/niedersachsen\/braunschweig\/article409681168\/nach-ploetzlichem-todesfall-braunschweiger-lokal-wagt-neustart.html\" target=\"_blank\" rel=\"noreferrer noopener nofollow\">\u201eBraunschweiger Zeitung\u201c<\/a>.<\/p>\n<p>Mehr News:<\/p>\n<p>Dieser Artikel wurde teils mit maschineller Unterst\u00fctzung erstellt und vor der Ver\u00f6ffentlichung von der Redaktion sorgf\u00e4ltig gepr\u00fcft.<\/p>\n","protected":false},"excerpt":{"rendered":"Sabrina Ge\u00dfler hat ein neues Kapitel f\u00fcr das Braunschweiger Restaurant \u201eDer kleine Vegetarier 2\u201c aufgeschlagen. Nach dem pl\u00f6tzlichen&hellip;\n","protected":false},"author":2,"featured_media":343304,"comment_status":"","ping_status":"","sticky":false,"template":"","format":"standard","meta":{"footnotes":""},"categories":[1850],"tags":[6429,3364,29,548,663,3934,30,13,14,15,1411,12],"class_list":{"0":"post-373024","1":"post","2":"type-post","3":"status-publish","4":"format-standard","5":"has-post-thumbnail","7":"category-braunschweig","8":"tag-braunschweig","9":"tag-de","10":"tag-deutschland","11":"tag-eu","12":"tag-europa","13":"tag-europe","14":"tag-germany","15":"tag-headlines","16":"tag-nachrichten","17":"tag-news","18":"tag-niedersachsen","19":"tag-schlagzeilen"},"share_on_mastodon":{"url":"https:\/\/pubeurope.com\/@de\/115091775372401034","error":""},"_links":{"self":[{"href":"https:\/\/www.europesays.com\/de\/wp-json\/wp\/v2\/posts\/373024","targetHints":{"allow":["GET"]}}],"collection":[{"href":"https:\/\/www.europesays.com\/de\/wp-json\/wp\/v2\/posts"}],"about":[{"href":"https:\/\/www.europesays.com\/de\/wp-json\/wp\/v2\/types\/post"}],"author":[{"embeddable":true,"href":"https:\/\/www.europesays.com\/de\/wp-json\/wp\/v2\/users\/2"}],"replies":[{"embeddable":true,"href":"https:\/\/www.europesays.com\/de\/wp-json\/wp\/v2\/comments?post=373024"}],"version-history":[{"count":0,"href":"https:\/\/www.europesays.com\/de\/wp-json\/wp\/v2\/posts\/373024\/revisions"}],"wp:featuredmedia":[{"embeddable":true,"href":"https:\/\/www.europesays.com\/de\/wp-json\/wp\/v2\/media\/343304"}],"wp:attachment":[{"href":"https:\/\/www.europesays.com\/de\/wp-json\/wp\/v2\/media?parent=373024"}],"wp:term":[{"taxonomy":"category","embeddable":true,"href":"https:\/\/www.europesays.com\/de\/wp-json\/wp\/v2\/categories?post=373024"},{"taxonomy":"post_tag","embeddable":true,"href":"https:\/\/www.europesays.com\/de\/wp-json\/wp\/v2\/tags?post=373024"}],"curies":[{"name":"wp","href":"https:\/\/api.w.org\/{rel}","templated":true}]}}