{"id":373027,"date":"2025-08-25T22:32:17","date_gmt":"2025-08-25T22:32:17","guid":{"rendered":"https:\/\/www.europesays.com\/de\/373027\/"},"modified":"2025-08-25T22:32:17","modified_gmt":"2025-08-25T22:32:17","slug":"cdu-korrupte-politik-datenpanne-bei-der-stadt-waehler-verarscht","status":"publish","type":"post","link":"https:\/\/www.europesays.com\/de\/373027\/","title":{"rendered":"CDU: korrupte Politik: Datenpanne bei der Stadt? W\u00e4hler verarscht!"},"content":{"rendered":"<p>Das ist schon ekelhaft was AfD und CDU da machen!<br \/>Erst liest man vor geraumer Zeit das AfD und CDU Meldedaten von der Stadt kaufen um Menschen aus der Stadt gezielt anschreiben zu k\u00f6nnen, im Fall der CDU Menschen im Alter von 59- Ende 70, jetzt erf\u00e4hrt man von T-Online das es eine &#8222;Datenpanne&#8220; gab und mehr Daten herausgegeben wurden.<\/p>\n<p>Original:<\/p>\n<p>https:\/\/www.t-online.de\/region\/essen\/id_100884752\/essen-datenpanne-vor-kommunalwahl-cdu-muss-daten-loeschen.html<\/p>\n<p>Ja also was ist schlimmer eigentlich die Datenpanne oder die Tat das Parteien eigens Datens\u00e4tze kaufen?<br \/>Wof\u00fcr die ganzen Daten?<br \/>Ist es im wohle der B\u00fcrger Essens das Daten einfach so verkauft bzw gekauft werden k\u00f6nnen?<\/p>\n<p>Ich finde es ein Unding auch wenn meine Daten gar nicht dabei sind.<br \/>Und nein nur weil das BSW es nicht machen kann derzeit wegen der Kosten finde ich es schlimm!!<br \/>Sondern generell!<br \/>Keine Partei gehen meine Daten was an, wo ich wohne oder dergleichen.<br \/>Ich bzw wir Menschen sollten selbst entscheiden wer sie bekommen darf.<br \/>Ich finde egal zu welcher Zeit geh\u00f6rt es verboten.<\/p>\n<p>Diese angebliche Datenpanne zeigt doch nur was passieren kann.<br \/>Sind sich AfD und CDU zu schade echte Politik zu betreiben?<br \/>Der OB rennt doch schon wie ein verr\u00fcckter von Ort zu Ort um seine achso sch\u00f6ne rosarote Brillen &#8211; Politik unters Volk zu bringen!<br \/>Will er ja zeigen das seine Politik die richtige ist und die alten mit Briefen zus\u00e4tzlich bel\u00e4stigen?!<\/p>\n<p>Der OB Kandidat der CDU sollte einfach richtige Politik f\u00fcr das Volk machen und nicht mit so ekelhaften Methoden arbeiten.<br \/>Bei BSW laut schreien und vom Verfassungsschutz beobachten lassen wollen aber selbst fast Stasimethoden benutzen.<\/p>\n<p>Mit uns gibt es sowas nicht!<br \/>Politik mit dem B\u00fcrger und f\u00fcr den B\u00fcrger.<br \/>Kommt gerne zu uns an die St\u00e4nde oder zum B\u00fcrgerdialog, sprecht mit uns bei den AG Treffen und seht auch ohne Mitgliedschaft was Politik im BSW hei\u00dft.<\/p>\n<p>                <a id=\"like-anchor\"\/><\/p>\n<p>                    Dieser Inhalt gef\u00e4llt Ihnen?<\/p>\n<p>Melden Sie sich an, um diesen Inhalt mit \u00abGef\u00e4llt mir\u00bb zu markieren.<\/p>\n<p>            \u00d7<\/p>\n<p>        <a href=\"#\" data-trigger-click-on-space-or-enter=\"\" class=\"button ggm-like-button hollow\" title=\"Gef\u00e4llt mir\" data-open=\"like-conversion-68ace46e91cbf\"><\/p>\n<p>        <\/a><\/p>\n<p>\n        Gef\u00e4llt <strong>1<\/strong> mal<br \/>\n        1\n    <\/p>\n<p>            <a href=\"https:\/\/www.lokalkompass.de\/essen-steele\/profile-491005\/sebastian-franz\" class=\"stop-click-event-propagation\" rel=\"nofollow noopener\" target=\"_blank\">    <\/p>\n<p>                                                                            <img class=\"imagecontainer\" decoding=\"auto\" data-aspect-ratio=\"1.333333333\" src=\"https:\/\/media04.lokalkompass.de\/user\/2025\/07\/18\/8\/116278_L.webp?1752839143\" bad-src=\"data:image\/gif;base64,R0lGODlhAQABAIAAAAAAAP\/\/\/yH5BAEAAAAALAAAAAABAAEAAAIBRAA7\"\/><\/p>\n<p>        <\/a><\/p>\n<p>                    Sie m\u00f6chten diesem Profil folgen?<\/p>\n<p>Verpassen Sie nicht die neuesten Inhalte von diesem Profil: Melden Sie sich an, um neuen Inhalten von Profilen und Orten in Ihrem <strong>pers\u00f6nlichen Feed<\/strong> zu folgen.<\/p>\n<p>            \u00d7<\/p>\n<p>\n            <strong>2<\/strong> folgen diesem Profil\n        <\/p>\n","protected":false},"excerpt":{"rendered":"Das ist schon ekelhaft was AfD und CDU da machen!Erst liest man vor geraumer Zeit das AfD und&hellip;\n","protected":false},"author":2,"featured_media":373028,"comment_status":"","ping_status":"","sticky":false,"template":"","format":"standard","meta":{"footnotes":""},"categories":[1848],"tags":[3364,29,548,663,3934,3658,30,13,14,15,1209,12],"class_list":{"0":"post-373027","1":"post","2":"type-post","3":"status-publish","4":"format-standard","5":"has-post-thumbnail","7":"category-gelsenkirchen","8":"tag-de","9":"tag-deutschland","10":"tag-eu","11":"tag-europa","12":"tag-europe","13":"tag-gelsenkirchen","14":"tag-germany","15":"tag-headlines","16":"tag-nachrichten","17":"tag-news","18":"tag-nordrhein-westfalen","19":"tag-schlagzeilen"},"share_on_mastodon":{"url":"https:\/\/pubeurope.com\/@de\/115091783445045955","error":""},"_links":{"self":[{"href":"https:\/\/www.europesays.com\/de\/wp-json\/wp\/v2\/posts\/373027","targetHints":{"allow":["GET"]}}],"collection":[{"href":"https:\/\/www.europesays.com\/de\/wp-json\/wp\/v2\/posts"}],"about":[{"href":"https:\/\/www.europesays.com\/de\/wp-json\/wp\/v2\/types\/post"}],"author":[{"embeddable":true,"href":"https:\/\/www.europesays.com\/de\/wp-json\/wp\/v2\/users\/2"}],"replies":[{"embeddable":true,"href":"https:\/\/www.europesays.com\/de\/wp-json\/wp\/v2\/comments?post=373027"}],"version-history":[{"count":0,"href":"https:\/\/www.europesays.com\/de\/wp-json\/wp\/v2\/posts\/373027\/revisions"}],"wp:featuredmedia":[{"embeddable":true,"href":"https:\/\/www.europesays.com\/de\/wp-json\/wp\/v2\/media\/373028"}],"wp:attachment":[{"href":"https:\/\/www.europesays.com\/de\/wp-json\/wp\/v2\/media?parent=373027"}],"wp:term":[{"taxonomy":"category","embeddable":true,"href":"https:\/\/www.europesays.com\/de\/wp-json\/wp\/v2\/categories?post=373027"},{"taxonomy":"post_tag","embeddable":true,"href":"https:\/\/www.europesays.com\/de\/wp-json\/wp\/v2\/tags?post=373027"}],"curies":[{"name":"wp","href":"https:\/\/api.w.org\/{rel}","templated":true}]}}