{"id":373032,"date":"2025-08-25T22:34:12","date_gmt":"2025-08-25T22:34:12","guid":{"rendered":"https:\/\/www.europesays.com\/de\/373032\/"},"modified":"2025-08-25T22:34:12","modified_gmt":"2025-08-25T22:34:12","slug":"ordnungsamt-augsburg-zieht-um-eingeschraenkter-service-im-september","status":"publish","type":"post","link":"https:\/\/www.europesays.com\/de\/373032\/","title":{"rendered":"Ordnungsamt Augsburg zieht um &#8211; eingeschr\u00e4nkter Service im September"},"content":{"rendered":"<p>  <a href=\"https:\/\/www.daz-augsburg.de\/ordnungsamt-augsburg-zieht-um-eingeschraenkter-service-im-september\/\" rel=\"nofollow noopener\" target=\"_blank\">Ordnungsamt Augsburg zieht um \u2013 eingeschr\u00e4nkter Service im September<\/a><\/p>\n<p><strong>Das Ordnungsamt der Stadt Augsburg zieht um. Aufgrund des Umzugs kommt es vom 1. September bis 2. Oktober 2025 zu vor\u00fcbergehenden Einschr\u00e4nkungen im Service.<\/strong><\/p>\n<p><img fetchpriority=\"high\" decoding=\"async\" width=\"982\" height=\"289\" class=\"alignleft size-full wp-image-98270\" src=\"data:image\/svg+xml,%3Csvg%20xmlns=\" http:=\"\" alt=\"\" data-lazy- data-lazy- data-lazy-src=\"https:\/\/www.die-augsburger-zeitung.de\/wp-content\/uploads\/2025\/08\/Screenshot_20250825_212156_com_android_chrome_ChromeTabbedActivity.jpg\"\/><\/p>\n<p>W\u00e4hrend der Umzugsphasen ist eine pers\u00f6nliche Vorsprache in den betroffenen Abteilungen nicht m\u00f6glich. Die Erreichbarkeit per E-Mail und Post bleibt durchgehend gew\u00e4hrleistet. Bei Anrufen kann es zu Einschr\u00e4nkungen kommen. Hierf\u00fcr werden entsprechende Ansagen geschaltet.<\/p>\n<p><strong>Die Umzugsphasen im Detail<\/strong><\/p>\n<p>Der Umzug findet in zwei Phasen statt. In der ersten Phase vom 1. bis 12. September ziehen die Zentrale Bu\u00dfgeldstelle, der Au\u00dfendienst und die Konfliktbearbeitung im \u00f6ffentlichen Raum von ihren R\u00e4umen An der blauen Kappe, Steingasse und Grottenau in den Ernst-Reuter-Platz 4.<\/p>\n<p>In der zweiten Phase vom 22. September bis 2. Oktober ziehen die Abteilungen Sicherheitsrecht, Veranstaltungen, Sondernutzungen und Gewerbe &amp; Gastst\u00e4tten von ihren bisherigen Adressen Rathausplatz, Steingasse, Karlstra\u00dfe und An der blauen Kappe in die Grottenau 1.<\/p>\n<p>Die Postadresse f\u00fcr alle Abteilungen des Ordnungsamtes lautet nach dem Umzug:<\/p>\n<p>Stadt Augsburg, Ordnungsamt<br \/>Grottenau 1, 86150 Augsburg.<\/p>\n<p>    Artikel vom<br \/>\n    <a href=\"https:\/\/www.daz-augsburg.de\/?m=20250826\" rel=\"nofollow noopener\" target=\"_blank\"><br \/>\n      26.08.2025    <\/a><br \/>\n    | Autor: Bruno Stubenrauch<br \/>Rubrik: <a href=\"https:\/\/www.daz-augsburg.de\/rubrik\/kurznachrichten\/\" rel=\"category tag nofollow noopener\" target=\"_blank\">Kurznachrichten<\/a>, <a href=\"https:\/\/www.daz-augsburg.de\/rubrik\/vermischtes\/amtliches\/\" rel=\"category tag nofollow noopener\" target=\"_blank\">Amtliches<\/a>, <a href=\"https:\/\/www.daz-augsburg.de\/rubrik\/vermischtes\/buergerinfo\/\" rel=\"category tag nofollow noopener\" target=\"_blank\">B\u00fcrgerinfo<\/a>, <a href=\"https:\/\/www.daz-augsburg.de\/rubrik\/politik\/buergernaehe\/\" rel=\"category tag nofollow noopener\" target=\"_blank\">B\u00fcrgern\u00e4he<\/a>  <\/p>\n","protected":false},"excerpt":{"rendered":"Ordnungsamt Augsburg zieht um \u2013 eingeschr\u00e4nkter Service im September Das Ordnungsamt der Stadt Augsburg zieht um. Aufgrund des&hellip;\n","protected":false},"author":2,"featured_media":373033,"comment_status":"","ping_status":"","sticky":false,"template":"","format":"standard","meta":{"footnotes":""},"categories":[1846],"tags":[680,772,3364,29,548,663,3934,30,13,14,15,12],"class_list":{"0":"post-373032","1":"post","2":"type-post","3":"status-publish","4":"format-standard","5":"has-post-thumbnail","7":"category-augsburg","8":"tag-augsburg","9":"tag-bayern","10":"tag-de","11":"tag-deutschland","12":"tag-eu","13":"tag-europa","14":"tag-europe","15":"tag-germany","16":"tag-headlines","17":"tag-nachrichten","18":"tag-news","19":"tag-schlagzeilen"},"share_on_mastodon":{"url":"https:\/\/pubeurope.com\/@de\/115091791288717204","error":""},"_links":{"self":[{"href":"https:\/\/www.europesays.com\/de\/wp-json\/wp\/v2\/posts\/373032","targetHints":{"allow":["GET"]}}],"collection":[{"href":"https:\/\/www.europesays.com\/de\/wp-json\/wp\/v2\/posts"}],"about":[{"href":"https:\/\/www.europesays.com\/de\/wp-json\/wp\/v2\/types\/post"}],"author":[{"embeddable":true,"href":"https:\/\/www.europesays.com\/de\/wp-json\/wp\/v2\/users\/2"}],"replies":[{"embeddable":true,"href":"https:\/\/www.europesays.com\/de\/wp-json\/wp\/v2\/comments?post=373032"}],"version-history":[{"count":0,"href":"https:\/\/www.europesays.com\/de\/wp-json\/wp\/v2\/posts\/373032\/revisions"}],"wp:featuredmedia":[{"embeddable":true,"href":"https:\/\/www.europesays.com\/de\/wp-json\/wp\/v2\/media\/373033"}],"wp:attachment":[{"href":"https:\/\/www.europesays.com\/de\/wp-json\/wp\/v2\/media?parent=373032"}],"wp:term":[{"taxonomy":"category","embeddable":true,"href":"https:\/\/www.europesays.com\/de\/wp-json\/wp\/v2\/categories?post=373032"},{"taxonomy":"post_tag","embeddable":true,"href":"https:\/\/www.europesays.com\/de\/wp-json\/wp\/v2\/tags?post=373032"}],"curies":[{"name":"wp","href":"https:\/\/api.w.org\/{rel}","templated":true}]}}