{"id":373036,"date":"2025-08-25T22:36:17","date_gmt":"2025-08-25T22:36:17","guid":{"rendered":"https:\/\/www.europesays.com\/de\/373036\/"},"modified":"2025-08-25T22:36:17","modified_gmt":"2025-08-25T22:36:17","slug":"terrassenbad-in-durmersheim-bleibt-am-montag-zu","status":"publish","type":"post","link":"https:\/\/www.europesays.com\/de\/373036\/","title":{"rendered":"Terrassenbad in Durmersheim bleibt am Montag zu"},"content":{"rendered":"<p class=\"intro\">\n  Einbrecher flexten in Durmersheim einen Tresor aus dem Freibad und transportierten ihn in einer Schubkarre ab. Das Bad bleibt am Montag deshalb geschlossen.\n<\/p>\n<p>    <img fetchpriority=\"high\" decoding=\"async\" class=\"\" alt=\"Blick auf die Schwimmbecken im Freibad (Terrassenbad) Durmesheim.\" src=\"https:\/\/bnn.de\/img\/15009390\/8rKI6H8GEL3q2cxi7yZNPQ\/Schwimmbad1?size=1920&amp;format=jpeg&amp;variant=LANDSCAPE_16x9\" width=\"1920\" height=\"1080\" loading=\"eager\" data-upscaled=\"\"\/><\/p>\n<p>                In der Nacht von Sonntag auf Montag haben sich Einbrecher Zugang zu den R\u00e4umlichkeiten im Terrassenbad in Durmersheim verschafft. <\/p>\n<p>            Foto: Nathalie Dautel<\/p>\n<p>            vor 7 Stunden<\/p>\n<p>        1 Minute<\/p>\n<p>            vor 7 Stunden<\/p>\n<p>Einbrecher sind in der Nacht von Sonntag auf Montag in das Terrassenbad in Durmersheim eingedrungen und haben dort den Tresor entwendet. Das teilt B\u00fcrgermeister Klaus Eckert (SPD) am Montagnachmittag mit. \u201eDer ist schwer. Das m\u00fcssen mindestens zwei Personen gewesen sein\u201c, so der B\u00fcrgermeister.<\/p>\n<p>Die T\u00e4ter h\u00e4tten mehrere R\u00e4ume durchsucht und T\u00fcren aufgebrochen. Der Tresor mit den Tageseinnahmen und Wechselgeld wurde \u201erausgeflext\u201c und in eine Schubkarre geladen, so Eckert. Der Reinigungsdienst habe den Einbruch gegen 6 Uhr entdeckt. Die Polizei und Spurensicherung waren daraufhin vor Ort. Das Bad musste deshalb am Montag geschlossen bleiben.<\/p>\n<p>Terrassenbad in Durmersheim ab Dienstag wieder ge\u00f6ffnet<\/p>\n<p>\u201eDas ist nat\u00fcrlich sehr \u00e4rgerlich\u201c, sagt Eckert. Der Schachschaden belaufe sich auf mehrere tausend Euro. Die Polizei ermittle nun. Die Polizei best\u00e4tigt den Einbruch. Mehr Informationen k\u00f6nne man zum jetzigen Zeitpunkt nicht geben, hei\u00dft es.<\/p>\n<p>Dienstag, 26. August, klettert das Thermometer laut Vorhersage auf knapp 30 Grad. Dann soll das Freibad aber wieder ge\u00f6ffnet sein, so die Gemeindeverwaltung. <\/p>\n<p>Nachdem die Freib\u00e4der in Rastatt und Kuppenheim dieses Jahr geschlossen sind, <a href=\"https:\/\/bnn.de\/mittelbaden\/rastatt\/durmersheim\/viel-zu-voll-grosser-andrang-im-terrassenbad-in-durmersheim-am-letzten-tag-der-pfingstferien\" rel=\"nofollow noopener\" target=\"_blank\">bleibt das Terrassenbad in Durmersheim das als einziges klassische Freibad im n\u00f6rdlichen Landkreis Rastatt \u00fcbrig.<\/a>\u00a0<\/p>\n<p>Freibad in Durmersheim musste im Juli bereits einen Tag schlie\u00dfen<\/p>\n<p>In der laufenden Saison musste das Freibad bereits Anfang Juli f\u00fcr einen Tag schlie\u00dfen. <a href=\"https:\/\/bnn.de\/mittelbaden\/rastatt\/durmersheim\/keime-in-filtern-terrassenbad-durmersheim-oeffnet-am-freitag-wieder\" rel=\"nofollow noopener\" target=\"_blank\">Damals waren bei einer Routineuntersuchung entdeckte Keime in einem Filter die Ursache.<\/a> Das Bad wurde vorsorglich umfassend chloriert und der Filter gereinigt. Am darauffolgenden Tag konnte schon wieder ge\u00f6ffnet werden. <\/p>\n<p>          <a href=\"https:\/\/bnn.link\/55g\" target=\"_blank\" class=\"link-acquire\" rel=\"nofollow noopener\">Rechte am Artikel erwerben<\/a><\/p>\n<p>    <a class=\"button--full button--home button button--primary\" href=\"https:\/\/bnn.de\/\" _keys=\"class href\" rel=\"nofollow noopener\" target=\"_blank\">Zur \u00dcbersicht<\/a><\/p>\n","protected":false},"excerpt":{"rendered":"Einbrecher flexten in Durmersheim einen Tresor aus dem Freibad und transportierten ihn in einer Schubkarre ab. Das Bad&hellip;\n","protected":false},"author":2,"featured_media":373037,"comment_status":"","ping_status":"","sticky":false,"template":"","format":"standard","meta":{"footnotes":""},"categories":[1844],"tags":[1634,3364,29,30,8903],"class_list":{"0":"post-373036","1":"post","2":"type-post","3":"status-publish","4":"format-standard","5":"has-post-thumbnail","7":"category-karlsruhe","8":"tag-baden-wuerttemberg","9":"tag-de","10":"tag-deutschland","11":"tag-germany","12":"tag-karlsruhe"},"share_on_mastodon":{"url":"https:\/\/pubeurope.com\/@de\/115091799285393449","error":""},"_links":{"self":[{"href":"https:\/\/www.europesays.com\/de\/wp-json\/wp\/v2\/posts\/373036","targetHints":{"allow":["GET"]}}],"collection":[{"href":"https:\/\/www.europesays.com\/de\/wp-json\/wp\/v2\/posts"}],"about":[{"href":"https:\/\/www.europesays.com\/de\/wp-json\/wp\/v2\/types\/post"}],"author":[{"embeddable":true,"href":"https:\/\/www.europesays.com\/de\/wp-json\/wp\/v2\/users\/2"}],"replies":[{"embeddable":true,"href":"https:\/\/www.europesays.com\/de\/wp-json\/wp\/v2\/comments?post=373036"}],"version-history":[{"count":0,"href":"https:\/\/www.europesays.com\/de\/wp-json\/wp\/v2\/posts\/373036\/revisions"}],"wp:featuredmedia":[{"embeddable":true,"href":"https:\/\/www.europesays.com\/de\/wp-json\/wp\/v2\/media\/373037"}],"wp:attachment":[{"href":"https:\/\/www.europesays.com\/de\/wp-json\/wp\/v2\/media?parent=373036"}],"wp:term":[{"taxonomy":"category","embeddable":true,"href":"https:\/\/www.europesays.com\/de\/wp-json\/wp\/v2\/categories?post=373036"},{"taxonomy":"post_tag","embeddable":true,"href":"https:\/\/www.europesays.com\/de\/wp-json\/wp\/v2\/tags?post=373036"}],"curies":[{"name":"wp","href":"https:\/\/api.w.org\/{rel}","templated":true}]}}