{"id":373038,"date":"2025-08-25T22:37:11","date_gmt":"2025-08-25T22:37:11","guid":{"rendered":"https:\/\/www.europesays.com\/de\/373038\/"},"modified":"2025-08-25T22:37:11","modified_gmt":"2025-08-25T22:37:11","slug":"biowetter-karlsruhe-heute-wetterlage-leicht-belastend-welche-symptome-moeglich-sind-2","status":"publish","type":"post","link":"https:\/\/www.europesays.com\/de\/373038\/","title":{"rendered":"Biowetter Karlsruhe heute: Wetterlage leicht belastend &#8211; Welche Symptome m\u00f6glich sind"},"content":{"rendered":"<p>Am Montag, den 25.08.2025, wirkt sich das Wetter in <a href=\"https:\/\/www.news.de\/thema\/karlsruhe\/1\/\" rel=\"nofollow noopener\" target=\"_blank\"><strong>Karlsruhe<\/strong><\/a> unterschiedlich stark auf <a href=\"https:\/\/www.news.de\/thema\/gesundheit\/1\/\" rel=\"nofollow noopener\" target=\"_blank\"><strong>Gesundheit<\/strong><\/a> und Wohlbefinden aus. Eine entlastende Wirkung ist heute beim Wettereinfluss auf das allgemeine Befinden zu verzeichnen. Geringe Belastungen betreffen den Wettereinfluss auf Herz- und Kreislaufgeschehen (hypotone Form).  <\/p>\n<tr>HeuteMorgen VormittagMorgen Nachmittag<\/tr>\n<tr>\n<td>Wettereinfluss auf das allgemeine Befinden<\/td>\n<td>\ud83d\udfe2<\/td>\n<td>\ud83d\udd35<\/td>\n<td>\ud83d\udd35<\/td>\n<\/tr>\n<tr>\n<td>Wettereinfluss auf Herz- und Kreislaufgeschehen (hypotone Form)<\/td>\n<td>\ud83d\udfe1<\/td>\n<td>\ud83d\udd35<\/td>\n<td>\ud83d\udfe1<\/td>\n<\/tr>\n<tr>\n<td>Wettereinfluss auf Herz- und Kreislaufgeschehen (hypertone Form)<\/td>\n<td>\ud83d\udd35<\/td>\n<td>\ud83d\udd35<\/td>\n<td>\ud83d\udd35<\/td>\n<\/tr>\n<tr>\n<td>Wettereinfluss auf entz\u00fcndliche rheumatische Beschwerden<\/td>\n<td>\ud83d\udd35<\/td>\n<td>\ud83d\udd35<\/td>\n<td>\ud83d\udd35<\/td>\n<\/tr>\n<tr>\n<td>Wettereinfluss auf degenerative rheumatische Beschwerden<\/td>\n<td>\ud83d\udd35<\/td>\n<td>\ud83d\udd35<\/td>\n<td>\ud83d\udd35<\/td>\n<\/tr>\n<tr>\n<td>Wettereinfluss auf Asthma<\/td>\n<td>\ud83d\udd35<\/td>\n<td>\ud83d\udd35<\/td>\n<td>\ud83d\udd35<\/td>\n<\/tr>\n<tr>\n<td>Thermische Belastung<\/td>\n<td>\ud83d\udfe1<\/td>\n<td>\ud83d\udd35<\/td>\n<td>\ud83d\udfe1<\/td>\n<\/tr>\n<p><strong>Legende:<\/strong> \ud83d\udd35 <strong>= kein Einfluss<\/strong> \ud83d\udfe2 <strong>= positiver Einfluss<\/strong> \ud83d\udfe1 <strong>= geringe Gef\u00e4hrdung<\/strong> \ud83d\udd34 <strong>= hohe Gef\u00e4hrdung<\/strong>  <\/p>\n<p>In Karlsruhe herrscht heute mit 23 \u00b0C Lufttemperatur (min. 12 \u00b0C bis max. 26 \u00b0C) und einer gef\u00fchlten Temperatur von 22 \u00b0C eine <strong>schwache W\u00e4rmebelastung<\/strong>. Das Klima-Michel-Modell des DWD ber\u00fccksichtigt dabei zus\u00e4tzlich eine relative Luftfeuchtigkeit von 31 %,  2\u202fkm\/h Windgeschwindigkeit sowie einen UV-Index von 5,63, die das subjektive Empfinden verst\u00e4rken.  <\/p>\n<p>Wetterf\u00fchligkeit in Karlsruhe: Wie wirkt sich das Biowetter heute auf den K\u00f6rper aus?<\/p>\n<p>Das allgemeine psychisch-geistige Befinden wird durch mehrere Wetterfaktoren beeinflusst \u2013 etwa Lichtmangel, hohe Luftfeuchte, Temperaturumschw\u00fcnge, Druckver\u00e4nderungen oder dr\u00fcckende Schw\u00fcle. Die aktuelle Wetterlage in Karlsruhe kann stabilisierend oder sogar anregend auf Konzentration, Stimmung und Ausgeglichenheit wirken. Ein Blick auf die einzelnen gesundheitlichen Einflussfaktoren zeigt am Montag folgendes Bild:  <\/p>\n<p>\ud83d\udfe2 <strong>psychisch-geistige Leistungsf\u00e4higkeit &#8211; positiver Einfluss:<\/strong> Die Witterung am 25.08.2025 kann Klarheit und mentale Ausgeglichenheit unterst\u00fctzen.<br \/>\ud83d\udfe2 <strong>Bereitschaft zu Depressionen &#8211; positiver Einfluss:<\/strong> Die aktuellen Licht- und Temperaturverh\u00e4ltnisse wirken sich stabilisierend auf das psychische Wohlbefinden aus.<br \/>\ud83d\udfe2 <strong>Konzentrations- und Leistungsf\u00e4higkeit &#8211; positiver Einfluss:<\/strong> Die derzeitigen Bedingungen k\u00f6nnen sich stabilisierend auf die geistige Leistungsf\u00e4higkeit auswirken.<br \/>\ud83d\udfe2 <strong>Reizbarkeit und motorische Unruhe &#8211; positiver Einfluss:<\/strong> Die Wetterlage kann zur Beruhigung beitragen und innere Ausgeglichenheit f\u00f6rdern.  <\/p>\n<p>\u2b50<strong>TIPP:<\/strong> F\u00fcr die zweite Tagesh\u00e4lfte gibt es in Bezug auf das allgemeine Befinden heute folgende Empfehlung: Bewegung im Freien in den k\u00fchleren Morgen- und Abendstunden zur St\u00e4rkung der Abwehrkr\u00e4fte.  <\/p>\n<p>Redaktionelle Empfehlungen rund ums Thema Gesundheit:  <\/p>\n<p>Herz-Kreislauf-Wetter heute in Karlsruhe<\/p>\n<p>Bei der aktuellen Wetterlage herrschen m\u00e4\u00dfige W\u00e4rme, niedrige Luftfeuchtigkeit und schwacher Wind in Karlsruhe. Je nach individueller Empfindlichkeit und dem Gesundheitszustand der betroffenen Person k\u00f6nnen sich diese Bedingungen folgenderma\u00dfen auf das Herz-Kreislauf-System auswirken: W\u00e4hrend w\u00e4rmere Temperaturen und geringe Luftbewegung bei Personen mit niedrigem Blutdruck zu Schwindel oder Mattigkeit f\u00fchren k\u00f6nnen, besteht bei k\u00e4lteren Luftstr\u00f6mungen oder pl\u00f6tzlicher Windzunahme f\u00fcr Bluthochdruckpatienten ein erh\u00f6htes Risiko f\u00fcr Blutdruckanstieg. Auch bei erh\u00f6hter Luftfeuchte kann die Regulation der K\u00f6rpertemperatur erschwert sein, was den Kreislauf zus\u00e4tzlich belasten kann \u2013 vor allem bei bestehenden Herz-Kreislauf-Erkrankungen.  <\/p>\n<p>\ud83d\udfe1 <strong>Niedriger Blutdruck &#8211; geringe Gef\u00e4hrdung:<\/strong> Empfindliche Personen mit niedrigem Blutdruck k\u00f6nnen bei den aktuellen Wetter-Bedingungen am 25.08.2025 gelegentlich Schwindel oder Ersch\u00f6pfung versp\u00fcren.<br \/>\ud83d\udd35 <strong>Bluthochdruck &#8211; kein Einfluss:<\/strong> F\u00fcr Personen mit Bluthochdruck sind keine wetterbedingten Auswirkungen auf den Kreislauf zu erwarten.<br \/>\ud83d\udd35 <strong>Angina-pectoris-Anf\u00e4lligkeit &#8211; kein Einfluss:<\/strong> F\u00fcr Personen mit Angina pectoris sind derzeit keine wetterbedingten Beschwerden zu erwarten.  <\/p>\n<p>\u2b50<strong>TIPP:<\/strong> Der Deutsche Wetterdienst empfiehlt beim Problemen mit Herz und Kreislauf f\u00fcr heute: Bewegung im Freien in den k\u00fchleren Morgen- und Abendstunden zur St\u00e4rkung der Abwehrkr\u00e4fte.  <\/p>\n<p>Einfluss des Wetters auf Kopfschmerzen und Migr\u00e4ne<\/p>\n<p>Witterungsbedingungen wie Luftdruckschwankungen, hohe Luftfeuchtigkeit, F\u00f6hn- oder Gewitterlagen oder wechselhafte Temperaturen stehen in Zusammenhang mit dem Auftreten von Schmerzen, insbesondere bei wetterf\u00fchligen Menschen. Je nach pers\u00f6nlicher Veranlagung kann dies Schmerzempfindlichkeit, Migr\u00e4neanf\u00e4lligkeit oder durchblutungsbedingte Kopfschmerzen beeinflussen.  <\/p>\n<p>\ud83d\udfe2 <strong>Schmerzempfindlichkeit &#8211; positiver Einfluss:<\/strong> Die aktuelle Wetterlage am 25.08.2025 kann entspannend wirken und das allgemeine Schmerzempfinden eher d\u00e4mpfen.<br \/>\ud83d\udfe2 <strong>Migr\u00e4ne- und Kopfschmerzanf\u00e4lligkeit &#8211; positiver Einfluss:<\/strong> Das ruhige Wetter kann stabilisierend wirken und das Risiko f\u00fcr migr\u00e4neartige Beschwerden senken.<br \/>\ud83d\udd35 <strong>Kopfschmerzen bei Hypotonie &#8211; kein Einfluss:<\/strong> F\u00fcr Personen mit niedrigem Blutdruck d\u00fcrften aktuell keine wetterbedingten Kopfschmerzen zu erwarten sein.  <\/p>\n<p>Auswirkungen des aktuellen Wetters auf rheumatische Beschwerden<\/p>\n<p>Wetterver\u00e4nderungen gelten bei vielen Menschen mit rheumatischen Erkrankungen als m\u00f6glicher Einflussfaktor auf Schmerz und Beweglichkeit. Besonders K\u00e4lte, hohe Luftfeuchtigkeit, Luftdruckschwankungen, niedriger Luftdruck, Feuchtigkeit in Verbindung mit Wind oder Temperaturst\u00fcrze k\u00f6nnen als belastend empfunden werden &#8211; sowohl bei degenerativen als auch bei entz\u00fcndlichen Beschwerden. Bei der aktuellen Wetterlage in Karlsruhe d\u00fcrften sich keine sp\u00fcrbaren Auswirkungen auf rheumatische Beschwerden ergeben.  <\/p>\n<p>\ud83d\udd35 <strong>Rheuma degenerativ &#8211; kein Einfluss:<\/strong> Bei der aktuellen Wetterlage sind keine sp\u00fcrbaren Auswirkungen auf degenerative Gelenkbeschwerden zu erwarten.<br \/>\ud83d\udd35 <strong>Rheuma entz\u00fcndlich &#8211; kein Einfluss:<\/strong> Die aktuelle Wetterlage d\u00fcrfte keine relevanten Auswirkungen auf entz\u00fcndlich-rheumatische Beschwerden haben.  <\/p>\n<p>\u2b50<strong>TIPP:<\/strong> Menschen mit Rheuma sollten heute folgende Handlungsempfehlungen ber\u00fccksichtigen: Bewegung im Freien in den k\u00fchleren Morgen- und Abendstunden zur St\u00e4rkung der Abwehrkr\u00e4fte.  <\/p>\n<p>Kein Einfluss f\u00fcr Asthma-Kranke in Karlsruhe<\/p>\n<p>Menschen mit Asthma oder chronischen Atemwegserkrankungen k\u00f6nnen auf bestimmte Witterungsbedingungen sensibel reagieren. Besonders kalte Luft, hohe Luftfeuchte, starker Wind oder Schadstoffbelastung gelten als m\u00f6gliche Ausl\u00f6ser f\u00fcr Atembeschwerden.  <\/p>\n<p>\ud83d\udd35 <strong>Asthma &#8211; kein Einfluss:<\/strong> Die aktuelle Wetterlage d\u00fcrfte keine sp\u00fcrbare Belastung f\u00fcr Personen mit Asthma darstellen.  <\/p>\n<p>\u2b50<strong>TIPP:<\/strong> Die DWD-Empfehlung f\u00fcr Asthmatikerinnen und Asthmatiker im Raum Karlsruhe: Bewegung im Freien in den k\u00fchleren Morgen- und Abendstunden zur St\u00e4rkung der Abwehrkr\u00e4fte.  <\/p>\n<p>Pollenflug aktuell in Karlsruhe: Beifu\u00df, Gr\u00e4ser und Ambrosia<\/p>\n<p>Am 25.08.2025 sind in der Region Oberrhein und unteres Neckartal <a href=\"https:\/\/www.news.de\/thema\/pollen\/1\/\" rel=\"nofollow noopener\" target=\"_blank\"><strong>Pollen<\/strong><\/a> von Beifu\u00df, Gr\u00e4sern und Ambrosia in der Luft. F\u00fcr Allergiker kann das je nach individueller Empfindlichkeit zu Symptomen wie Niesen, tr\u00e4nenden Augen oder Atemproblemen f\u00fchren.  <\/p>\n<tr>PollenHeuteMorgen<\/tr>\n<tr>\n<td>Erle<\/td>\n<td>\ud83d\udfe9\ud83d\udfe9<\/td>\n<td>\ud83d\udfe9\ud83d\udfe9<\/td>\n<\/tr>\n<tr>\n<td>Birke<\/td>\n<td>\ud83d\udfe9\ud83d\udfe9<\/td>\n<td>\ud83d\udfe9\ud83d\udfe9<\/td>\n<\/tr>\n<tr>\n<td>Roggen<\/td>\n<td>\ud83d\udfe9\ud83d\udfe9<\/td>\n<td>\ud83d\udfe9\ud83d\udfe9<\/td>\n<\/tr>\n<tr>\n<td>Beifu\u00df<\/td>\n<td>\ud83d\udfe8\ud83d\udfe8<\/td>\n<td>\ud83d\udfe8\ud83d\udfe8<\/td>\n<\/tr>\n<tr>\n<td>Gr\u00e4ser<\/td>\n<td>\ud83d\udfe8\ud83d\udfe8<\/td>\n<td>\ud83d\udfe8\ud83d\udfe8<\/td>\n<\/tr>\n<tr>\n<td>Hasel<\/td>\n<td>\ud83d\udfe9\ud83d\udfe9<\/td>\n<td>\ud83d\udfe9\ud83d\udfe9<\/td>\n<\/tr>\n<tr>\n<td>Esche<\/td>\n<td>\ud83d\udfe9\ud83d\udfe9<\/td>\n<td>\ud83d\udfe9\ud83d\udfe9<\/td>\n<\/tr>\n<tr>\n<td>Ambrosia<\/td>\n<td>\ud83d\udfe8\ud83d\udfe8<\/td>\n<td>\ud83d\udfe8\ud83d\udfe8<\/td>\n<\/tr>\n<p><strong>Legende:<\/strong><br \/>\ud83d\udfe9\ud83d\udfe9 = keine Belastung<br \/>\ud83d\udfe9\ud83d\udfe8 = keine bis geringe Belastung \ud83d\udfe8\ud83d\udfe8 = geringe Belastung<br \/>\ud83d\udfe8\ud83d\udfe7 = geringe bis mittlere Belastung \ud83d\udfe7\ud83d\udfe7 = mittlere Belastung<br \/>\ud83d\udfe7\ud83d\udfe5 = mittlere bis hohe Belastung \ud83d\udfe5\ud83d\udfe5 = hohe Belastung  <\/p>\n<p>Die Intensit\u00e4t des Pollenflugs wird vor allem durch das Wetter beeinflusst. Trockenes, warmes und windiges Wetter beg\u00fcnstigt eine st\u00e4rkere Verbreitung der Pollen in der Luft. Auch l\u00e4ndliche Regionen mit vielen Wiesen und Feldern k\u00f6nnen die Belastung verst\u00e4rken, da dort mehr Gr\u00e4ser wachsen und bl\u00fchen.  <\/p>\n<p>Regen hingegen kann die Belastung vor\u00fcbergehend senken, da er Pollen aus der Atmosph\u00e4re w\u00e4scht. Doch bei anschlie\u00dfender W\u00e4rme steigt die Belastung oft schnell wieder an. Besonders am Vormittag und in den fr\u00fchen Abendstunden ist die Pollenbelastung meist am h\u00f6chsten.  <\/p>\n<p>+++ Redaktioneller Hinweis: Dieser Text wurde auf Basis von aktuellen Daten von OpenWeather (TM) und dem Deutschen Wetterdienst (DWD) generiert und wird datengetrieben aktualisiert. Bei Anmerkungen oder R\u00fcckfragen wenden Sie sich bitte an hinweis@news.de. +++  <\/p>\n<p>Folgen Sie <a href=\"https:\/\/news.de\/\" target=\"_blank\" rel=\"nofollow noopener\"><strong>News.de<\/strong><\/a> schon bei <a href=\"https:\/\/www.facebook.com\/News.de\" target=\"_blank\" rel=\"nofollow noopener\"><strong>Facebook<\/strong><\/a>, <a href=\"https:\/\/twitter.com\/news_de\" target=\"_blank\" rel=\"nofollow noopener\"><strong>Twitter<\/strong><\/a>, <a href=\"https:\/\/pin.it\/11NQyAf\" target=\"_blank\" rel=\"nofollow noopener\"><strong>Pinterest<\/strong><\/a> und <a href=\"https:\/\/www.youtube.com\/channel\/UCOzsvCb0KteNrzUboTonVYA\" target=\"_blank\" rel=\"nofollow noopener\"><strong>YouTube<\/strong><\/a>? Hier finden Sie brandhei\u00dfe News, aktuelle Videos und den direkten Draht zur Redaktion.  <\/p>\n<p><a href=\"https:\/\/www.news.de\/autor\/Sarah+Knauth\/\" rel=\"author nofollow noopener\" target=\"_blank\">kns<\/a>\/roj\/news.de<\/p>\n<p>                    <script async src=\"https:\/\/platform.twitter.com\/widgets.js\" charset=\"utf-8\"><\/script><\/p>\n","protected":false},"excerpt":{"rendered":"Am Montag, den 25.08.2025, wirkt sich das Wetter in Karlsruhe unterschiedlich stark auf Gesundheit und Wohlbefinden aus. Eine&hellip;\n","protected":false},"author":2,"featured_media":297461,"comment_status":"","ping_status":"","sticky":false,"template":"","format":"standard","meta":{"footnotes":""},"categories":[1844],"tags":[1634,3364,29,30,141,8903],"class_list":{"0":"post-373038","1":"post","2":"type-post","3":"status-publish","4":"format-standard","5":"has-post-thumbnail","7":"category-karlsruhe","8":"tag-baden-wuerttemberg","9":"tag-de","10":"tag-deutschland","11":"tag-germany","12":"tag-gesundheit","13":"tag-karlsruhe"},"share_on_mastodon":{"url":"https:\/\/pubeurope.com\/@de\/115091802955403145","error":""},"_links":{"self":[{"href":"https:\/\/www.europesays.com\/de\/wp-json\/wp\/v2\/posts\/373038","targetHints":{"allow":["GET"]}}],"collection":[{"href":"https:\/\/www.europesays.com\/de\/wp-json\/wp\/v2\/posts"}],"about":[{"href":"https:\/\/www.europesays.com\/de\/wp-json\/wp\/v2\/types\/post"}],"author":[{"embeddable":true,"href":"https:\/\/www.europesays.com\/de\/wp-json\/wp\/v2\/users\/2"}],"replies":[{"embeddable":true,"href":"https:\/\/www.europesays.com\/de\/wp-json\/wp\/v2\/comments?post=373038"}],"version-history":[{"count":0,"href":"https:\/\/www.europesays.com\/de\/wp-json\/wp\/v2\/posts\/373038\/revisions"}],"wp:featuredmedia":[{"embeddable":true,"href":"https:\/\/www.europesays.com\/de\/wp-json\/wp\/v2\/media\/297461"}],"wp:attachment":[{"href":"https:\/\/www.europesays.com\/de\/wp-json\/wp\/v2\/media?parent=373038"}],"wp:term":[{"taxonomy":"category","embeddable":true,"href":"https:\/\/www.europesays.com\/de\/wp-json\/wp\/v2\/categories?post=373038"},{"taxonomy":"post_tag","embeddable":true,"href":"https:\/\/www.europesays.com\/de\/wp-json\/wp\/v2\/tags?post=373038"}],"curies":[{"name":"wp","href":"https:\/\/api.w.org\/{rel}","templated":true}]}}