{"id":373041,"date":"2025-08-25T22:39:23","date_gmt":"2025-08-25T22:39:23","guid":{"rendered":"https:\/\/www.europesays.com\/de\/373041\/"},"modified":"2025-08-25T22:39:23","modified_gmt":"2025-08-25T22:39:23","slug":"dressursiege-an-bianca-nowag-aulenbrock-und-susan-pape","status":"publish","type":"post","link":"https:\/\/www.europesays.com\/de\/373041\/","title":{"rendered":"Dressursiege an Bianca Nowag-Aulenbrock und Susan Pape"},"content":{"rendered":"<p>                                            <a class=\"zoom lightbox\" title=\"Ganz gel\u00f6st freuten sich Bianca Nowag-Aulenbrock und Florine OLD \u00fcber den Sieg unter Flutlicht.  (\u00a9 Rea Burkart\/Turnier der Sieger)\" href=\"https:\/\/www.europesays.com\/de\/wp-content\/uploads\/2025\/08\/Siegerin-Bianca-Nowag-Aulenbrock-Muenster.jpg\">Bild vergr\u00f6\u00dfern<\/a><\/p>\n<p>                            <img width=\"1545\" height=\"1080\" src=\"data:image\/svg+xml,%3Csvg%20xmlns=\" http:=\"\" class=\"attachment-article-full size-article-full wp-post-image\" alt=\"Ganz gel\u00f6st freuten sich Bianca Nowag-Aulenbrock und Florine OLD \u00fcber den Sieg unter Flutlicht.\" decoding=\"async\" fetchpriority=\"high\" data-lazy- data-lazy- style=\"object-position: 50% 50%;\" data-lazy-src=\"https:\/\/www.europesays.com\/de\/wp-content\/uploads\/2025\/08\/Siegerin-Bianca-Nowag-Aulenbrock-Muenster.jpg\"\/>\t\t\t<\/p>\n<p class=\"is-style-minitext\">Ganz gel\u00f6st freuten sich Bianca Nowag-Aulenbrock und Florine OLD \u00fcber den Sieg unter Flutlicht.  (\u00a9 Rea Burkart\/Turnier der Sieger)<\/p>\n<p>Die K\u00fcr unter Flutlicht sicherte sich Bianca Nowag-Aulenbrock, der Grand Prix Special am Sonntag ging an Susan Pape.<\/p>\n<p class=\"ai-optimize-6 ai-optimize-introduction\">Es waren Dressurpr\u00fcfungen vor einer traumhaften Kulisse vor dem M\u00fcnsteraner Schloss. Die K\u00fcr unter Flutlicht zog dabei besonders viele Besucher an, die Pl\u00e4tze waren ausverkauft. Am Ende zeigte Siegerin Bianca Nowag-Aulenbrock mit ihrer langj\u00e4hrigen Partnerin Florine OLD die Top-Vorstellung des Tages mit 78,850 Prozent.<\/p>\n<p><a href=\"https:\/\/shop.jahr-media.de\/de_DE\/81240.html\" target=\"_blank\" rel=\"nofollow noopener\" class=\"external\"><img loading=\"lazy\" width=\"728\" height=\"90\" decoding=\"async\" src=\"data:image\/svg+xml,%3Csvg%20xmlns=\" http:=\"\" alt=\"Billboard Eigenwerbung\" data-lazy-src=\"https:\/\/www.europesays.com\/de\/wp-content\/uploads\/2025\/06\/728_90_H_Abo_Banner.jpg\"\/><\/a><\/p>\n<p class=\"ai-optimize-6 ai-optimize-introduction\">Hinter Nowag-Aulenbrock reihte sich Dr. Svenja K\u00e4mper-Meyer mit der zw\u00f6lfj\u00e4hrigen Stute Amanyara M FRH auf Platz 2 mit 76,650 Prozent ein. Carina Scholz sicherte sich mit dem 15-j\u00e4hrigen Vivaldi-Sohn Blue Hors Veneziano den dritten Platz mit 75,875 Prozent.<\/p>\n<p class=\"ai-optimize-6 ai-optimize-introduction\">Im Grand Prix Special am Sonntag lag dann die Britin Susan Pape mit ihrer 14-j\u00e4hrigen Stute Harmony\u2019s Giulilanta<\/p>\n<p><a href=\"https:\/\/www.hooforia.com\/content\/s3\/uploads\/2025\/08\/Susan-Pape.jpg\" rel=\"nofollow noopener\" target=\"_blank\" class=\"external\"><img loading=\"lazy\" decoding=\"async\" class=\"size-medium wp-image-287937\" src=\"data:image\/svg+xml,%3Csvg%20xmlns=\" http:=\"\" alt=\"Susan Pape und Harmony\u2019s Giulilanta gewannen in M\u00fcnster den Grand Prix Special.\" width=\"300\" height=\"214\" data-lazy- data-lazy- data-lazy-src=\"https:\/\/www.europesays.com\/de\/wp-content\/uploads\/2025\/08\/Susan-Pape-300x214.jpg\"\/><\/a><\/p>\n<p class=\"wp-caption-text is-style-minitext\">Susan Pape und Harmony\u2019s Giulilanta gewannen in M\u00fcnster den Grand Prix Special. (\u00a9 Rea Burkard\/Turnier der Sieger)<\/p>\n<p class=\"ai-optimize-6 ai-optimize-introduction\">ganz vorn. Die beiden ritten zu 74,039 Prozent. \u201eIch bin superzufrieden. Ich habe das Gef\u00fchl, dass mein Pferd immer mehr Sicherheit bekommt\u201c, betonte sie nach ihrem Ritt. Anna Sch\u00f6lermann, die j\u00fcngst bei den U25-Reitern EM-Gold gewann, belegte mit Springborgs Guardian und 71,608 Prozent den zweiten Platz. Dritte wurden Bianca Nowag-Aulenbrock mit Queolito mit 71,235 Prozent.<\/p>\n<p class=\"ai-optimize-6 ai-optimize-introduction\">Das komplette Ergebnis aus M\u00fcnster gibt es <a href=\"https:\/\/results.hippodata.de\/2025\/2614\/html\/de\/hippodata\/index.html?style=wn\" rel=\"nofollow noopener\" target=\"_blank\" class=\"external\">hier.<\/a><\/p>\n<p><a href=\"https:\/\/www.hooforia.com\/benefit-programm\" target=\"_blank\" rel=\"nofollow noopener\" class=\"external\"><img loading=\"lazy\" width=\"728\" height=\"90\" decoding=\"async\" src=\"data:image\/svg+xml,%3Csvg%20xmlns=\" http:=\"\" alt=\"Billboard Eigenwerbung\" data-lazy-src=\"https:\/\/www.europesays.com\/de\/wp-content\/uploads\/2025\/06\/728_90_H_Website_Banner_1.jpg\"\/><\/a><\/p>\n","protected":false},"excerpt":{"rendered":"Bild vergr\u00f6\u00dfern Ganz gel\u00f6st freuten sich Bianca Nowag-Aulenbrock und Florine OLD \u00fcber den Sieg unter Flutlicht. (\u00a9 Rea&hellip;\n","protected":false},"author":2,"featured_media":373042,"comment_status":"","ping_status":"","sticky":false,"template":"","format":"standard","meta":{"footnotes":""},"categories":[1843],"tags":[3364,29,30,8970,1209],"class_list":{"0":"post-373041","1":"post","2":"type-post","3":"status-publish","4":"format-standard","5":"has-post-thumbnail","7":"category-muenster","8":"tag-de","9":"tag-deutschland","10":"tag-germany","11":"tag-muenster","12":"tag-nordrhein-westfalen"},"share_on_mastodon":{"url":"https:\/\/pubeurope.com\/@de\/115091811305634237","error":""},"_links":{"self":[{"href":"https:\/\/www.europesays.com\/de\/wp-json\/wp\/v2\/posts\/373041","targetHints":{"allow":["GET"]}}],"collection":[{"href":"https:\/\/www.europesays.com\/de\/wp-json\/wp\/v2\/posts"}],"about":[{"href":"https:\/\/www.europesays.com\/de\/wp-json\/wp\/v2\/types\/post"}],"author":[{"embeddable":true,"href":"https:\/\/www.europesays.com\/de\/wp-json\/wp\/v2\/users\/2"}],"replies":[{"embeddable":true,"href":"https:\/\/www.europesays.com\/de\/wp-json\/wp\/v2\/comments?post=373041"}],"version-history":[{"count":0,"href":"https:\/\/www.europesays.com\/de\/wp-json\/wp\/v2\/posts\/373041\/revisions"}],"wp:featuredmedia":[{"embeddable":true,"href":"https:\/\/www.europesays.com\/de\/wp-json\/wp\/v2\/media\/373042"}],"wp:attachment":[{"href":"https:\/\/www.europesays.com\/de\/wp-json\/wp\/v2\/media?parent=373041"}],"wp:term":[{"taxonomy":"category","embeddable":true,"href":"https:\/\/www.europesays.com\/de\/wp-json\/wp\/v2\/categories?post=373041"},{"taxonomy":"post_tag","embeddable":true,"href":"https:\/\/www.europesays.com\/de\/wp-json\/wp\/v2\/tags?post=373041"}],"curies":[{"name":"wp","href":"https:\/\/api.w.org\/{rel}","templated":true}]}}