{"id":373049,"date":"2025-08-25T22:43:25","date_gmt":"2025-08-25T22:43:25","guid":{"rendered":"https:\/\/www.europesays.com\/de\/373049\/"},"modified":"2025-08-25T22:43:25","modified_gmt":"2025-08-25T22:43:25","slug":"wuppertal-kioskbesitzer-schliesst-bewaffnete-ein-5","status":"publish","type":"post","link":"https:\/\/www.europesays.com\/de\/373049\/","title":{"rendered":"Wuppertal: Kioskbesitzer schlie\u00dft Bewaffnete ein"},"content":{"rendered":"<p>\t\t\t\t\t\t\t\t\t\t\t\t\t\t\t\t\t\t\t\t\t\t\t\t\t\t\t\t      \t\t            \t\t             \t\t\t\t   \t\t\t\t\t   <img decoding=\"async\" id=\"article-image\" fetchpriority=\"high\" alt=\"Wuppertal: Kioskbesitzer schlie\u00dft Bewaffnete ein\" title=\"Wuppertal: Kioskbesitzer schlie\u00dft Bewaffnete ein\" src=\"https:\/\/www.europesays.com\/de\/wp-content\/uploads\/2025\/08\/media.media.ef3d1012-102f-41a3-b7bb-61f49818b80b.16x9_700.jpg\" data-linkto=\"https:\/\/www.stuttgarter-nachrichten.de\/javascript:void(0);\"\/>\t\t\t\t\t\t\t\t\t\t\t\t\t\t\t\t\t\t\t\t\t\t\t\tDer Kioskbesitzer sperrte die zwei mit einem Messer bewaffneten R\u00e4uber ein.\u00a0Foto: Sascha Thelen\/dpa\t\t\t<\/p>\n<p>Als zwei bewaffnete Maskierte vor ihm stehen, verriegelt ein Kioskbesitzer einfach hinter ihnen die T\u00fcr. Die Polizei ist m\u00e4\u00dfig begeistert.<\/p>\n<p>Wuppertal &#8211; Ein Kioskbesitzer hat in Wuppertal zwei mit einem Messer bewaffnete R\u00e4uber in seinem Laden eingesperrt. Statt ihnen wie gefordert Bargeld auszuh\u00e4ndigen, verriegelte er per Druck auf eine Fernbedienung die Ladent\u00fcr, wie die Polizei mitteilte.\u00a0<\/p>\n<p>Der Mann war bereits zwei Mal \u00fcberfallen worden und hatte eine Fernverriegelung einbauen lassen, mit der er den R\u00e4ubern den R\u00fcckweg versperrte.\u00a0<\/p>\n<p>Eine Polizeisprecherin zeigte sich angesichts der Bilder aus einer \u00dcberwachungskamera mit gemischten Gef\u00fchlen: Einerseits habe der Ladenbesitzer mutig gehandelt, andererseits sei er ein gro\u00dfes Risiko eingegangen, weil er mit den beiden Maskierten im Verkaufsraum geblieben sei.\u00a0<\/p>\n<p>Doch er hatte Gl\u00fcck: Die beiden polizeibekannten 16-j\u00e4hrigen Jugendlichen warteten ruhig auf das Eintreffen der Polizei und lie\u00dfen sich widerstandslos festnehmen. Gegen sie wird nun wegen versuchten schweren Raubes ermittelt. Der Kioskbesitzer wurde bei dem Vorfall am Samstagabend nicht verletzt.<\/p>\n","protected":false},"excerpt":{"rendered":"Der Kioskbesitzer sperrte die zwei mit einem Messer bewaffneten R\u00e4uber ein.\u00a0Foto: Sascha Thelen\/dpa Als zwei bewaffnete Maskierte vor&hellip;\n","protected":false},"author":2,"featured_media":373050,"comment_status":"","ping_status":"","sticky":false,"template":"","format":"standard","meta":{"footnotes":""},"categories":[1840],"tags":[3364,29,30,1584,2235,1209,4418],"class_list":{"0":"post-373049","1":"post","2":"type-post","3":"status-publish","4":"format-standard","5":"has-post-thumbnail","7":"category-wuppertal","8":"tag-de","9":"tag-deutschland","10":"tag-germany","11":"tag-kriminalitaet","12":"tag-kurioses","13":"tag-nordrhein-westfalen","14":"tag-wuppertal"},"share_on_mastodon":{"url":"https:\/\/pubeurope.com\/@de\/115091826823124323","error":""},"_links":{"self":[{"href":"https:\/\/www.europesays.com\/de\/wp-json\/wp\/v2\/posts\/373049","targetHints":{"allow":["GET"]}}],"collection":[{"href":"https:\/\/www.europesays.com\/de\/wp-json\/wp\/v2\/posts"}],"about":[{"href":"https:\/\/www.europesays.com\/de\/wp-json\/wp\/v2\/types\/post"}],"author":[{"embeddable":true,"href":"https:\/\/www.europesays.com\/de\/wp-json\/wp\/v2\/users\/2"}],"replies":[{"embeddable":true,"href":"https:\/\/www.europesays.com\/de\/wp-json\/wp\/v2\/comments?post=373049"}],"version-history":[{"count":0,"href":"https:\/\/www.europesays.com\/de\/wp-json\/wp\/v2\/posts\/373049\/revisions"}],"wp:featuredmedia":[{"embeddable":true,"href":"https:\/\/www.europesays.com\/de\/wp-json\/wp\/v2\/media\/373050"}],"wp:attachment":[{"href":"https:\/\/www.europesays.com\/de\/wp-json\/wp\/v2\/media?parent=373049"}],"wp:term":[{"taxonomy":"category","embeddable":true,"href":"https:\/\/www.europesays.com\/de\/wp-json\/wp\/v2\/categories?post=373049"},{"taxonomy":"post_tag","embeddable":true,"href":"https:\/\/www.europesays.com\/de\/wp-json\/wp\/v2\/tags?post=373049"}],"curies":[{"name":"wp","href":"https:\/\/api.w.org\/{rel}","templated":true}]}}