{"id":373069,"date":"2025-08-25T22:55:21","date_gmt":"2025-08-25T22:55:21","guid":{"rendered":"https:\/\/www.europesays.com\/de\/373069\/"},"modified":"2025-08-25T22:55:21","modified_gmt":"2025-08-25T22:55:21","slug":"neue-ringbahnbruecke-soll-bis-sommer-2027-fertig-sein-baubeginn-im-oktober","status":"publish","type":"post","link":"https:\/\/www.europesays.com\/de\/373069\/","title":{"rendered":"Neue Ringbahnbr\u00fccke soll bis Sommer 2027 fertig sein &#8211; Baubeginn im Oktober"},"content":{"rendered":"<p>\tBaubeginn im Oktober<br \/>\n\t &#8211; <\/p>\n<p>\t\tNeue Ringbahnbr\u00fccke soll bis Sommer 2027 fertig sein<\/p>\n<p><img decoding=\"async\" src=\"https:\/\/www.europesays.com\/de\/wp-content\/uploads\/2025\/08\/1756162519_235_size=708x398.jpg\" alt=\"Bauarbeiter arbeiten am 25.04.2025 am Bahnstromnetz an der Baustelle der Ringbahnbr\u00fccke in Berlin. (Quelle: dpa-Bildfunk\/Hannes P. Albert)\" title=\"Bauarbeiter arbeiten am 25.04.2025 am Bahnstromnetz an der Baustelle der Ringbahnbr\u00fccke in Berlin. (Quelle: dpa-Bildfunk\/Hannes P. Albert)\" id=\"956971319\"\/><\/p>\n<p>dpa-Bildfunk\/Hannes P. Albert<\/p>\n<p>Audio: rbb24 Inforadio | 25.08.2025 | Jasmin Becker | Bild: dpa-Bildfunk\/Hannes P. Albert <\/p>\n<p>Der Auftrag zum Neubau der sogenannten Ringbahnbr\u00fccke im Berliner Westen ist vergeben. Bis der Verkehr dort wieder normal rollen kann, wird es noch einige Jahre dauern.<\/p>\n<p>\t\t\t\t\t<a name=\"articlesContList\/text_0\"\/><\/p>\n<p>Die Einschr\u00e4nkungen f\u00fcr Autofahrer und Anwohner auf und entlang der A100 im Berliner Westen sollen bis Sommer 2027 beendet sein. Dann soll die neue Ringbahnbr\u00fccke fertig sein und in Betrieb genommen werden, wie die bundeseigene Autobahngesellschaft und die zust\u00e4ndige Projektgesellschaft Deges am Montag mitteilten.<\/p>\n<p>Mit dem Neubau wurde nach einem europaweiten Vergabeverfahren die Arbeitsgemeinschaft Habau\/MCE beauftragt.<\/p>\n<p>\t\t\t\t\t<a name=\"articlesContList\/teaserbox\"\/><\/p>\n<p>\t\t\t\t\t<a name=\"articlesContList\/text_415534010\"\/><br \/>\n\t\t\t\t\tBaubeginn in zweiter Oktoberh\u00e4lfte<\/p>\n<p>Der Neubau der Ringbahnbr\u00fccke soll nach bauvorbereitenden Ma\u00dfnahmen in der zweiten Oktoberh\u00e4lfte beginnen.<\/p>\n<p>Die gesamte Bauzeit ist mit weniger als zwei Jahren veranschlagt &#8211; das gilt f\u00fcr ein Projekt dieser Gr\u00f6\u00dfe als \u00e4u\u00dferst ambitioniert. Die neue Br\u00fccke soll mit L\u00e4rmschutzw\u00e4nden ausgestattet werden, um die Belastung f\u00fcr die Anwohnerinnen und Anwohner zu verringern. Daf\u00fcr soll auch l\u00e4rmmindernder Asphalt verbaut werden. Die Kosten in H\u00f6he von rund 80 Millionen Euro tr\u00e4gt der Bund.<\/p>\n<p>&#8222;Weitgehend parallel zur Ringbahnbr\u00fccke soll au\u00dferdem der Neubau der ebenfalls abgebrochenen Westendbr\u00fccke erfolgen&#8220;, hie\u00df es: &#8222;Perspektivisch soll somit die Richtungsfahrbahn Nord der A100 im Abschnitt zwischen Messedamm und Spandauer Damm im Sommer 2027 wieder befahrbar sein.&#8220; <\/p>\n<p>\t\t\t\t\t<a name=\"articlesContList\/teaserbox_494963771\"\/><\/p>\n<p>\t\t<img decoding=\"async\" src=\"https:\/\/www.europesays.com\/de\/wp-content\/uploads\/2025\/08\/size=975x549.jpg\" alt=\"Der Abriss der maroden Ringbahnbr\u00fccke hat am 14.04.2025 begonnen. (Quelle: Picture Alliance\/Hannes P Albert)\" title=\"Der Abriss der maroden Ringbahnbr\u00fccke hat am 14.04.2025 begonnen. (Quelle: Picture Alliance\/Hannes P Albert)\" id=\"articlesContList_teaserbox_494963771_teaserList_manualteaser_1637598869_2025025917\"\/><br \/>\n\t\t<img decoding=\"async\" src=\"https:\/\/www.europesays.com\/de\/wp-content\/uploads\/2025\/08\/1756162521_179_size=975x549.jpg\" alt=\"Visualisierung des Baus der Berliner Ringbahnbr\u00fccke. (Quelle: DEGES )\" title=\"Visualisierung des Baus der Berliner Ringbahnbr\u00fccke. (Quelle: DEGES )\" id=\"articlesContList_teaserbox_494963771_teaserList_manualteaser_386673194\"\/><\/p>\n<p>\t\t\t\t\t<a name=\"articlesContList\/text_1126860294\"\/><br \/>\n\t\t\t\t\tEinschr\u00e4nkungen f\u00fcr S-Bahn-Verkehr<\/p>\n<p>Die alte Ringbahnbr\u00fccke war Teil des Autobahndreiecks Funkturm, einem der bundesweit am st\u00e4rksten belasteten Verkehrsknoten. Im M\u00e4rz <a href=\"https:\/\/www.rbb24.de\/politik\/beitrag\/2025\/04\/a100-ringbahnbruecke-baustelle-berlin-spitzengespraech.html\" rel=\"nofollow noopener\" target=\"_blank\">wurde die Br\u00fccke gesperrt,<\/a> weil sich ein Riss im Tragwerk \u00fcberraschend ausgebreitet hatte. Kurz darauf <a href=\"https:\/\/www.rbb24.de\/panorama\/beitrag\/2025\/04\/berlin-a100-rueckbau-abriss-arbeiten-ringbahn-bruecke-abschluss.html\" rel=\"nofollow noopener\" target=\"_blank\">wurde die \u00dcberf\u00fchrung \u00fcber die S-Bahn-Gleise abgerissen<\/a>. So erging es auch der etwas weiter n\u00f6rdlich gelegenen Westendbr\u00fccke.<\/p>\n<p>Im Berliner Westen m\u00fcssen Autofahrer seither weitr\u00e4umige Umleitungen hinnehmen. Die Situation ist infolge des Umleitungsverkehrs durch Wohngebiete auch f\u00fcr die Anwohnerinnen und Anwohner eine Belastung.<\/p>\n<p>Die Bauarbeiten d\u00fcrften in den kommenden Monaten zun\u00e4chst weitere Einschr\u00e4nkungen bedeuten, insbesondere f\u00fcr Pendlerinnen und Pendler im S-Bahnverkehr. Die Verbindung wird w\u00e4hrend der Bauarbeiten immer wieder gesperrt werden m\u00fcssen. Derzeit werde mit der Bahn und der S-Bahn ein entsprechendes Verkehrs- und Sperrkonzept abgestimmt, sagte der Technische Gesch\u00e4ftsf\u00fchrer der Deges, Andreas Irngartinger. Dabei sollen sich die Streckensperrungen auf das Wochenende beschr\u00e4nken. Sie sollen dann teilweise auch nur in den N\u00e4chten erfolgen. Eine gro\u00dfe mehrw\u00f6chige Sperrung sei ausgeschlossen.<\/p>\n<p>\t\t\t\t\t\t\tSo sieht es an der gesperrten Ringbahnbr\u00fccke aus<\/p>\n<ul class=\"scrollcontent gallerylist\" summary=\"\">\n<li class=\"gallery_content\">\n<p>\t\t\t\t\t\t\t\t\t\t<img src-lightbox=\"\/content\/dam\/rbb\/rbb\/rbb24\/2025\/2025_03\/sonstige\/ringbahnbruecke-bagger.jpg.jpg\/size=1280x720.jpg\" width=\"975\" height=\"549\" alt=\"Bauarbeiten an der Ringbahnbruecke A100. (Quelle: rbb)\" title=\"Bauarbeiten an der Ringbahnbruecke A100. (Quelle: rbb)\" id=\"pictureList_picture_1046499668_1694432944\"\/><\/p>\n<p>\t\t\t\t\t\t\t\t\t\tBild:  rbb<\/p>\n<p>Bagger stehen Ende M\u00e4rz auf dem gesperrten Teil der sogenannten Ringbahnbr\u00fccke in Berlin-Charlottenburg. <a href=\"https:\/\/www.rbb24.de\/panorama\/beitrag\/2025\/03\/ringbahnbruecke-berlin-a100-vollsperrung.html\" rel=\"nofollow noopener\" target=\"_blank\">Seit dem 19. M\u00e4rz<\/a> sind beide Fahrspuren der Autobahn Richtung Norden voll gesperrt &#8211; ein Riss am Bauwerk nahe dem ICC (links im Bild), kurz vor der Neuen Kantstra\u00dfe, hatte sich bedenklich vergr\u00f6\u00dfert.<\/p>\n<\/li>\n<li class=\"gallery_content\">\n<p>\t\t\t\t\t\t\t\t\t\t<img src-lightbox=\"\/content\/dam\/rbb\/rbb\/fernsehen\/1_abendschau\/2025\/03\/Ringbahnbr-cke-A100.jpg.jpg\/size=1280x720.jpg\" width=\"975\" height=\"549\" alt=\"Zu erheblichen Verkehrseinschr\u00e4nkungen f\u00fchrt die die gesperrte Ringbahnbr\u00fccke der A100 im Westen Berlins. Sie darf seit Mittwochabend aus Sicherheitsgr\u00fcnden in n\u00f6rdlicher Richtung nicht mehr befahren werden. Bild: Jens Kalaene\/dpa\" title=\"Zu erheblichen Verkehrseinschr\u00e4nkungen f\u00fchrt die die gesperrte Ringbahnbr\u00fccke der A100 im Westen Berlins. Sie darf seit Mittwochabend aus Sicherheitsgr\u00fcnden in n\u00f6rdlicher Richtung nicht mehr befahren werden. Bild: Jens Kalaene\/dpa\" id=\"pictureList_picture_1354099977_2121049557\"\/><\/p>\n<p>\t\t\t\t\t\t\t\t\t\tBild:  Jens Kalaene\/dpa<\/p>\n<p>F\u00fcr den Autoverkehr sind langfristig Behinderungen absehbar. Die Br\u00fccke ist Teil des Autobahndreiecks Funkturm, \u00fcber das t\u00e4glich rund 230.000 Fahrzeuge fahren. Es ist einer der bundesweit am st\u00e4rksten belasteten Verkehrsknoten.<\/p>\n<\/li>\n<li class=\"gallery_content\">\n<p>\t\t\t\t\t\t\t\t\t\t<img src-lightbox=\"\/content\/dam\/rbb\/rbb\/rbb24\/2025\/2025_03\/sonstige\/ringbahnbruecke-bau.jpg.jpg\/size=1280x720.jpg\" width=\"975\" height=\"549\" alt=\"Bauarbeiten an der Ringbahnbruecke A100. (Quelle: rbb)\" title=\"Bauarbeiten an der Ringbahnbruecke A100. (Quelle: rbb)\" id=\"pictureList_picture_673499721_672458271\"\/><\/p>\n<p>\t\t\t\t\t\t\t\t\t\tBild:  rbb<\/p>\n<p>Blick Richtung S\u00fcden. Seit dem 29. M\u00e4rz ist auch <a href=\"https:\/\/www.rbb24.de\/panorama\/beitrag\/2025\/03\/berlin-a100-bruecke-ringbahn-s-bahn-verkehr-wird-gesperrt.html\" rel=\"nofollow noopener\" target=\"_blank\">der S-Bahn-Verkehr,<\/a> der kurz vor der Schadensstelle unter der Br\u00fccke hindurchf\u00fchrt, unterbrochen. Betroffen sind die Ringbahnlinien und die S46.<\/p>\n<\/li>\n<li class=\"gallery_content\">\n<p>\t\t\t\t\t\t\t\t\t\t<img src-lightbox=\"\/content\/dam\/rbb\/rbb\/rbb24\/2025\/2025_04\/rbb-reporter\/verkehrsbeeintraechtigungen-berlin.png.png\/size=1280x720.png\" width=\"975\" height=\"549\" alt=\"Verkehrsbeeintr\u00e4chtigungen durch marode Ringbahnbr\u00fccke im M\u00e4rz 2025. (Quelle: rbb)\" title=\"Verkehrsbeeintr\u00e4chtigungen durch marode Ringbahnbr\u00fccke im M\u00e4rz 2025. (Quelle: rbb)\" id=\"pictureList_picture_102636711_1213732542\"\/><\/p>\n<p>\t\t\t\t\t\t\t\t\t\tBild:  rbb<\/p>\n<p>Ab dem Bahnhof Halensee fahren zurzeit Busse. Das bedeutet Ersatzverkehr f\u00fcr viele Menschen: T\u00e4glich fahren auf dem gesperrten Abschnitt der S-Bahn zufolge rund 50.000 Menschen.<\/p>\n<\/li>\n<li class=\"gallery_content\">\n<p>\t\t\t\t\t\t\t\t\t\t<img src-lightbox=\"\/content\/dam\/rbb\/rbb\/rbb24\/2025\/2025_03\/sonstige\/ringbahnbruecke-A100.jpg.jpg\/size=1280x720.jpg\" width=\"975\" height=\"549\" alt=\"Bauarbeiten an der Ringbahnbruecke A100. (Quelle: rbb)\" title=\"Bauarbeiten an der Ringbahnbruecke A100. (Quelle: rbb)\" id=\"pictureList_picture_997841924_1098636182\"\/><\/p>\n<p>\t\t\t\t\t\t\t\t\t\tBild:  rbb<\/p>\n<p>Nach einer Pr\u00fcfung steht Anfang April fest: Die Br\u00fccke wird abgerissen. Ein Bohr-Bagger entfernt am 31. M\u00e4rz schon seitliche Bauteile von der Br\u00fccke.<\/p>\n<\/li>\n<li class=\"gallery_content\">\n<p>\t\t\t\t\t\t\t\t\t\t<img src-lightbox=\"\/content\/dam\/rbb\/rbb\/rbb24\/2025\/2025_03\/sonstige\/ringbahnbruecke-icc.jpg.jpg\/size=1280x720.jpg\" width=\"975\" height=\"549\" alt=\"Bauarbeiten an der Ringbahnbruecke A100. (Quelle: rbb)\" title=\"Bauarbeiten an der Ringbahnbruecke A100. (Quelle: rbb)\" id=\"pictureList_picture_1852900052\"\/><\/p>\n<p>\t\t\t\t\t\t\t\t\t\tBild:  rbb<\/p>\n<p>Die S-Bahnstrecke bleibt &#8211; Stand Anfang April &#8211; so lange gesperrt, wie die Br\u00fcckenteile entfernt werden.<\/p>\n<\/li>\n<li class=\"gallery_content\">\n<p>\t\t\t\t\t\t\t\t\t\t<img src-lightbox=\"\/content\/dam\/rbb\/rbb\/rbb24\/2025\/2025_04\/rbb-reporter\/verkehrsbeeintraechtigung-ringbahnbruecke-s-bahn.png.png\/size=1280x720.png\" width=\"975\" height=\"549\" alt=\"Verkehrsbeeintr\u00e4chtigungen durch marode Ringbahnbr\u00fccke im M\u00e4rz 2025. (Quelle: rbb)\" title=\"Verkehrsbeeintr\u00e4chtigungen durch marode Ringbahnbr\u00fccke im M\u00e4rz 2025. (Quelle: rbb)\" id=\"pictureList_picture_290603891_306383635\"\/><\/p>\n<p>\t\t\t\t\t\t\t\t\t\tBild:  rbb<\/p>\n<p><a href=\"https:\/\/www.rbb24.de\/panorama\/beitrag\/2025\/03\/berlin-a100-ringbahnbruecke-verkehr-charlottenburg-dreieck-funkturm-anwohner.html\" rel=\"nofollow noopener\" target=\"_blank\">Anwohner im Umfeld klagen derweil \u00fcber starken Pkw-Verkehr in den umliegenden Stra\u00dfen.<\/a> Der Autoverkehr der A100 in Fahrtrichtung Norden wird zwar auf einer Spur \u00fcber die Gegenfahrbahn geleitet &#8211; das bedeutet aber oft: Stop-and-Go. So mancher nimmt da lieber nach eine eigene Route. Die Pkw, die \u00fcber die Avus (A115) auf die A100 in Fahrtrichtung Nord wollen, werden zudem auf den Messedamm geleitet und suchen sich dann ihren Weg durchs Westend.<\/p>\n<\/li>\n<li class=\"gallery_content\">\n<p>\t\t\t\t\t\t\t\t\t\t<img src-lightbox=\"\/content\/dam\/rbb\/rbb\/rbb24\/2025\/2025_04\/sonstige\/kleingarten-a100.jpg.jpg\/size=1280x720.jpg\" width=\"975\" height=\"549\" alt=\"Kleing\u00e4rten an der A100 gesperrt (Quelle: rbb)\" title=\"Kleing\u00e4rten an der A100 gesperrt (Quelle: rbb)\" id=\"pictureList_picture_479025957_1454045003\"\/><\/p>\n<p>\t\t\t\t\t\t\t\t\t\tBild:  rbb<\/p>\n<p><a href=\"https:\/\/www.rbb24.de\/panorama\/beitrag\/2025\/03\/berlin-marode-ringbahn-bruecke-a100-kleingaerten-geraeumt.html\" rel=\"nofollow noopener\" target=\"_blank\">Betroffen sind zudem Kleing\u00e4rtner<\/a>: Rund um die Baustelle wurde ein 50 Meter gro\u00dfer Sperrkreis eingerichtet, von dem auch mehrere Parzellen eines Kleingartenvereins betroffen sind. Diese d\u00fcrfen derzeit nicht betreten werden.<\/p>\n<p>Sendung: rbb24 Inforadio, 31.03.2025, 17 Uhr | <a href=\"https:\/\/www.rbb24.de\/panorama\/beitrag\/2025\/03\/berlin-a100-ringbahnbruecke-verkehr-charlottenburg-dreieck-funkturm-anwohner.html\" rel=\"nofollow noopener\" target=\"_blank\">zum Beitrag<\/a><\/p>\n<\/li>\n<\/ul>\n<p>\t\t\t\t\t<a name=\"articlesContList\/text\"\/><br \/>\n\t\t\t\t\tVorbild f\u00fcr ganz Deutschland?<\/p>\n<p>Das Autobahndreieck inklusive der Ringbahnbr\u00fccke wurde Anfang der 60er Jahre erbaut. Ein Umbau des \u00fcberlasteten Verkehrsknotens ist seit Jahren geplant. Das Planfeststellungsverfahren l\u00e4uft bereits. Damit die Br\u00fccke nun schneller wieder errichtet werden kann, wurde der Bau aus dem Verfahren herausgel\u00f6st. &#8222;Das kann Vorbild f\u00fcr ganz Deutschland sein, wenn es darum geht, unsere Infrastruktur zukunftsfest zu machen&#8220;, sagte Berlins Regierender B\u00fcrgermeister, Kai Wegner (CDU).<\/p>\n<p>\t\t\t\t\t<a name=\"articlesContList\/text_1\"\/><\/p>\n<p>Sendung: rbb24 Inforadio, 25.08.2025, 11:00 Uhr <\/p>\n<p><a class=\"ico ico_arrow_wide_up\" title=\"An den Anfang\" href=\"#top\">  <\/a><\/p>\n","protected":false},"excerpt":{"rendered":"Baubeginn im Oktober &#8211; Neue Ringbahnbr\u00fccke soll bis Sommer 2027 fertig sein dpa-Bildfunk\/Hannes P. Albert Audio: rbb24 Inforadio&hellip;\n","protected":false},"author":2,"featured_media":373070,"comment_status":"","ping_status":"","sticky":false,"template":"","format":"standard","meta":{"footnotes":""},"categories":[5],"tags":[331,332,3364,29,30,13,14,15,12],"class_list":{"0":"post-373069","1":"post","2":"type-post","3":"status-publish","4":"format-standard","5":"has-post-thumbnail","7":"category-nachrichten","8":"tag-aktuelle-nachrichten","9":"tag-aktuelle-news","10":"tag-de","11":"tag-deutschland","12":"tag-germany","13":"tag-headlines","14":"tag-nachrichten","15":"tag-news","16":"tag-schlagzeilen"},"share_on_mastodon":{"url":"https:\/\/pubeurope.com\/@de\/115091874027755492","error":""},"_links":{"self":[{"href":"https:\/\/www.europesays.com\/de\/wp-json\/wp\/v2\/posts\/373069","targetHints":{"allow":["GET"]}}],"collection":[{"href":"https:\/\/www.europesays.com\/de\/wp-json\/wp\/v2\/posts"}],"about":[{"href":"https:\/\/www.europesays.com\/de\/wp-json\/wp\/v2\/types\/post"}],"author":[{"embeddable":true,"href":"https:\/\/www.europesays.com\/de\/wp-json\/wp\/v2\/users\/2"}],"replies":[{"embeddable":true,"href":"https:\/\/www.europesays.com\/de\/wp-json\/wp\/v2\/comments?post=373069"}],"version-history":[{"count":0,"href":"https:\/\/www.europesays.com\/de\/wp-json\/wp\/v2\/posts\/373069\/revisions"}],"wp:featuredmedia":[{"embeddable":true,"href":"https:\/\/www.europesays.com\/de\/wp-json\/wp\/v2\/media\/373070"}],"wp:attachment":[{"href":"https:\/\/www.europesays.com\/de\/wp-json\/wp\/v2\/media?parent=373069"}],"wp:term":[{"taxonomy":"category","embeddable":true,"href":"https:\/\/www.europesays.com\/de\/wp-json\/wp\/v2\/categories?post=373069"},{"taxonomy":"post_tag","embeddable":true,"href":"https:\/\/www.europesays.com\/de\/wp-json\/wp\/v2\/tags?post=373069"}],"curies":[{"name":"wp","href":"https:\/\/api.w.org\/{rel}","templated":true}]}}