{"id":373074,"date":"2025-08-25T22:58:25","date_gmt":"2025-08-25T22:58:25","guid":{"rendered":"https:\/\/www.europesays.com\/de\/373074\/"},"modified":"2025-08-25T22:58:25","modified_gmt":"2025-08-25T22:58:25","slug":"fuer-den-sv-schlebusch-ist-in-bonn-endstation","status":"publish","type":"post","link":"https:\/\/www.europesays.com\/de\/373074\/","title":{"rendered":"F\u00fcr den SV Schlebusch ist in Bonn Endstation"},"content":{"rendered":"<p class=\"text_ohne_einzug richtext text-em-55 !leading-serif mx-6 desktop:mx-0\">F\u00fcr den SV Schlebusch ist der Pokalwettbewerb auf Verbandsebene bereits vorbei. In der ersten Runde setzte es beim Landesliga-Konkurrenten SC Fortuna <a href=\"https:\/\/rp-online.de\/thema\/bonn\/\" rel=\"nofollow noopener\" target=\"_blank\">Bonn<\/a> eine knappe 0:1 (0:0)-Niederlage. Trotz des missgl\u00fcckten Starts in die Pflichtspielsaison sah der neue Trainer Sven Bellinghausen eine \u00fcber weite Strecken engagierte Vorstellung seiner Elf. Am Ende entschieden Nuancen \u00fcber den Ausgang eines intensiven Spiels zweier ebenb\u00fcrtiger Gegner. \u201eDas war ein enger Pokalfight gegen einen guten Gegner\u201c, sagte Bellinghausen.<\/p>\n<p class=\"richtext text-em-55 !leading-serif mx-6 desktop:mx-0\">Vor mehr als 200 Zuschauern im Bonner Sportpark Wasserland war von Beginn an zu sp\u00fcren, dass sich die G\u00e4ste aus Schlebusch viel vorgenommen hatten. Der SVS begann konzentriert und machte in der ersten halben Stunde einen gut sortierten Eindruck. Die Mannschaft wusste die Anlaufbewegungen der Bonner geschickt zu neutralisieren und fand selbst einige Male gef\u00e4hrlich den Weg nach vorne. Chancen durch schnelle Kombinationen \u00fcber die Fl\u00fcgel und Abschl\u00fcsse aus der zweiten Reihe sorgten daf\u00fcr, dass die Bonner Defensive immer wieder ins Wanken geriet. Nach rund 30 Minuten kippte die Partie jedoch.<\/p>\n<p class=\"richtext text-em-55 !leading-serif mx-6 desktop:mx-0\">Die Ruhe im Aufbauspiel des SVS wich zunehmender Hektik. Ungenaue Zuspiele und fehlende Abstimmung gegen den Ball f\u00fchrten dazu, dass der Gastgeber mehr Zugriff aufs Spiel bekam. Schlebusch hielt zwar k\u00e4mpferisch dagegen, doch die Sicherheit aus der Anfangsphase war verloren. So blieb es zun\u00e4chst beim torlosen Unentschieden zur Pause.<\/p>\n<p class=\"richtext text-em-55 !leading-serif mx-6 desktop:mx-0\">Nach dem Wiederanpfiff entwickelte sich eine offene Partie mit M\u00f6glichkeiten auf beiden Seiten &#8211; jedoch zun\u00e4chst ohne echte Hochkar\u00e4ter. In der 77. Minute dann die entscheidende Szene: Bonn kombinierte sich \u00fcber die linke Seite nach vorne und fand in der Mitte Maat Elong, der aus kurzer Distanz zum 1:0 vollstreckte. Schlebusch reagierte sofort. Im direkten Gegenzug hatte Kevin Kassunga die gro\u00dfe M\u00f6glichkeit zum Ausgleich, scheiterte jedoch knapp. Der SVS konnte sich in der Schlussphase immer wieder bis ins letzte Drittel der Bonner spielen, doch es fehlte der finale Pass. Bonn wiederum lauerte auf Konter. Am Ende blieb es beim knappen Sieg f\u00fcr die Gastgeber und einer vermeidbaren Niederlage f\u00fcr den SVS.<\/p>\n<p class=\"richtext text-em-55 !leading-serif mx-6 desktop:mx-0\">\u201eEs war schnell klar, dass es hier darauf ankommt, wer das erste Tor schie\u00dft\u201c, sagte Bellinghausen. In den letzten Testspielen habe sein Team bereits einen klaren Schritt nach vorne gemacht. \u201eDennoch \u00e4rgert es mich nat\u00fcrlich, dass wir unsere Chancen nicht genutzt haben und aus dem Pokal ausgeschieden sind\u201c, sagte er. Positiv hob der neue Coach den Ehrgeiz und die Mentalit\u00e4t seines Teams hervor, kritisierte auf der anderen Seite aber auch die verbesserungsw\u00fcrdige Kommunikation auf dem Platz.<\/p>\n<p class=\"richtext text-em-55 !leading-serif mx-6 desktop:mx-0\">Was die Partie deutlich gemacht hat, ist, dass der SVS noch in der Findungsphase steckt.  Das laufintensive Spielsystem des neuen Trainers samt hohem Pressing erfordert Zeit und ein hohes Level an k\u00f6rperlicher und mentaler Fitness, um es konsequent umzusetzen. Der SVS kann seinen Fokus nun voll auf die Liga richten. Am Sonntag starten die Schlebuscher mit einem Heimspiel gegen die Reserve von Eintracht Hohkeppel.<\/p>\n<p class=\"italic richtext text-em-55 !leading-serif mx-6 desktop:mx-0\"><strong class=\"font-bold dark:text-white-solid\">SVS <\/strong>Kuske \u2013 Taskiran (86. Schreiber), Gonschior, Janeczko (85. Y\u00fcr\u00fck), Uhl (76. Kudo), Schulz, Matusinski, Bramer, Steinebach, Gierlak (72. Kassunga), <a href=\"https:\/\/rp-online.de\/thema\/bamberg\/\" rel=\"nofollow noopener\" target=\"_blank\">Bamberg<\/a>.<\/p>\n","protected":false},"excerpt":{"rendered":"F\u00fcr den SV Schlebusch ist der Pokalwettbewerb auf Verbandsebene bereits vorbei. In der ersten Runde setzte es beim&hellip;\n","protected":false},"author":2,"featured_media":373075,"comment_status":"","ping_status":"","sticky":false,"template":"","format":"standard","meta":{"footnotes":""},"categories":[1842],"tags":[8679,101582,1741,26563,3364,29,6223,30,24073,13762,17781,1209,91312,65897,69235],"class_list":{"0":"post-373074","1":"post","2":"type-post","3":"status-publish","4":"format-standard","5":"has-post-thumbnail","7":"category-bonn","8":"tag-8679","9":"tag-bellinghausen","10":"tag-bonn","11":"tag-bonner","12":"tag-de","13":"tag-deutschland","14":"tag-fortuna","15":"tag-germany","16":"tag-landesliga","17":"tag-liga","18":"tag-niederlage","19":"tag-nordrhein-westfalen","20":"tag-schlebusch","21":"tag-sven","22":"tag-svs"},"share_on_mastodon":{"url":"https:\/\/pubeurope.com\/@de\/115091885670306784","error":""},"_links":{"self":[{"href":"https:\/\/www.europesays.com\/de\/wp-json\/wp\/v2\/posts\/373074","targetHints":{"allow":["GET"]}}],"collection":[{"href":"https:\/\/www.europesays.com\/de\/wp-json\/wp\/v2\/posts"}],"about":[{"href":"https:\/\/www.europesays.com\/de\/wp-json\/wp\/v2\/types\/post"}],"author":[{"embeddable":true,"href":"https:\/\/www.europesays.com\/de\/wp-json\/wp\/v2\/users\/2"}],"replies":[{"embeddable":true,"href":"https:\/\/www.europesays.com\/de\/wp-json\/wp\/v2\/comments?post=373074"}],"version-history":[{"count":0,"href":"https:\/\/www.europesays.com\/de\/wp-json\/wp\/v2\/posts\/373074\/revisions"}],"wp:featuredmedia":[{"embeddable":true,"href":"https:\/\/www.europesays.com\/de\/wp-json\/wp\/v2\/media\/373075"}],"wp:attachment":[{"href":"https:\/\/www.europesays.com\/de\/wp-json\/wp\/v2\/media?parent=373074"}],"wp:term":[{"taxonomy":"category","embeddable":true,"href":"https:\/\/www.europesays.com\/de\/wp-json\/wp\/v2\/categories?post=373074"},{"taxonomy":"post_tag","embeddable":true,"href":"https:\/\/www.europesays.com\/de\/wp-json\/wp\/v2\/tags?post=373074"}],"curies":[{"name":"wp","href":"https:\/\/api.w.org\/{rel}","templated":true}]}}