{"id":373076,"date":"2025-08-25T22:59:13","date_gmt":"2025-08-25T22:59:13","guid":{"rendered":"https:\/\/www.europesays.com\/de\/373076\/"},"modified":"2025-08-25T22:59:13","modified_gmt":"2025-08-25T22:59:13","slug":"nrw-familienministerin-paul-wuerdigt-oberhausener-leuchtturmprojekt-wir-im-revier","status":"publish","type":"post","link":"https:\/\/www.europesays.com\/de\/373076\/","title":{"rendered":"NRW-Familienministerin Paul w\u00fcrdigt Oberhausener Leuchtturmprojekt \u201eWir im Revier\u201d"},"content":{"rendered":"<p>            <a href=\"https:\/\/lokalklick.eu\/wp-content\/uploads\/2025\/08\/OB_Wir-im-Revier_kinderstark_Gruppenbild_2400px.jpg\" data-caption=\"(Foto: Stadt Oberhausen \/ Carsten Walden)\" rel=\"nofollow noopener\" target=\"_blank\"><img loading=\"lazy\" decoding=\"async\" width=\"696\" height=\"410\" class=\"entry-thumb td-modal-image\" src=\"https:\/\/www.europesays.com\/de\/wp-content\/uploads\/2025\/08\/OB_Wir-im-Revier_kinderstark_Gruppenbild_2400px-696x410.jpg\"   alt=\"\" title=\"OB_Wir im Revier_kinderstark_Gruppenbild_2400px\"\/><\/a>(Foto: Stadt Oberhausen \/ Carsten Walden)<br \/>\n            Anzeigen<a href=\"https:\/\/www.mheg-containershop.de\/\" target=\"_blank\" rel=\"nofollow noopener\"><img decoding=\"async\" src=\"https:\/\/www.europesays.com\/de\/wp-content\/uploads\/2025\/04\/MH_Anzeige_Container_1456x180.jpg\"\/><\/a><\/p>\n<p>\n<a href=\"https:\/\/www.rugana.de\/de\/Mecklenburg-Vorpommern\/Insel.Ruegen\/D41\" target=\"_blank\" rel=\"nofollow noopener\"><img decoding=\"async\" src=\"https:\/\/www.europesays.com\/de\/wp-content\/uploads\/2025\/04\/FeWo-Dranske-2-1456.jpg\"\/><\/a><\/p>\n<p><\/p>\n<p><strong>Oberhausen.<\/strong> Gemeinsam mit Oberb\u00fcrgermeister Daniel Schranz hat NRW-Familienministerin Josefine Paul am Mittwoch, 20. August, das innovative Projekt \u201eWir im Revier\u201d in Oberhausen besucht. Vor Ort informierte sich die Ministerin \u00fcber die erfolgreiche Unterst\u00fctzung armutsgef\u00e4hrdeter Familien in Oberhausen. Der Besuch fand im Rahmen ihrer Sommertour zum f\u00fcnfj\u00e4hrigen Jubil\u00e4um des Landesprogramms \u201ekinderstark \u2013 NRW schafft Chancen\u201d statt.<\/p>\n<p>Das Oberhausener Projekt steht exemplarisch f\u00fcr eine gelungene kommunale Pr\u00e4ventionskette, die Familien mit Kindern im Alter von 0 bis 6 Jahren fr\u00fchzeitig und niedrigschwellig unterst\u00fctzt. Durch die engmaschige Verzahnung von Kita-Sozialarbeit und Fr\u00fchen Hilfen in einem Netzwerk aus Kindertageseinrichtungen, den Fachstellen des Jugendamtes, dem Bereich Chancengleichheit und freien Tr\u00e4gern der Kinder- und Jugendhilfe, werden armutsgef\u00e4hrdete Familien dort erreicht, wo sie sich t\u00e4glich aufhalten \u2013 direkt in den Oberhausener Familienzentren.<\/p>\n<p>\u201eJedes Kind verdient einen guten Start, unabh\u00e4ngig von den finanziellen M\u00f6glichkeiten seiner Familie \u2013 in Oberhausen genauso wie \u00fcberall. Mit \u201aWir im Revier\u2019 gehen wir einen konsequent pr\u00e4ventiven Weg: Wir warten nicht, bis Probleme entstehen, sondern handeln fr\u00fchzeitig\u201d, betont Oberb\u00fcrgermeister Daniel Schranz. \u201eIch danke allen, die sich daf\u00fcr engagieren, dass dieser Ansatz funktioniert: in den Kindertageseinrichtungen, bei der Stadtverwaltung, den freien Tr\u00e4gern und dem Land NRW, das uns durch das Programm \u201akinderstark\u2019 verl\u00e4sslich unterst\u00fctzt.\u201c<\/p>\n<p><strong>Landesprogramm als verl\u00e4sslicher Partner<\/strong><\/p>\n<p>Die Zahlen sprechen eine klare Sprache: Bereits in der Pilotphase des Vorg\u00e4ngerprojekts \u201eVier im Revier\u201d (2020-2024) konnten 2.958 Erwachsene und 3.651 Kinder von begleiteten Familien erreicht werden. Insgesamt wurden 5.016 Einzelberatungen durchgef\u00fchrt und 143 Gruppenangebote realisiert \u2013 mit einem klaren Fokus auf besonders benachteiligte Familien. Auf Basis der erfolgreichen Pilotphase erweiterte das Oberhausener Jugendamt die Angebote in dem Nachfolgeprojekt \u201eWir im Revier\u201c auf mehr Standorte und alle Sozialr\u00e4ume, um eine fl\u00e4chendeckende und nachhaltige Pr\u00e4ventionskette in Oberhausen zu erreichen.<\/p>\n<p>Das Landesprogramm \u201ekinderstark \u2013 NRW schafft Chancen\u201d stellt der Stadt Oberhausen f\u00fcr 2025 insgesamt 231.603 Euro zur Verf\u00fcgung. Diese Mittel erm\u00f6glichen es, strukturbildende Ma\u00dfnahmen zu finanzieren und die Vernetzung von Fachkr\u00e4ften und Angeboten in sozial benachteiligten Quartieren zu st\u00e4rken.<\/p>\n<p>\u201eDas Engagement des Landes NRW durch das F\u00f6rderprogramm \u201akinderstark\u2019 ist f\u00fcr uns von unsch\u00e4tzbarem Wert\u201d, erkl\u00e4rte Julia Pietrasch, Bereichsleiterin Chancengleichheit der Stadt Oberhausen. \u201eEs erm\u00f6glicht uns, nachhaltige Strukturen aufzubauen und pr\u00e4ventiv zu arbeiten und zwar genau dort, wo es am dringendsten ben\u00f6tigt wird.\u201d<\/p>\n<p><strong>Ministerin w\u00fcrdigt Oberhausener Pr\u00e4ventionskette<\/strong><\/p>\n<p>Familienministerin Josefine Paul lobte die Oberhausener Pr\u00e4ventionskette bei ihrem Besuch: \u201ePr\u00e4vention und ein gutes und gesundes Aufwachsen f\u00fcr alle Kinder und Jugendlichen in Nordrhein-Westfalen ist ein zentrales Anliegen der Landesregierung. Mit \u2018kinderstark \u2013 NRW schafft Chancen\u2019 stellt das Land in diesem Jahr rund 15 Millionen Euro zur Verf\u00fcgung, um Pr\u00e4vention in den Kommunen zu st\u00e4rken und Familien und Kinder niedrigschwellig zu begleiten. Die Stadt Oberhausen verf\u00fcgt hier \u00fcber einen exzellenten Ansatz, indem es die Beratungsangebote vor Ort wirksam vernetzt und so ganz lebensnahe, facettenreiche Hilfestellung bietet. Ich freue mich sehr dar\u00fcber, dass das Landesprogramm inzwischen beispielgebend f\u00fcr viele andere Bundesl\u00e4nder geworden ist, um die Kommunen beim Auf- und Ausbau von Pr\u00e4ventionsketten zu unterst\u00fctzen. Aufwachsen und das Alltagsleben von Familien findet vor Ort statt.\u201c<\/p>\n<p><strong>Erfolgsrezept: niedrigschwellige Angebote und Vernetzung<\/strong><\/p>\n<p>Das Erfolgsrezept von \u201eWir im Revier\u201d liegt in der Kombination verschiedener Ans\u00e4tze. Die Kita-Sozialarbeit \u00fcbernimmt dabei eine wichtige Lotsenfunktion und organisiert Gruppenangebote, w\u00e4hrend aufsuchende p\u00e4dagogische Familienbegleitung im Rahmen der Fr\u00fchen Hilfen individuelle Unterst\u00fctzung bietet. So kann zielgerichtete Unterst\u00fctzung dort angeboten werden, wo Familien sich ohnehin aufhalten, in der Kindertageseinrichtung ihres Vertrauens.<\/p>\n<p>Ein wichtiger Baustein des Projekts ist die enge Zusammenarbeit der Kindertageseinrichtungen und der Regionalteams der Erzieherischen Hilfen mit multiprofessionellen Tr\u00e4gern der Kinder- und Jugendhilfe. Diese Kooperation erm\u00f6glicht es, verschiedene Kompetenzen zu b\u00fcndeln und ein umfassendes Unterst\u00fctzungsnetzwerk f\u00fcr Familien aufzubauen.<\/p>\n<p>\u201eWir erreichen Familien, die sonst m\u00f6glicherweise keinen Zugang zu Unterst\u00fctzungsangeboten gefunden h\u00e4tten\u201d, erkl\u00e4rte Michaela Jansen, Einrichtungsleitung der st\u00e4dtischen Kindertageseinrichtung Lirich. \u201eDie Kinder und Eltern kennen uns bereits, das Vertrauen ist da. So k\u00f6nnen wir fr\u00fchzeitig helfen, bevor Probleme zu gro\u00df werden.\u201d<\/p>\n<p><strong>Pr\u00e4ventionskette mit Weitblick<\/strong><\/p>\n<p>Die kommunale Pr\u00e4ventionskette in Oberhausen orientiert sich konsequent an der kindlichen Biografie \u2013 von der Geburt bis ins junge Erwachsenenalter. Ziel ist es, alle relevanten Akteure aus Bereichen wie Inklusion, kultureller Bildung, Berufsf\u00f6rderung und Jugendhilfe zu vernetzen und zu koordinieren. \u201eMit unserem Ansatz der kommunalen Pr\u00e4ventionskette k\u00f6nnen wir dazu beitragen, dass aus Kindern starke junge Menschen werden\u201c, betont Oberb\u00fcrgermeister Schranz: \u201eDas ist nicht nur eine Investition in die Zukunft dieser Kinder, sondern in die Zukunft unserer Gesellschaft als Ganzes.\u201d<\/p>\n","protected":false},"excerpt":{"rendered":"(Foto: Stadt Oberhausen \/ Carsten Walden) Anzeigen Oberhausen. Gemeinsam mit Oberb\u00fcrgermeister Daniel Schranz hat NRW-Familienministerin Josefine Paul am&hellip;\n","protected":false},"author":2,"featured_media":373077,"comment_status":"","ping_status":"","sticky":false,"template":"","format":"standard","meta":{"footnotes":""},"categories":[1838],"tags":[3364,29,3715,30,1209],"class_list":{"0":"post-373076","1":"post","2":"type-post","3":"status-publish","4":"format-standard","5":"has-post-thumbnail","7":"category-duisburg","8":"tag-de","9":"tag-deutschland","10":"tag-duisburg","11":"tag-germany","12":"tag-nordrhein-westfalen"},"share_on_mastodon":{"url":"https:\/\/pubeurope.com\/@de\/115091889667173586","error":""},"_links":{"self":[{"href":"https:\/\/www.europesays.com\/de\/wp-json\/wp\/v2\/posts\/373076","targetHints":{"allow":["GET"]}}],"collection":[{"href":"https:\/\/www.europesays.com\/de\/wp-json\/wp\/v2\/posts"}],"about":[{"href":"https:\/\/www.europesays.com\/de\/wp-json\/wp\/v2\/types\/post"}],"author":[{"embeddable":true,"href":"https:\/\/www.europesays.com\/de\/wp-json\/wp\/v2\/users\/2"}],"replies":[{"embeddable":true,"href":"https:\/\/www.europesays.com\/de\/wp-json\/wp\/v2\/comments?post=373076"}],"version-history":[{"count":0,"href":"https:\/\/www.europesays.com\/de\/wp-json\/wp\/v2\/posts\/373076\/revisions"}],"wp:featuredmedia":[{"embeddable":true,"href":"https:\/\/www.europesays.com\/de\/wp-json\/wp\/v2\/media\/373077"}],"wp:attachment":[{"href":"https:\/\/www.europesays.com\/de\/wp-json\/wp\/v2\/media?parent=373076"}],"wp:term":[{"taxonomy":"category","embeddable":true,"href":"https:\/\/www.europesays.com\/de\/wp-json\/wp\/v2\/categories?post=373076"},{"taxonomy":"post_tag","embeddable":true,"href":"https:\/\/www.europesays.com\/de\/wp-json\/wp\/v2\/tags?post=373076"}],"curies":[{"name":"wp","href":"https:\/\/api.w.org\/{rel}","templated":true}]}}