{"id":373078,"date":"2025-08-25T23:00:15","date_gmt":"2025-08-25T23:00:15","guid":{"rendered":"https:\/\/www.europesays.com\/de\/373078\/"},"modified":"2025-08-25T23:00:15","modified_gmt":"2025-08-25T23:00:15","slug":"ehrenamtliches-engagement-ermoeglicht-renovierung-von-tanzsaal-der-ballett-schule-duisburg","status":"publish","type":"post","link":"https:\/\/www.europesays.com\/de\/373078\/","title":{"rendered":"Ehrenamtliches Engagement erm\u00f6glicht Renovierung von Tanzsaal der Ballett-Schule Duisburg"},"content":{"rendered":"<p>            <a href=\"https:\/\/lokalklick.eu\/wp-content\/uploads\/2025\/08\/DU_250825-Westenergie-aktiv-vor-Ort-Duisburg.jpeg\" data-caption=\"(v. l. n. r.) Projektpatin Pia Bogolowski erhielt bei der Renovierung des Ballettsaals tatkr\u00e4ftige Unterst\u00fctzung von Sandrine und Julian Kreiling, Bianca Elvert, der Inhaberin Marina Dhzigauri, Thomas Bogolowski und Sarah Zganiatz (vorne) (Foto: Westenergie AG)\" rel=\"nofollow noopener\" target=\"_blank\"><img loading=\"lazy\" decoding=\"async\" width=\"696\" height=\"464\" class=\"entry-thumb td-modal-image\" src=\"https:\/\/www.europesays.com\/de\/wp-content\/uploads\/2025\/08\/DU_250825-Westenergie-aktiv-vor-Ort-Duisburg-696x464.jpeg\"   alt=\"\" title=\"DU_250825 Westenergie aktiv vor Ort Duisburg\"\/><\/a>(v. l. n. r.) Projektpatin Pia Bogolowski erhielt bei der Renovierung des Ballettsaals tatkr\u00e4ftige Unterst\u00fctzung von Sandrine und Julian Kreiling, Bianca Elvert, der Inhaberin Marina Dhzigauri, Thomas Bogolowski und Sarah Zganiatz (vorne) (Foto: Westenergie AG)<br \/>\n            Anzeigen<a href=\"https:\/\/www.mheg-containershop.de\/\" target=\"_blank\" rel=\"nofollow noopener\"><img decoding=\"async\" src=\"https:\/\/www.europesays.com\/de\/wp-content\/uploads\/2025\/04\/MH_Anzeige_Container_1456x180.jpg\"\/><\/a><\/p>\n<p>\n<a href=\"https:\/\/www.rugana.de\/de\/Mecklenburg-Vorpommern\/Insel.Ruegen\/D41\" target=\"_blank\" rel=\"nofollow noopener\"><img decoding=\"async\" src=\"https:\/\/www.europesays.com\/de\/wp-content\/uploads\/2025\/04\/FeWo-Dranske-2-1456.jpg\"\/><\/a><\/p>\n<p><\/p>\n<p><strong>Essen. <\/strong>Mehr als ein Drittel aller Menschen in Deutschland engagieren sich laut \u201eEngagementstrategie des Bundes\u201c ehrenamtlich in Vereinen und Institutionen. Die umgesetzten Projekte sind dabei so vielf\u00e4ltig, wie die Menschen, denen sie zugutekommen. Die Westenergie w\u00fcrdigt ehrenamtliches Engagement in Form der Mitarbeitendeninitiative Westenergie aktiv vor Ort, indem die Mitarbeitenden des Energiedienstleisters und Infrastrukturanbieters finanzielle Unterst\u00fctzung erhalten. Pia Bogolowski, Mitarbeiterin bei der Westnetz, einer 100-prozentigen Tochter der Westenergie, nutzte das Angebot und erm\u00f6glichte so, dass der Tanzsaal der Ballett-Schule Duisburg im neuen Glanz erscheint. \u201eMit der Zeit ist der Raum etwas in die Jahre gekommen und als Sch\u00fclerin war es mir ein gro\u00dfes Bed\u00fcrfnis, unsere Ballettlehrerin zu unterst\u00fctzen und etwas zur\u00fcckzugeben\u201c, sagte Pia Bogolowski.<\/p>\n<p>Wo nach den Sommerferien wieder klassische Musik erklingt und gut 100 T\u00e4nzerinnen sowie T\u00e4nzer Adagios, Grand Jet\u00e9s sowie Plies \u00fcben, tauschte die Sch\u00fclerin gemeinsam mit drei weiteren Sch\u00fclerinnen sowie vier ehrenamtlichen Helfern ihre Spitzenschuhe gegen Pinsel und verschaffte dem Tanzsaal einen neuen Anstrich. Zuvor organisierte die Projektpatin gemeinsam mit der Inhaberin Farbe und Malutensilien. Innerhalb von zwei Tagen klebten die Ehrenamtlerinnen und Ehrenamtler dann die Fu\u00dfleiten, T\u00fcren und Fenster ab, strichen die Ecken, grundierten die W\u00e4nde und setzten farbliche Akzente. Die ehemalige Ballettt\u00e4nzerin und Inhaberin der Ballett-Schule Duisburg, Marina Dhzigauri, zeigte sich begeistert und betonte, wie wichtig solche Aktionen sind: \u201eDas Projekt zeigt nicht nur, was m\u00f6glich ist, wenn Menschen zusammen anpacken, sondern st\u00e4rkt zudem den Teamgeist und ich freue mich, dass wir die Sch\u00fclerinnen und Sch\u00fclern nach den Sommerferien damit \u00fcberraschen k\u00f6nnen. Ich danke Westenergie f\u00fcr diese M\u00f6glichkeit und Unterst\u00fctzung.\u201c<\/p>\n<p>Mit Westenergie aktiv vor Ort unterst\u00fctzt das Unternehmen mit Hauptsitz in Essen das soziale und ehrenamtliche Engagement seiner Mitarbeitenden. Wer selbst die \u00c4rmel hochkrempelt und sich f\u00fcr einen guten Zweck einbringt, kann die Unterst\u00fctzung erhalten. Westenergie \u00fcbernimmt dabei die Materialkosten in H\u00f6he von bis zu 2.000 Euro, aber keinen Arbeitslohn. Denn im Mittelpunkt steht der ehrenamtliche Einsatz, der gef\u00f6rdert und belohnt wird. \u00dcber die Mitarbeitendeninitiative Westenergie aktiv vor Ort konnten alleine im vergangenen Jahr 413 Projekte unterst\u00fctzt werden. Die Initiative feiert in diesem Jahr ihr 20. Jubil\u00e4um, seit dem Start im Jahr 2005 wurden bereits \u00fcber 12.500 Vorhaben umgesetzt und von Westenergie mit \u00fcber 23 Millionen Euro bezuschusst.<\/p>\n<p><strong>Energie. F\u00fcr Euch.<\/strong><\/p>\n<p>Die Westenergie begeistert mit ihren Initiativen vor Ort Menschen, st\u00e4rkt das Miteinander und tritt f\u00fcr Chancengleichheit ein. Ein Unternehmen, das mit seinen Verteilnetzen Millionen Menschen rund um die Uhr verl\u00e4sslich zur Seite steht \u2013 von Osnabr\u00fcck bis Trier, von Wesel bis Arnsberg. Und das nicht nur mit Energie, sondern auch mit vollem Einsatz f\u00fcr soziale Projekte, Sport, Klimaschutz sowie Kultur und Bildung. Das Ziel: Gemeinsam entdecken, erforschen und erleben. Gemeinsam nachhaltiger handeln und die Zukunft gestalten in Nordrhein-Westfalen, Rheinland-Pfalz oder Niedersachsen \u2013 mit Zuversicht und Entschlossenheit. Eindr\u00fccke finden sich auch auf <a href=\"http:\/\/www.instagram.de\/westenergie\" target=\"_blank\" rel=\"noopener noreferrer nofollow\">Instagram<\/a>, <a href=\"http:\/\/www.facebook.de\/westenergie\" target=\"_blank\" rel=\"noopener noreferrer nofollow\">Facebook<\/a> und <a href=\"https:\/\/www.linkedin.com\/company\/westenergie\" target=\"_blank\" rel=\"noopener noreferrer nofollow\">LinkedIn<\/a>.<\/p>\n","protected":false},"excerpt":{"rendered":"(v. l. n. r.) Projektpatin Pia Bogolowski erhielt bei der Renovierung des Ballettsaals tatkr\u00e4ftige Unterst\u00fctzung von Sandrine und&hellip;\n","protected":false},"author":2,"featured_media":373079,"comment_status":"","ping_status":"","sticky":false,"template":"","format":"standard","meta":{"footnotes":""},"categories":[1838],"tags":[3364,29,3715,30,1209],"class_list":{"0":"post-373078","1":"post","2":"type-post","3":"status-publish","4":"format-standard","5":"has-post-thumbnail","7":"category-duisburg","8":"tag-de","9":"tag-deutschland","10":"tag-duisburg","11":"tag-germany","12":"tag-nordrhein-westfalen"},"share_on_mastodon":{"url":"https:\/\/pubeurope.com\/@de\/115091893657911371","error":""},"_links":{"self":[{"href":"https:\/\/www.europesays.com\/de\/wp-json\/wp\/v2\/posts\/373078","targetHints":{"allow":["GET"]}}],"collection":[{"href":"https:\/\/www.europesays.com\/de\/wp-json\/wp\/v2\/posts"}],"about":[{"href":"https:\/\/www.europesays.com\/de\/wp-json\/wp\/v2\/types\/post"}],"author":[{"embeddable":true,"href":"https:\/\/www.europesays.com\/de\/wp-json\/wp\/v2\/users\/2"}],"replies":[{"embeddable":true,"href":"https:\/\/www.europesays.com\/de\/wp-json\/wp\/v2\/comments?post=373078"}],"version-history":[{"count":0,"href":"https:\/\/www.europesays.com\/de\/wp-json\/wp\/v2\/posts\/373078\/revisions"}],"wp:featuredmedia":[{"embeddable":true,"href":"https:\/\/www.europesays.com\/de\/wp-json\/wp\/v2\/media\/373079"}],"wp:attachment":[{"href":"https:\/\/www.europesays.com\/de\/wp-json\/wp\/v2\/media?parent=373078"}],"wp:term":[{"taxonomy":"category","embeddable":true,"href":"https:\/\/www.europesays.com\/de\/wp-json\/wp\/v2\/categories?post=373078"},{"taxonomy":"post_tag","embeddable":true,"href":"https:\/\/www.europesays.com\/de\/wp-json\/wp\/v2\/tags?post=373078"}],"curies":[{"name":"wp","href":"https:\/\/api.w.org\/{rel}","templated":true}]}}