{"id":373084,"date":"2025-08-25T23:03:11","date_gmt":"2025-08-25T23:03:11","guid":{"rendered":"https:\/\/www.europesays.com\/de\/373084\/"},"modified":"2025-08-25T23:03:11","modified_gmt":"2025-08-25T23:03:11","slug":"arme-spd-in-hannover","status":"publish","type":"post","link":"https:\/\/www.europesays.com\/de\/373084\/","title":{"rendered":"Arme SPD in Hannover!"},"content":{"rendered":"<p>Personelle Wechsel sind in der Politik sehr h\u00e4ufig ein zweischneidiges Schwert. Wem es gelingt, einen starken Kandidaten zu gewinnen, der freut sich \u00fcber den kr\u00e4ftigen Neuzugang. Wer hingegen diesen Bewerber abgibt, der versp\u00fcrt nicht selten ein Gef\u00fchl der Leere und des Verlassenseins.<\/p>\n<p>Nach dieser Vorbemerkung w\u00e4ren wir bei Steffen Krach und der SPD im Unterbezirk Hannover. Zur Erinnerung: Zw\u00f6lf Jahre lang hat ein Mitglied der SPD aus der Stadt Hannover, Stephan Weil, in der Staatskanzlei regiert. Man nannte ihn \u201eden Oberb\u00fcrgermeister von Niedersachsen\u201c, da er sein Amt so aus\u00fcbte wie er es vorher auch im Rathaus von Hannover als OB getan hatte. Weil war gut vernetzt, und es wird oft berichtet \u00fcber die vielen Mitarbeiter, die er nach Kr\u00e4ften gef\u00f6rdert hat und die jetzt in nicht unwichtigen Positionen gelandet sind. Die \u00c4ra Weil ist jetzt aber vorbei, seit rund 100 Tagen regiert in der Staatskanzlei Olaf Lies. Der Sozialdemokrat aus dem Kreis Friesland ist ein Oldenburger. Ein anderer aus der Region Hannover hat seit 2019 gro\u00dfes Gewicht in der Partei: Matthias Miersch f\u00fchrt seit sechs Jahren den SPD-Bezirk Hannover, den gr\u00f6\u00dften von vier Bezirken im Land Niedersachsen, der vom Hamburger Umland bis zur S\u00fcdspitze Niedersachsens reicht. Nun endet auch seine \u00c4ra als Bezirkschef, Miersch d\u00fcrfte wegen seiner Belastung als Bundestagsfraktionschef das Parteiamt im Oktober aufgeben. Den Chefposten im Rathaus von Hannover hatte die SPD schon im Jahr 2019 eingeb\u00fc\u00dft, sie will ihn 2026 zur\u00fcckerobern.<\/p>\n<p><img decoding=\"async\" src=\"https:\/\/www.europesays.com\/de\/wp-content\/uploads\/2025\/08\/Rundblick-2-1-780x439.jpg\" alt=\"\" class=\"wp-image-128288\"\/>Der SPD Hannover geht das Spitzenpersonal aus (von links): Matthias Miersch, Steffen Krach, Adis Ahmetovic und Stephan Weil. | Foto: Anne Hufnagl (2), SPD, Jason Mitchell, Montage: RB<\/p>\n<p>Als w\u00e4ren das alles nicht schon genug Verluste in wenigen Jahren, kommt nun noch der Fall des Regionspr\u00e4sidenten Steffen Krach hinzu. Der Mann will abwandern. Ist die SPD in ihrem \u201eKraftzentrum Hannover\u201c dabei, immer st\u00e4rker zu verlieren?<\/p>\n<p>Die Nachricht \u00fcber die wahrscheinliche Kandidatur von Steffen Krach f\u00fcr das Amt des Berliner B\u00fcrgermeisters schmeichelt zum einen Krach \u2013 denn sie zeigt: Er muss wohl als guter Wahlk\u00e4mpfer gelten, sonst h\u00e4tten sich die Berliner nicht um ihn bem\u00fcht. Zugleich aber d\u00fcrfte der Weggang von Krach eine weitere Schw\u00e4chung der Hannover-SPD nach sich ziehen. Nach dem Rathaus-Verlust 2019, dem Weil-R\u00fccktritt im Mai 2025 und dem wahrscheinlichen Miersch-Abgang als Bezirkschef im Oktober 2025 k\u00e4me ein weiterer Tiefschlag dazu. Das ist eben das Verflixte an der \u201eTalentschmiede\u201c, als die Hannover bei den Sozialdemokraten bislang immer gelten konnte. Viele Talente sind so gut gef\u00f6rdert worden, dass sie nun woanders gut gebraucht werden und kaum noch Zeit f\u00fcr Hannover haben. Miersch muss sich um die Bundestagsfraktion k\u00fcmmern, Hannovers SPD-Stadtchef Adis Ahmetovic ist als Chef-Au\u00dfenpolitiker der Bundes-SPD gedanklich auf dem ganzen Erdball unterwegs \u2013 und Krach, der Ehrgeizige, will der Retter der in sich zerstrittenen Berliner SPD werden. Dazu wird er wohl umziehen m\u00fcssen. Und wer f\u00fcllt die L\u00fccke in Hannover? Man wei\u00df es noch nicht. Im SPD-Bezirk d\u00fcrften die zuweilen ungeliebten Genossen aus den Randbereichen an Gewicht gewinnen, etwa Grant Hendrik Tonne aus Nienburg. Arme SPD Hannover!<\/p>\n<p>Wir beleuchten in der heutigen Ausgabe die Lage der nieders\u00e4chsischen SPD nach dem angek\u00fcndigten Krach-Wechsel nach Berlin etwas genauer. Daneben geht es noch um andere Themen:<\/p>\n<p>So viel f\u00fcr heute. Ich w\u00fcnsche Ihnen einen sch\u00f6nen Tag. Falls Sie eine Idee haben, wer die hannoversche SPD k\u00fcnftig repr\u00e4sentieren kann, schreiben Sie uns bitte. Wir sind f\u00fcr alle Vorschl\u00e4ge dankbar und leiten diese dann gern an die Partei weiter.<\/p>\n<p>Klaus Wallbaum<\/p>\n","protected":false},"excerpt":{"rendered":"Personelle Wechsel sind in der Politik sehr h\u00e4ufig ein zweischneidiges Schwert. Wem es gelingt, einen starken Kandidaten zu&hellip;\n","protected":false},"author":2,"featured_media":373085,"comment_status":"","ping_status":"","sticky":false,"template":"","format":"standard","meta":{"footnotes":""},"categories":[1836],"tags":[3364,29,30,46,1411,184],"class_list":{"0":"post-373084","1":"post","2":"type-post","3":"status-publish","4":"format-standard","5":"has-post-thumbnail","7":"category-hannover","8":"tag-de","9":"tag-deutschland","10":"tag-germany","11":"tag-hannover","12":"tag-niedersachsen","13":"tag-spd"},"share_on_mastodon":{"url":"https:\/\/pubeurope.com\/@de\/115091905417368994","error":""},"_links":{"self":[{"href":"https:\/\/www.europesays.com\/de\/wp-json\/wp\/v2\/posts\/373084","targetHints":{"allow":["GET"]}}],"collection":[{"href":"https:\/\/www.europesays.com\/de\/wp-json\/wp\/v2\/posts"}],"about":[{"href":"https:\/\/www.europesays.com\/de\/wp-json\/wp\/v2\/types\/post"}],"author":[{"embeddable":true,"href":"https:\/\/www.europesays.com\/de\/wp-json\/wp\/v2\/users\/2"}],"replies":[{"embeddable":true,"href":"https:\/\/www.europesays.com\/de\/wp-json\/wp\/v2\/comments?post=373084"}],"version-history":[{"count":0,"href":"https:\/\/www.europesays.com\/de\/wp-json\/wp\/v2\/posts\/373084\/revisions"}],"wp:featuredmedia":[{"embeddable":true,"href":"https:\/\/www.europesays.com\/de\/wp-json\/wp\/v2\/media\/373085"}],"wp:attachment":[{"href":"https:\/\/www.europesays.com\/de\/wp-json\/wp\/v2\/media?parent=373084"}],"wp:term":[{"taxonomy":"category","embeddable":true,"href":"https:\/\/www.europesays.com\/de\/wp-json\/wp\/v2\/categories?post=373084"},{"taxonomy":"post_tag","embeddable":true,"href":"https:\/\/www.europesays.com\/de\/wp-json\/wp\/v2\/tags?post=373084"}],"curies":[{"name":"wp","href":"https:\/\/api.w.org\/{rel}","templated":true}]}}