{"id":373088,"date":"2025-08-25T23:05:14","date_gmt":"2025-08-25T23:05:14","guid":{"rendered":"https:\/\/www.europesays.com\/de\/373088\/"},"modified":"2025-08-25T23:05:14","modified_gmt":"2025-08-25T23:05:14","slug":"nina-chuba-gibt-ihr-erstes-stadionkonzert-in-der-dynamo-arena","status":"publish","type":"post","link":"https:\/\/www.europesays.com\/de\/373088\/","title":{"rendered":"Nina Chuba gibt ihr erstes Stadionkonzert in der Dynamo-Arena"},"content":{"rendered":"<p>Das rappende Energieb\u00fcndel kehrt am 3. Juli 2026 zur\u00fcck an die Elbe. Der Ticketverkauf f\u00fcr das Konzert der S\u00e4ngerin im Rudolf-Harbig-Stadion hat begonnen. <\/p>\n<p class=\"Textstyled__Text-sc-1cqv9mi-0 dKgfuR\">Dresden. Erst vor acht Wochen setzte Nina Chuba die Filmn\u00e4chte am Elbufer unter Strom, jetzt kommt die n\u00e4chste gute Nachricht: Im kommenden Jahr spielt die Rapperin im Rudolf-Harbig-Stadion vor doppelt so vielen Fans. Das gab deren Agentur heute bekannt. <\/p>\n<p class=\"Textstyled__Text-sc-1cqv9mi-0 dKgfuR\">F\u00fcr die S\u00e4ngerin wird das eine volle Saison. In diesem September erscheint ihr zweites Album, dann startet ihre ausverkaufte Arena-Tour, am 14. Oktober wird sie 27 Jahre alt. Und \u00fcber den Winter muss sie Kraft tanken f\u00fcr ihre bislang gr\u00f6\u00dften Open-Air-Shows. <\/p>\n<p class=\"Textstyled__Text-sc-1cqv9mi-0 dKgfuR\">Die f\u00fchrt Nina Chuba von der Hamburger Trabrennbahn \u00fcber die Wuhlheide Berlin bis zu ihrem ersten Stadionkonzert &#8211; eben in der Dresdner Dynamo-Arena. Der Ticketverkauf f\u00fcr das Konzert am 3. Juli 2026 hat am Montag begonnen. <\/p>\n","protected":false},"excerpt":{"rendered":"Das rappende Energieb\u00fcndel kehrt am 3. Juli 2026 zur\u00fcck an die Elbe. Der Ticketverkauf f\u00fcr das Konzert der&hellip;\n","protected":false},"author":2,"featured_media":373089,"comment_status":"","ping_status":"","sticky":false,"template":"","format":"standard","meta":{"footnotes":""},"categories":[1835],"tags":[3364,29,2386,30,859],"class_list":{"0":"post-373088","1":"post","2":"type-post","3":"status-publish","4":"format-standard","5":"has-post-thumbnail","7":"category-dresden","8":"tag-de","9":"tag-deutschland","10":"tag-dresden","11":"tag-germany","12":"tag-sachsen"},"share_on_mastodon":{"url":"https:\/\/pubeurope.com\/@de\/115091913205641812","error":""},"_links":{"self":[{"href":"https:\/\/www.europesays.com\/de\/wp-json\/wp\/v2\/posts\/373088","targetHints":{"allow":["GET"]}}],"collection":[{"href":"https:\/\/www.europesays.com\/de\/wp-json\/wp\/v2\/posts"}],"about":[{"href":"https:\/\/www.europesays.com\/de\/wp-json\/wp\/v2\/types\/post"}],"author":[{"embeddable":true,"href":"https:\/\/www.europesays.com\/de\/wp-json\/wp\/v2\/users\/2"}],"replies":[{"embeddable":true,"href":"https:\/\/www.europesays.com\/de\/wp-json\/wp\/v2\/comments?post=373088"}],"version-history":[{"count":0,"href":"https:\/\/www.europesays.com\/de\/wp-json\/wp\/v2\/posts\/373088\/revisions"}],"wp:featuredmedia":[{"embeddable":true,"href":"https:\/\/www.europesays.com\/de\/wp-json\/wp\/v2\/media\/373089"}],"wp:attachment":[{"href":"https:\/\/www.europesays.com\/de\/wp-json\/wp\/v2\/media?parent=373088"}],"wp:term":[{"taxonomy":"category","embeddable":true,"href":"https:\/\/www.europesays.com\/de\/wp-json\/wp\/v2\/categories?post=373088"},{"taxonomy":"post_tag","embeddable":true,"href":"https:\/\/www.europesays.com\/de\/wp-json\/wp\/v2\/tags?post=373088"}],"curies":[{"name":"wp","href":"https:\/\/api.w.org\/{rel}","templated":true}]}}