{"id":373099,"date":"2025-08-25T23:11:14","date_gmt":"2025-08-25T23:11:14","guid":{"rendered":"https:\/\/www.europesays.com\/de\/373099\/"},"modified":"2025-08-25T23:11:14","modified_gmt":"2025-08-25T23:11:14","slug":"auf-dem-weg-zur-inklusiven-stadt-engagierte-fuer-das-behindertenpolitische-netzwerk-gesucht","status":"publish","type":"post","link":"https:\/\/www.europesays.com\/de\/373099\/","title":{"rendered":"Auf dem Weg zur inklusiven Stadt: Engagierte f\u00fcr das Behindertenpolitische Netzwerk gesucht"},"content":{"rendered":"<p><a href=\"https:\/\/www.europesays.com\/de\/wp-content\/uploads\/2025\/08\/bpn.jpg\"><img loading=\"lazy\" decoding=\"async\" class=\"wp-image-343358 size-full\" src=\"https:\/\/www.europesays.com\/de\/wp-content\/uploads\/2025\/08\/bpn.jpg\" alt=\"Engagierte im Gespr\u00e4ch.\" width=\"999\" height=\"714\"  \/><\/a>Dr. Birgit Rothenberg (li), Vorsitzende des Behindertenpolitischen Netzwerks und Gabriele Beckmann. Foto: Stadt Dortmund \/ Melis Y\u00fccel<\/p>\n<p>Angebote wie Bus, Bahn, Spielplatz oder Theater sollten allen offenstehen, doch oft sieht das anders aus. Auch in Dortmund gibt es noch viele Barrieren, die Menschen mit Beeintr\u00e4chtigungen daran hindern am gesellschaftlichen Leben teilzunehmen. Das Behindertenpolitische Netzwerk (BPN) arbeitet daran, diese abzubauen. Im Herbst wird das Gremium f\u00fcr f\u00fcnf Jahre neu gew\u00e4hlt \u2013 und sucht noch engagierte Mitstreiter:innen.<\/p>\n<p>Ehrenamtlich mitgestalten: Zehn bis zw\u00f6lf Stunden Engagement im Monat<\/p>\n<p>Seit \u00fcber zehn Jahren engagiert sich Gabriele Beckmann im Behindertenpolitischen Netzwerk (BPN) der Stadt Dortmund. Die 70-J\u00e4hrige vertritt dort die Interessen von Menschen mit Beeintr\u00e4chtigungen \u2013 unter anderem im st\u00e4dtischen Ausschuss f\u00fcr Kinder, Jugend und Familie. Dass der diesj\u00e4hrige Sommerferienkalender der Stadt erstmals zwei barrierefreie und inklusive Angebote enth\u00e4lt, ist auch ihrer Arbeit zu verdanken.<\/p>\n<p>\u201eIch war Sozialarbeiterin in der Behindertenhilfe und habe selbst ein schwerstbehindertes Kind gehabt. Ich kenne die Sorgen und N\u00f6te, das Angewiesensein auf gute Beratung und Unterst\u00fctzung\u201c, sagt sie. \u201eDeshalb ist es mir wichtig, einen Beitrag zu leisten, dass sich die Lebensbedingungen von Menschen mit Beeintr\u00e4chtigungen und ihren Familien verbessern.\u201c<\/p>\n<p>In diese ehrenamtliche Arbeit investiert Gabriele Beckmann monatlich zehn bis zw\u00f6lf Stunden: Sie nimmt an Ausschuss-Sitzungen, Treffen des BPN und Gespr\u00e4chsrunden teil. Sie liest Beschlussvorlagen der Verwaltung, um zu pr\u00fcfen, ob die Belange der Menschen mit Beeintr\u00e4chtigungen dort ber\u00fccksichtigt sind.<\/p>\n<p>Beckmann: \u201eMich motiviert, dass wir tats\u00e4chlich auch etwas erreichen k\u00f6nnen\u201c<\/p>\n<p>Das Behindertenpolitische Netzwerk war unter anderem daran beteiligt, dass das Rathaus nun zum Beispiel ein Blindenleitsystem hat und die Fahrzeuge der DSW21 mittlerweile barrierefrei sind. Das sind Erfolge, auf die Gabriele Beckmann stolz ist \u2013 doch es bleibt trotzdem noch genug zu tun.<\/p>\n<p><a href=\"https:\/\/www.nordstadtblogger.de\/wp-content\/uploads\/2019\/10\/nsb-behindertenpolitisches-netzwerk-barrierefreiheit-behinderung_06.jpg\" rel=\"nofollow noopener\" target=\"_blank\"><img loading=\"lazy\" decoding=\"async\" class=\"size-medium wp-image-148893\" src=\"https:\/\/www.europesays.com\/de\/wp-content\/uploads\/2025\/08\/nsb-behindertenpolitisches-netzwerk-barrierefreiheit-behinderung_06-300x225.jpg\" alt=\"\" width=\"300\" height=\"225\"  \/><\/a>Barrierefreiheit wird in vielen Einrichtungen nach wie vor nicht gew\u00e4hrleistet. Foto: Alexander V\u00f6lkel f\u00fcr Nordstadtblogger.de<\/p>\n<p>\u201eZum Beispiel engagiere ich mich daf\u00fcr, die inklusive Kinder- und Jugendhilfe weiterzuentwickeln \u2013 hier gilt es, best\u00e4ndig dabeizubleiben\u201c, sagt Beckmann. Au\u00dferdem m\u00f6chte sie den Anspruch f\u00fcr Kinder und Jugendliche auf Freizeitassistenz bekannter machen, damit sie an mehr Freizeitangeboten teilnehmen k\u00f6nnen.<\/p>\n<p>\u201eMich motiviert, dass wir tats\u00e4chlich auch etwas erreichen k\u00f6nnen. Oft sind es nur kleine Schritte, aber wenn viele sie gehen, k\u00f6nnen wir weit kommen\u201c, sagt sie \u2013 und m\u00f6chte daher auch in der n\u00e4chsten Periode im BPN weiter mitarbeiten.<\/p>\n<p>\u201eEs w\u00e4re toll, wenn wir mit neuen Mitgliedern im BPN weiter an diesen und anderen Themen arbeiten k\u00f6nnten, damit Dortmund ihrem Anspruch gerecht wird, nach und nach zu einer inklusiven Stadt zu werden\u201c, erg\u00e4nzt Dr. Birgit Rothenberg, Vorsitzende des Behindertenpolitischen Netzwerks.<\/p>\n<p>Das Behindertenpolitische Netzwerk strebt eine barrierefreie Stadt an<\/p>\n<p>Das Behindertenpolitische Netzwerk ber\u00e4t den Rat der Stadt, das wichtigste politische Gremium in Dortmund. In den Sitzungen des BPNs sprechen die Mitglieder \u00fcber Beschlussvorlagen und stimmen dar\u00fcber ab. Das BPN bringt aber auch Verbesserungsvorschl\u00e4ge ein.\u00a0So nimmt es Einfluss auf die Entscheidungen der Kommunalpolitik.<\/p>\n<p>Au\u00dferdem bringt es die W\u00fcnsche, Kritik und Vorschl\u00e4ge zum Zusammenleben von Menschen mit und ohne Beeintr\u00e4chtigungen ein, zum Beispiel zu einer barrierefreien Stadt. Sechsmal im Jahr tagt das Gremium \u00f6ffentlich. Einwohner:innen k\u00f6nnen Fragen stellen und Anregungen geben. Dar\u00fcber hinaus arbeiten viele Mitglieder in weiteren Aussch\u00fcssen und Netzwerken mit.<\/p>\n<p>Ziel ist es, den Alltag f\u00fcr Menschen mit Beeintr\u00e4chtigungen zu verbessern \u2013 sei es durch barrierefreie Geb\u00e4ude, verst\u00e4ndliche Informationen oder inklusive Freizeitangebote. Das BPN besteht aus 24 Mitgliedern, die mit dem Thema Leben mit Beeintr\u00e4chtigungen zu tun haben. Zum Beispiel durch eigene Erfahrungen, durch das famili\u00e4re Umfeld oder beruflich. Unterschiedliche Perspektiven und Erfahrungen sind ausdr\u00fccklich erw\u00fcnscht. Wer sich aktiv einbringen will, kann sich noch vor der Neuwahl im Herbst melden.<\/p>\n<p><strong>Mehr Informationen<\/strong><\/p>\n<ul>\n<li>Wer Interesse an einer Mitarbeit hat kann sich melden und informieren bei BPN-Gesch\u00e4ftsf\u00fchrerin Kathrin Rasche, Behindertenbeauftragte der Stadt Dortmund, telefonisch unter 0231 50- 25901 oder per Mail an: <a href=\"https:\/\/www.nordstadtblogger.de\/auf-dem-weg-zur-inklusiven-stadt-engagierte-fuer-das-behindertenpolitische-netzwerk-gesucht\/mailto:behindertenbeauftragte@stadtdo.de\" rel=\"nofollow noopener\" target=\"_blank\">behindertenbeauftragte@stadtdo.de<\/a><\/li>\n<li>Weiteres zum BPN gibt es auch unter: <a href=\"https:\/\/www.dortmund.de\/rathaus\/lokalpolitik\/rat-ausschuesse-beiraete-und-bezirksvertretungen\/beiraete\/behindertenpolitisches-netzwerk\/\" rel=\"nofollow noopener\" target=\"_blank\">dortmund.de<\/a>.<\/li>\n<\/ul>\n<blockquote>\n<p><a href=\"https:\/\/steadyhq.com\/de\/nordstadtblogger\" target=\"_blank\" rel=\"noopener noreferrer nofollow\"><img decoding=\"async\" class=\"alignnone size-medium wp-image-110646\" src=\"https:\/\/www.europesays.com\/de\/wp-content\/uploads\/2025\/07\/steady-mod.png\" alt=\"Unterst\u00fctze uns auf Steady\" width=\"300\"\/><\/a><\/p>\n<\/blockquote>\n<p>                    <a href=\"#\" rel=\"nofollow\" onclick=\"window.print(); return false;\" title=\"Printer Friendly, PDF &amp; Email\"><br \/>\n                    <img decoding=\"async\" class=\"pf-button-img\" src=\"https:\/\/www.europesays.com\/de\/wp-content\/uploads\/2025\/04\/printfriendly-pdf-email-button-md.png\" alt=\"Print Friendly, PDF &amp; Email\" style=\"width: 194px;height: 30px;\"\/><br \/>\n                    <\/a><\/p>\n","protected":false},"excerpt":{"rendered":"Dr. Birgit Rothenberg (li), Vorsitzende des Behindertenpolitischen Netzwerks und Gabriele Beckmann. Foto: Stadt Dortmund \/ Melis Y\u00fccel Angebote&hellip;\n","protected":false},"author":2,"featured_media":373100,"comment_status":"","ping_status":"","sticky":false,"template":"","format":"standard","meta":{"footnotes":""},"categories":[1833],"tags":[3364,29,217,30,1209],"class_list":{"0":"post-373099","1":"post","2":"type-post","3":"status-publish","4":"format-standard","5":"has-post-thumbnail","7":"category-dortmund","8":"tag-de","9":"tag-deutschland","10":"tag-dortmund","11":"tag-germany","12":"tag-nordrhein-westfalen"},"share_on_mastodon":{"url":"https:\/\/pubeurope.com\/@de\/115091936942107311","error":""},"_links":{"self":[{"href":"https:\/\/www.europesays.com\/de\/wp-json\/wp\/v2\/posts\/373099","targetHints":{"allow":["GET"]}}],"collection":[{"href":"https:\/\/www.europesays.com\/de\/wp-json\/wp\/v2\/posts"}],"about":[{"href":"https:\/\/www.europesays.com\/de\/wp-json\/wp\/v2\/types\/post"}],"author":[{"embeddable":true,"href":"https:\/\/www.europesays.com\/de\/wp-json\/wp\/v2\/users\/2"}],"replies":[{"embeddable":true,"href":"https:\/\/www.europesays.com\/de\/wp-json\/wp\/v2\/comments?post=373099"}],"version-history":[{"count":0,"href":"https:\/\/www.europesays.com\/de\/wp-json\/wp\/v2\/posts\/373099\/revisions"}],"wp:featuredmedia":[{"embeddable":true,"href":"https:\/\/www.europesays.com\/de\/wp-json\/wp\/v2\/media\/373100"}],"wp:attachment":[{"href":"https:\/\/www.europesays.com\/de\/wp-json\/wp\/v2\/media?parent=373099"}],"wp:term":[{"taxonomy":"category","embeddable":true,"href":"https:\/\/www.europesays.com\/de\/wp-json\/wp\/v2\/categories?post=373099"},{"taxonomy":"post_tag","embeddable":true,"href":"https:\/\/www.europesays.com\/de\/wp-json\/wp\/v2\/tags?post=373099"}],"curies":[{"name":"wp","href":"https:\/\/api.w.org\/{rel}","templated":true}]}}