{"id":373105,"date":"2025-08-25T23:14:10","date_gmt":"2025-08-25T23:14:10","guid":{"rendered":"https:\/\/www.europesays.com\/de\/373105\/"},"modified":"2025-08-25T23:14:10","modified_gmt":"2025-08-25T23:14:10","slug":"rb-leipzig-vs-heidenheim-wo-wird-das-spiel-uebertragen-mit-liveticker","status":"publish","type":"post","link":"https:\/\/www.europesays.com\/de\/373105\/","title":{"rendered":"RB Leipzig vs. Heidenheim \u2013 Wo wird das Spiel \u00fcbertragen? (Mit Liveticker)"},"content":{"rendered":"<p class=\"Textstyled__Text-sc-1cqv9mi-0 cLyiiX\">In der Bundesliga rollt der Ball! Am Samstag (30. August) kommt es zum Duell zwischen <b>RB Leipzig <\/b>und dem <b>1. FC Heidenheim<\/b>. Ansto\u00df in der Red Bull Arena ist um 15.30 Uhr. Wir zeigen, wo das Spiel live zu sehen ist.<\/p>\n<p>Weiterlesen nach der Anzeige<\/p>\n<p>Weiterlesen nach der Anzeige<\/p>\n<p class=\"Textstyled__Text-sc-1cqv9mi-0 cLyiiX\">Alternativ k\u00f6nnen Sie die Partie hier im <b>Liveticker <\/b>verfolgen:<\/p>\n<p>RB Leipzig gegen 1. FC Heidenheim: Wie ist die Ausgangslage?<\/p>\n<p class=\"Textstyled__Text-sc-1cqv9mi-0 cLyiiX\">F\u00fcr <b>RB Leipzig <\/b>startete die neue Bundesliga-Saison \u00e4u\u00dferst unerfreulich. Mehr als vier Millionen Haushalte sahen dabei zu, wie RB vom FC Bayern auseinandergenommen wurde. Das 0:6 gegen den Titelverteidiger zum Saisonstart d\u00fcrfte die Leipziger noch eine Weile besch\u00e4ftigen. Trainer Ole Werner sprach von einer \u201edesastr\u00f6sen Leistung\u201c, f\u00fcr RB-Kapit\u00e4n David Raum war die Vorstellung in M\u00fcnchen schlichtweg eine \u201eKatastrophe\u201c. Jetzt sind klare K\u00f6pfe und Ruhe gefragt \u2013 ein weiterer Stolperer zum Saisonbeginn d\u00fcrfte die Gem\u00fcter in Leipzig weiter erhitzen.<\/p>\n<p>Weiterlesen nach der Anzeige<\/p>\n<p>Weiterlesen nach der Anzeige<\/p>\n<p class=\"Textstyled__Text-sc-1cqv9mi-0 cLyiiX\">Der <b>1. FC Heidenheim<\/b> hielt sich in der vergangenen Saison nur mit Ach und Krach in der Bundesliga. In der neuen Spielzeit will das Team um Langzeittrainer Frank Schmidt erneut beweisen, dass es das Zeug hat, dauerhaft im Oberhaus zu bestehen. An Kampfeswillen mangelt es den Schwaben jedenfalls nicht: Zwar ging das Auftaktspiel gegen den VfL Wolfsburg verloren, doch \u00fcber weite Strecken agierte Heidenheim auf Augenh\u00f6he \u2013 ein Signal, dass mit dem Klub auch in dieser Saison zu rechnen ist.<\/p>\n<p>Wo l\u00e4uft Leipzig gegen Heidenheim live?<\/p>\n<p class=\"Textstyled__Text-sc-1cqv9mi-0 cLyiiX\">Das Spiel zwischen <b>RB Leipzig<\/b> und dem <b>1. FC Heidenheim<\/b> l\u00e4uft bei <b>Sky Sport Bundesliga 2<\/b>. Die \u00dcbertragung beginnt am<b> Samstag, 30. August<\/b>, mit der Vorberichterstattung zu allen Samstagsspielen um <b>14 Uhr<\/b>. Kommentiert wird die Partie von <b>Kai Dittmann<\/b>.<\/p>\n<p class=\"Textstyled__Text-sc-1cqv9mi-0 cLyiiX\">Eine <b>Zusammenfassung der Samstagsspiele <\/b>zeigt der Pay-TV-Sender ab <b>17.30 Uhr<\/b> auf <b>Sky Sport Bundesliga 2<\/b>.<\/p>\n<p>Weiterlesen nach der Anzeige<\/p>\n<p>Weiterlesen nach der Anzeige<\/p>\n<p class=\"Textstyled__Text-sc-1cqv9mi-0 cLyiiX\">Zeitgleich zur Partie RB Leipzig gegen 1. FC Heidenheim finden am Samstagnachmittag folgende Spiele statt: <\/p>\n<ul class=\"Liststyled__UnorderedList-sc-1ck6pl2-1 iyAmNN\" data-testid=\"list\">\n<li class=\"ListItemstyled__ListItem-sc-u7ur86-0 cvVRXc\">Werder Bremen \u2013 Bayer 04 Leverkusen<\/li>\n<li class=\"ListItemstyled__ListItem-sc-u7ur86-0 cvVRXc\">VfB Stuttgart \u2013 Borussia M\u00f6nchengladbach<\/li>\n<li class=\"ListItemstyled__ListItem-sc-u7ur86-0 cvVRXc\">TSG 1899 Hoffenheim \u2013 Eintracht Frankfurt<\/li>\n<li class=\"ListItemstyled__ListItem-sc-u7ur86-0 cvVRXc\">FC Augsburg \u2013 FC Bayern M\u00fcnchen<\/li>\n<\/ul>\n<p>Wer zeigt Bundesliga live?<\/p>\n<p class=\"Textstyled__Text-sc-1cqv9mi-0 kEnWSL Infoboxstyled__InfoText-sc-1l4p3ie-1 frXoXc\">Die TV-Rechte an der Bundesliga sind auch 2025\/26 zwischen Sky und DAZN aufgeteilt. W\u00e4hrend der Pay-TV-Sender weiterhin alle Freitags- und die einzelnen Samstagsspiele zeigt, laufen die Samstagskonferenz und alle Sonntagsspiele beim Streamingdienst DAZN.<\/p>\n<p>Wo gibt es einen Livestream?<\/p>\n<p class=\"Textstyled__Text-sc-1cqv9mi-0 cLyiiX\">Auch im Livestream kann man das Spiel zwischen <b>RB Leipzig <\/b>und <b>1. FC Heidenheim <\/b>sehen: Sky-Kunden nutzen daf\u00fcr die <b>Sky-Go-App<\/b>, alternativ gibt es das Match \u00fcber den Streamingdienst <b>WOW <\/b>(im Live-Sport Abo). <\/p>\n<p>Weiterlesen nach der Anzeige<\/p>\n<p>Weiterlesen nach der Anzeige<\/p>\n<p>L\u00e4uft RB gegen Heidenheim im Free-TV?<\/p>\n<p class=\"Textstyled__Text-sc-1cqv9mi-0 cLyiiX\">Im <b>Free-TV<\/b> wird die Partie zwischen <b>RB Leipzig <\/b>und <b>1. FC Heidenheim <\/b>dagegen <b>nicht live \u00fcbertragen<\/b>. Kostenlose Zusammenfassungen sind im Nachgang in den Sportshows von ARD, ZDF oder Sport1 verf\u00fcgbar. <\/p>\n<p>Kaum Bundesliga-Spiele im Free-TV<\/p>\n<p class=\"Textstyled__Text-sc-1cqv9mi-0 kEnWSL Infoboxstyled__InfoText-sc-1l4p3ie-1 frXoXc\">Im deutschen Free-TV werden pro Saison nur wenige Bundesligaspiele live \u00fcbertragen. Der Gro\u00dfteil der Begegnungen wird exklusiv im Pay-TV gezeigt. In der Saison 2025\/26 zeigt Sat.1 das Er\u00f6ffnungsspiel am 1. Spieltag, die Freitagspartien vor und nach der Winterpause sowie die Relegationsspiele. Auch der Franz-Beckenbauer-Supercup zwischen dem VfB Stuttgart und FC Bayern wurde von Sat.1 live im Free-TV \u00fcbertragen.<\/p>\n","protected":false},"excerpt":{"rendered":"In der Bundesliga rollt der Ball! Am Samstag (30. August) kommt es zum Duell zwischen RB Leipzig und&hellip;\n","protected":false},"author":2,"featured_media":373106,"comment_status":"","ping_status":"","sticky":false,"template":"","format":"standard","meta":{"footnotes":""},"categories":[1832],"tags":[3364,29,30,71,859],"class_list":{"0":"post-373105","1":"post","2":"type-post","3":"status-publish","4":"format-standard","5":"has-post-thumbnail","7":"category-leipzig","8":"tag-de","9":"tag-deutschland","10":"tag-germany","11":"tag-leipzig","12":"tag-sachsen"},"share_on_mastodon":{"url":"https:\/\/pubeurope.com\/@de\/115091948820165637","error":""},"_links":{"self":[{"href":"https:\/\/www.europesays.com\/de\/wp-json\/wp\/v2\/posts\/373105","targetHints":{"allow":["GET"]}}],"collection":[{"href":"https:\/\/www.europesays.com\/de\/wp-json\/wp\/v2\/posts"}],"about":[{"href":"https:\/\/www.europesays.com\/de\/wp-json\/wp\/v2\/types\/post"}],"author":[{"embeddable":true,"href":"https:\/\/www.europesays.com\/de\/wp-json\/wp\/v2\/users\/2"}],"replies":[{"embeddable":true,"href":"https:\/\/www.europesays.com\/de\/wp-json\/wp\/v2\/comments?post=373105"}],"version-history":[{"count":0,"href":"https:\/\/www.europesays.com\/de\/wp-json\/wp\/v2\/posts\/373105\/revisions"}],"wp:featuredmedia":[{"embeddable":true,"href":"https:\/\/www.europesays.com\/de\/wp-json\/wp\/v2\/media\/373106"}],"wp:attachment":[{"href":"https:\/\/www.europesays.com\/de\/wp-json\/wp\/v2\/media?parent=373105"}],"wp:term":[{"taxonomy":"category","embeddable":true,"href":"https:\/\/www.europesays.com\/de\/wp-json\/wp\/v2\/categories?post=373105"},{"taxonomy":"post_tag","embeddable":true,"href":"https:\/\/www.europesays.com\/de\/wp-json\/wp\/v2\/tags?post=373105"}],"curies":[{"name":"wp","href":"https:\/\/api.w.org\/{rel}","templated":true}]}}