{"id":373180,"date":"2025-08-25T23:55:14","date_gmt":"2025-08-25T23:55:14","guid":{"rendered":"https:\/\/www.europesays.com\/de\/373180\/"},"modified":"2025-08-25T23:55:14","modified_gmt":"2025-08-25T23:55:14","slug":"dfb-pokal-1-runde-sv-wehen-wiesbaden","status":"publish","type":"post","link":"https:\/\/www.europesays.com\/de\/373180\/","title":{"rendered":"DFB-Pokal, 1. Runde &#8211; SV Wehen Wiesbaden"},"content":{"rendered":"<p class=\"p4fzw5k tyrgmig m1iv7h85\">Das ZDF \u00fcbertr\u00e4gt aus der 1. Runde des DFB-Pokals 2025\/26 die Partie SV Wehen Wiesbaden gegen FC Bayern M\u00fcnchen.<\/p>\n<p>\u00dcbertragung aus Wiesbaden<br \/>Kommentator: Oliver Schmidt<br \/>Moderation: Lili Engels<br \/>Experte: Christoph Kramer<\/p>\n<p>Verl\u00e4ngerung und Elfmeterschie\u00dfen m\u00f6glich<\/p>\n<p>Zusammenfassung Leichtathletik: Diamond League Finale, Tag 1 aus Z\u00fcrich\/Schweiz<\/p>\n<p>Volleyball bei sportstudio.de: WM der Frauen: Polen &#8211; Deutschland aus Phuket\/Thailand ab 12.00 Uhr im Livestream <\/p>\n<p>Leichtathletik bei sportstudio.de: Diamond League Finale, Tag 1 aus Z\u00fcrich\/Schweiz mit den Kommentatoren Alexandra Dersch und Marc Windgassen ab 17.30 Uhr im Livestream<\/p>\n","protected":false},"excerpt":{"rendered":"Das ZDF \u00fcbertr\u00e4gt aus der 1. Runde des DFB-Pokals 2025\/26 die Partie SV Wehen Wiesbaden gegen FC Bayern&hellip;\n","protected":false},"author":2,"featured_media":373181,"comment_status":"","ping_status":"","sticky":false,"template":"","format":"standard","meta":{"footnotes":""},"categories":[1847],"tags":[3364,29,548,663,3934,30,13,2052,14,15,12,4544],"class_list":{"0":"post-373180","1":"post","2":"type-post","3":"status-publish","4":"format-standard","5":"has-post-thumbnail","7":"category-wiesbaden","8":"tag-de","9":"tag-deutschland","10":"tag-eu","11":"tag-europa","12":"tag-europe","13":"tag-germany","14":"tag-headlines","15":"tag-hessen","16":"tag-nachrichten","17":"tag-news","18":"tag-schlagzeilen","19":"tag-wiesbaden"},"share_on_mastodon":{"url":"https:\/\/pubeurope.com\/@de\/115092109975290460","error":""},"_links":{"self":[{"href":"https:\/\/www.europesays.com\/de\/wp-json\/wp\/v2\/posts\/373180","targetHints":{"allow":["GET"]}}],"collection":[{"href":"https:\/\/www.europesays.com\/de\/wp-json\/wp\/v2\/posts"}],"about":[{"href":"https:\/\/www.europesays.com\/de\/wp-json\/wp\/v2\/types\/post"}],"author":[{"embeddable":true,"href":"https:\/\/www.europesays.com\/de\/wp-json\/wp\/v2\/users\/2"}],"replies":[{"embeddable":true,"href":"https:\/\/www.europesays.com\/de\/wp-json\/wp\/v2\/comments?post=373180"}],"version-history":[{"count":0,"href":"https:\/\/www.europesays.com\/de\/wp-json\/wp\/v2\/posts\/373180\/revisions"}],"wp:featuredmedia":[{"embeddable":true,"href":"https:\/\/www.europesays.com\/de\/wp-json\/wp\/v2\/media\/373181"}],"wp:attachment":[{"href":"https:\/\/www.europesays.com\/de\/wp-json\/wp\/v2\/media?parent=373180"}],"wp:term":[{"taxonomy":"category","embeddable":true,"href":"https:\/\/www.europesays.com\/de\/wp-json\/wp\/v2\/categories?post=373180"},{"taxonomy":"post_tag","embeddable":true,"href":"https:\/\/www.europesays.com\/de\/wp-json\/wp\/v2\/tags?post=373180"}],"curies":[{"name":"wp","href":"https:\/\/api.w.org\/{rel}","templated":true}]}}