{"id":373184,"date":"2025-08-25T23:57:17","date_gmt":"2025-08-25T23:57:17","guid":{"rendered":"https:\/\/www.europesays.com\/de\/373184\/"},"modified":"2025-08-25T23:57:17","modified_gmt":"2025-08-25T23:57:17","slug":"feuilletonfrankfurt-de-blog-archive-schauspiel-und-tanz-highlights-im-theater-im-pfalzbau-in-ludwigshafen-1","status":"publish","type":"post","link":"https:\/\/www.europesays.com\/de\/373184\/","title":{"rendered":"feuilletonfrankfurt.de \u00bb Blog Archive \u00bb Schauspiel- und Tanz Highlights im Theater im Pfalzbau in Ludwigshafen (1)"},"content":{"rendered":"<p>\t\t\t\tDer fr\u00fche Vogel\u2026<\/p>\n<p style=\"font-weight: 400;\"><strong>Eine Vorschau von Walter H. Kr\u00e4mer<\/strong><\/p>\n<p style=\"font-weight: 400;\">Wer in der Region Rhein-Main-Neckar beheimatet ist und sich an Theater und Tanz erfreuen kann und will, der kommt am <strong>Theater im Pfalzbau in Ludwigshafen<\/strong> nicht vorbei. Einmal mehr bringt auch der Spielplan f\u00fcr die Spielzeit 2025\/2026 viel Sehens- und H\u00f6renswertes nach Ludwigshafen, sodass sich die Reise in die Nachbarstadt von Mannheim mehr als einmal lohnt.<\/p>\n<p><img fetchpriority=\"high\" decoding=\"async\" aria-describedby=\"caption-attachment-160592\" class=\"size-full wp-image-160592\" src=\"https:\/\/www.europesays.com\/de\/wp-content\/uploads\/2025\/08\/TilmanGersch709.jpg\" alt=\"\" width=\"600\" height=\"395\"  \/><\/p>\n<p id=\"caption-attachment-160592\" class=\"wp-caption-text\">Tilman Gersch \u2013 Intendant des Theaters im Pfalzbau<\/p>\n<p>Was das Schauspiel betrifft, so sind Stars und Ensembles aus M\u00fcnchen, Berlin, D\u00fcsseldorf, Z\u00fcrich, Wien, Hannover und Bochum dabei und zeigen Schauspielkunst auf h\u00f6chstem Niveau.<\/p>\n<p><img loading=\"lazy\" decoding=\"async\" class=\"size-full wp-image-160593\" src=\"https:\/\/www.europesays.com\/de\/wp-content\/uploads\/2025\/08\/14_Gantenbein_foto_Matthias_Horn-0752.jpg\" alt=\"\" width=\"600\" height=\"400\"  \/><\/p>\n<p>Soloauftritt von Mathias Brandt in: \u201eMein Name sei Gantenbein\u201c von Max Frisch, Regie: Oliver Reese \/Berliner Ensemble., Foto: Matthias Horn<\/p>\n<p style=\"font-weight: 400;\">Nach 20 Jahren holt <strong>Oliver Reese<\/strong>, Intendant des Berliner Ensembles und Regisseur, den vielfach ausgezeichneten Sprachvirtuosen <strong>Mathias Brandt<\/strong> f\u00fcr seine Bearbeitung des <strong>Max Frisch<\/strong> Romans \u201e<strong>Mein Name sei Gantenbein\u201c<\/strong> auf die B\u00fchne zur\u00fcck und der Schauspieler dankt es ihm mit einer bravour\u00f6sen Vorstellung. <strong>Mathias Brandt<\/strong> zeigt mit diesem Solo einen verzweifelt Suchenden und begibt sich nach einer gescheiterten Liebesbeziehung virtuos in die vielf\u00e4ltigen M\u00f6glichkeiten des menschlichen Daseins.<\/p>\n<p>\u00a0<\/p>\n<p style=\"font-weight: 400;\">\u00a0<strong>GROSSE B\u00dcHNE, Samstag, den 18.10.2025 \/ 19:30 Uhr<\/strong><\/p>\n<p><img loading=\"lazy\" decoding=\"async\" class=\"alignnone size-full wp-image-160599\" src=\"https:\/\/www.europesays.com\/de\/wp-content\/uploads\/2025\/08\/BURG_Holtrop_TommyHetzel_786.jpg\" alt=\"\" width=\"600\" height=\"400\"  \/><\/p>\n<p>\u201eJohann Holtrop\u201c, in Szene gesetzt von Stefan Bachmann und Lea Goebel Foto: Tommy Hetzel<\/p>\n<p style=\"font-weight: 400;\"><strong>Johann Holtrop. Abriss der Gesellschaft<\/strong> ist ein Roman von <strong>Rainald Goetz<\/strong>. Goetz erweist sich mit diesem Roman einmal mehr als einer der faszinierendsten und auch umstrittensten deutschsprachigen Autoren der Gegenwart. Seine Karriere begann mit dem ber\u00fcchtigten Schnitt in die Stirn, den er sich 1983 vor laufenden Kameras beim Ingeborg-Bachmann-Wettbewerb zuf\u00fcgte. Den Preis gewann er zwar nicht, doch er wurde da mit einem Schlag ber\u00fchmt.<\/p>\n<p style=\"font-weight: 400;\"><strong>Stefan Bachmann<\/strong> hat diesen Roman zusammen mit <strong>Lea Goebel<\/strong> bearbeitet und f\u00fcr die B\u00fchne in Szene gesetzt. Ausgezeichnet mit dem Theaterpreis DER FAUST 2023 erz\u00e4hlt diese Inszenierung vom Aufstieg und Fall eines Managers, von politischen Umbr\u00fcchen der Nullerjahre und von der Gier nach Macht.<\/p>\n<p style=\"font-weight: 400;\">In der Begr\u00fcndung der Jury hei\u00dft es: \u201eStefan Bachmanns Inszenierung von Rainald Goetz\u2018 Roman <strong>Johann Holtrop. Abriss der Gesellschaft<\/strong> ist Sog, Komposition und Theaterzauber! Sie ist unbequem und unterhaltsam, herausfordernd und mitrei\u00dfend. Die Geschichte \u00fcber den Aufstieg und Niedergang des Spitzenmanagers Johann Holtrop ist eine aktuelle und abgr\u00fcndige Weltzustandsbeschreibung der Nullerjahre. (\u2026) Die acht Schauspielerinnen \u00fcberzeugen durch ihre dringliche und virtuose Erz\u00e4hlweise, sie sprechen mal chorisch, mal solistisch, und spielen mit einer scharf gezeichneten K\u00f6rperlichkeit. Bachmanns pr\u00e4zise gearbeitete Form bringt den au\u00dfergew\u00f6hnlichen Goetz-Sound zum Erklingen.\u201c<\/p>\n<p>\u00a0<\/p>\n<p style=\"font-weight: 400;\"><strong>GROSSE B\u00dcHNE, Freitag, den 31.10. \/ 19:30 Uhr + Samstag, den 01.11.2025 \/ 18:30 Uhr<\/strong><\/p>\n<p><img loading=\"lazy\" decoding=\"async\" class=\"alignnone size-full wp-image-160587\" src=\"https:\/\/www.europesays.com\/de\/wp-content\/uploads\/2025\/08\/apolloniatheresabitzan2024dezember_001012820007.jpeg\" alt=\"\" width=\"600\" height=\"397\"  \/><\/p>\n<p>Szene aus \u201eDer Schnittchenkauf\u201c, Foto: Apollonia, T.Bitzan<\/p>\n<p style=\"font-weight: 400;\">Der Auff\u00fchrung \u201e<strong>Der Schnittchenkauf<\/strong> \u201eliegt die gleichnamige Sammlung von Texten <strong>Ren\u00e9 Pollesch<\/strong>s aus dem Jahre 2011\/12 zugrunde, in der sich der Autor, der 2024 \u00fcberraschend starb, mit<strong> Bertolt Brecht<\/strong>s \u201eDer Messingkauf\u201c auseinander und thematisierte Themen wie die sogenannte vierte Wand, den Umgang mit B\u00fchnenbildern und mit der Rolle des Regisseurs.<\/p>\n<p style=\"font-weight: 400;\">Der Abend versteht sich in seiner Musikalit\u00e4t, seinem genussvollen Schwadronieren und auch in der absoluten Lust, das Denken selbst ins Spiel zu bringen als eine Hommage und Erinnerung an <strong>Ren\u00e9 Pollesch<\/strong>, die von einigen seiner Lieblingsschauspieler*innen u.a. <strong>Kathrin Angerer, Milan Peschel<\/strong> und <strong>Martin Wuttke<\/strong> zelebriert wird.<\/p>\n<p>\u00a0<\/p>\n<p style=\"font-weight: 400;\"><strong>GROSSE B\u00dcHNE, Samstag, den 8.11.2025 \/ 19:30 Uhr + Sonntag, den 9.11.2025 \/18 Uhr<\/strong><\/p>\n<p><img loading=\"lazy\" decoding=\"async\" class=\"alignnone size-full wp-image-160588\" src=\"https:\/\/www.europesays.com\/de\/wp-content\/uploads\/2025\/08\/goethes_faust_234.jpg\" alt=\"\" width=\"600\" height=\"399\"  \/><\/p>\n<p>Szene aus: Goethes Faust, Foto: Katrin Ribbe<\/p>\n<p style=\"font-weight: 400;\"><strong>Barbara B\u00fcrk<\/strong> und <strong>Clemens Sienknecht<\/strong> haben ein Format erfunden, das sie immer wieder neu und anders mit klassischen Theaterstoffen umsetzen. Diesmal geht es um <strong>Goethes Faust <\/strong>\u2013 allerdings mit anderem Text und auch anderer Melodie. Die Stoffe werden inhaltlich komprimiert, mit Humor dekonstruiert und musikalisch aufgewertet.<\/p>\n<p style=\"font-weight: 400;\">Hier geht es nun um Goethes \u201eFaust\u201c und seinen verh\u00e4ngnisvollen Pakt mit dem Teufel, um die \u201eGretchenfrage\u201c und die Suche nach dem absoluten Gl\u00fcck. Was Goethe selbst nicht sagen und erkl\u00e4ren konnte (\u201eDa kommen sie und fragen, welche Idee ich in meinem Faust zu verk\u00f6rpern gesucht. Als ob ich w\u00fcsste und aussprechen k\u00f6nnte.\u201c)\u00a0 versuchen <strong>B\u00fcrk<\/strong> und <strong>Sienknecht<\/strong> zusammen mit einem schauspielerisch und musikalisch hervorragenden Ensemble nun mit anderem Text und auch anderer Musik \u2013 diesmal mit Musik von Bach bis Technotronic und gef\u00fchlt 100 Hits.<\/p>\n<p>\u00a0<\/p>\n<p style=\"font-weight: 400;\"><strong>GROSSE B\u00dcHNE, Freitag, den 21.11.2025 \/ 19:30 Uhr + Samstag, den 22.11.2025 \/ 19:30 Uhr<\/strong><\/p>\n<p><img loading=\"lazy\" decoding=\"async\" class=\"size-full wp-image-160589\" src=\"https:\/\/www.europesays.com\/de\/wp-content\/uploads\/2025\/08\/changes-7083.jpg\" alt=\"\" width=\"600\" height=\"393\"  \/><\/p>\n<p style=\"font-weight: 400;\">\u201eChanges\u201c mit Anna Schudt und J\u00f6rg Hartmann von Maja Zade, \u00a0uraufgef\u00fchrt an der Berliner Schaub\u00fchne, Regie: Thomas Ostermeier<\/p>\n<p style=\"font-weight: 400;\">Seit 2012 ist Dortmund der Hauptschauplatz von mehr als 20 Fernsehfilmen, die im Rahmen der Krimireihe \u201eTatort\u201c erschienen. Angef\u00fchrt wird das Hauptfigurenensemble der Dortmunder Tatorte seit Beginn vom Kriminalhauptkommissar <strong>Peter Faber<\/strong>, gespielt von <strong>J\u00f6rg Hartmann<\/strong> und bis 2022 von <strong>Martina B\u00f6nisch<\/strong>, gespielt von<strong> Anna Schudt.<\/strong><\/p>\n<p style=\"font-weight: 400;\">Wer diese beiden Schauspieler*innen mag \/ mochte und sie gerne live erleben m\u00f6chte, hat jetzt Gelegenheit dazu. In dem St\u00fcck \u201e<strong>Changes \u201e<\/strong>von <strong>Maja Zade<\/strong> spielen <strong>Anna Schudt<\/strong> und <strong>J\u00f6rg Hartmann<\/strong> 23 Figuren: Nina und Mark sowie 21 andere, die den Ehepartnern auf ihrem Weg durch den Tag begegnen.<\/p>\n<p style=\"font-weight: 400;\">\u201e<strong>Changes\u201c<\/strong> ist ein St\u00fcck \u00fcber die Schwierigkeit, die Welt zum Besseren zu ver\u00e4ndern, und die Anstrengung, sich selbst dabei nicht zu verlieren. Inszeniert von <strong>Thomas Ostermeier<\/strong> an der Schaub\u00fchne am Lehniner Platz in Berlin ist die Auff\u00fchrung im Dezember 2025 zweimal in Ludwigshafen zu erleben.<\/p>\n<p>\u00a0<\/p>\n<p style=\"font-weight: 400;\"><strong>GROSSE B\u00dcHNE: Samstag, den 6.12.2025 \/ 19:30 Uhr und Sonntag, den 7.12. 2025\/ 18 Uhr<\/strong><\/p>\n<p><img loading=\"lazy\" decoding=\"async\" aria-describedby=\"caption-attachment-160582\" class=\"size-full wp-image-160582\" src=\"https:\/\/www.europesays.com\/de\/wp-content\/uploads\/2025\/08\/24-25_Die_kleine_Meerjungfrau__c__Toni_Suter__1_.jpeg\" alt=\"\" width=\"600\" height=\"399\"  \/><\/p>\n<p id=\"caption-attachment-160582\" class=\"wp-caption-text\">Die kleine Meerjungfrau, Koproduktion mit dem Thalia Theater Hamburg , Foto: Schauspielhaus Z\u00fcrich, Premiere:2025<\/p>\n<p style=\"font-weight: 400;\">\u201eDie kleine Meerjungfrau\u201c ist ein Kunstm\u00e4rchen des d\u00e4nischen Schriftstellers <strong>Hans Christian Andersen<\/strong> von 1837 und basiert auf der Sage der<strong> Undine.<\/strong> Der Regisseur <strong>Bastian Kraft<\/strong> liest mit dem Ensemble des Z\u00fcricher Schauspielhauses und den Stars aus der Schweizer Drag Szene, die Geschichte der kleinen Meerjungfrau neu und f\u00fchrt uns dorthin, wo M\u00e4rchen und Biografie der Beteiligten ineinanderflie\u00dfen und zu einer \u201eShow de nixe\u201c verschwimmen.<\/p>\n<p style=\"font-weight: 400;\">Dem von Regisseur Kraft und seinem Ensemble geschaffenen Text (Dramaturgie:) gelingt es, die Vorlage w\u00f6rtlich weiterzuerz\u00e4hlen und sie doch immer wieder kritisch zu hinterfragen, im eigenen Erleben zu spiegeln, aber auch hoch politisch zu interpretieren. <b>Valeria Heintges<\/b>\u00a0teilt auf\u00a0<a href=\"http:\/\/nachtkritik.de\/\" rel=\"nofollow noopener\" target=\"_blank\">nachtkritik.de<\/a>\u00a0ihre Begeisterung f\u00fcr diese Inszenierung mit den Worten:\u00a0\u201eUmarmender und gro\u00dfartiger kann Theater nicht sein:\u00a0Die kleine Meerjungfrau\u00a0als fluid fairy Fantasy und krachende Dragshow im Z\u00fcrcher Pfauen. Ein Theaterwunder!\u201c<\/p>\n<p>\u00a0<\/p>\n<p style=\"font-weight: 400;\"><strong>GROSSE B\u00dcHNE:\u00a0 Samstag, den 13.12.2025 \/ 19:30 Uhr. Im Anschluss an die Vorstellung findet ein Feuerwerk statt.<\/strong><\/p>\n<p><img loading=\"lazy\" decoding=\"async\" class=\"alignnone size-full wp-image-160594\" src=\"https:\/\/www.europesays.com\/de\/wp-content\/uploads\/2025\/08\/2022_LaBelleAuBoisDormant__c_Jean-LouisFernandez_HD_103.jpg\" alt=\"\" width=\"600\" height=\"400\"  \/><\/p>\n<p>\u201eLa belle au bois dormant\u201c (Dornr\u00f6schen) mit dem Ballett de l\u2019Oper\u00e1 national de Lyon, Foto: Jean-Louis Fernandez<\/p>\n<p style=\"font-weight: 400;\">Der <strong>Bereich Tanz<\/strong> begl\u00fcckt bis Ende Dezember mit dem Flamenco-Tanzabend SER von <strong>Sergio Bernal<\/strong> <strong>(11.10.2025)<\/strong>, dem Tanzst\u00fcck TURNIGN OF BONES von <strong>Akram Khan<\/strong>, getanzt von <strong>Gauthier Dance \/ Dance Company Theaterhaus Stuttgart (14.10.2025)<\/strong>, der Choreografie BEETHOVEN 7 von <strong>Sasha Waltz<\/strong> (4. + 25.10.2025), der <strong>Sao Paulo Dance Company<\/strong> mit Arbeiten von <strong>Jiri Kylian<\/strong> (4. + 5. 11.2025), mit dem Tanzst\u00fcck LES NUITS BARBARES von <strong>Herv\u00e9 Koubi,<\/strong> mit dem Ballett LA BELLE AU BOIS DORMANT (Dornr\u00f6schen) von <strong>Marcos Morau<\/strong> und dem Ballett de l\u2019Oper\u00e1 national de Lyon (28. + 29.11.2025), tanzmainz mit SOUL CHAIN\u00a0 von <strong>Sharon Eyal<\/strong> (2.12.2025) und <strong>Hofesh Shechter<\/strong> mit THEATRE OF DREAMS (10.12.2025)<\/p>\n<p style=\"font-weight: 400;\"><a href=\"https:\/\/www.theater-im-pfalzbau.de\/Websites\/www.theater-im-pfalzbau.de\/Events\/Spielzeit_24_25\/Pfalzbau_Buehnen_Jahresprogramm.pdf\" rel=\"nofollow noopener\" target=\"_blank\">https:\/\/www.theater-im-pfalzbau.de\/Websites\/www.theater-im-pfalzbau.de\/Events\/Spielzeit_24_25\/Pfalzbau_Buehnen_Jahresprogramm.pdf<\/a><\/p>\n<p style=\"font-weight: 400;\">Der Vorverkauf f\u00fcr alle Vorstellungen beginnt zwar erst am <strong>9. September <\/strong>\u2013 jedenfalls f\u00fcr alle Vorstellungen bis Ende des Jahres! Gewitzte Kartenj\u00e4ger k\u00f6nnenjedoch schon jetzt ihre begehrten Kartenw\u00fcnsche per Mail \u00e4u\u00dfern, die dann abgearbeitet werden \u2026<\/p>\n<p>\u00a0<\/p>\n<p>\u00a0<\/p>\n<p class=\"postmetadata alt\">\n<p>\t\t\t\t\t\tDieser Eintrag wurde verfasst<\/p>\n<p>\t\t\t\t\t\tam  25. August 2025 um 21:30\t\t\t\t\t\tund befindet sich in der Kategorie <a href=\"https:\/\/www.feuilletonfrankfurt.de\/category\/bildung\/\" rel=\"category tag nofollow noopener\" target=\"_blank\">Bildung \u00b7 Pisa von innen<\/a>, <a href=\"https:\/\/www.feuilletonfrankfurt.de\/category\/kultur-regional-rhein-main\/\" rel=\"category tag nofollow noopener\" target=\"_blank\">Kultur regional \/ Rhein Main<\/a>, <a href=\"https:\/\/www.feuilletonfrankfurt.de\/category\/kultur-reisen\/\" rel=\"category tag nofollow noopener\" target=\"_blank\">Kultur Reisen<\/a>, <a href=\"https:\/\/www.feuilletonfrankfurt.de\/category\/kultur-und-gesellschaft\/\" rel=\"category tag nofollow noopener\" target=\"_blank\">Kultur und Gesellschaft<\/a>, <a href=\"https:\/\/www.feuilletonfrankfurt.de\/category\/kultur-regional-rhein-main\/reisen-lebensart-kultur-regional-rhein-main\/\" rel=\"category tag nofollow noopener\" target=\"_blank\">Reisen &amp; Lebensart<\/a>, <a href=\"https:\/\/www.feuilletonfrankfurt.de\/category\/reisen-lebensart\/\" rel=\"category tag nofollow noopener\" target=\"_blank\">Reisen &amp; Lebensart<\/a>, <a href=\"https:\/\/www.feuilletonfrankfurt.de\/category\/darstellende-kuenste\/schauspiel\/\" rel=\"category tag nofollow noopener\" target=\"_blank\">Schauspiel<\/a>.<br \/>\n\t\t\t\t\t\tAntworten kannst Du auch mittels eines <a href=\"https:\/\/www.feuilletonfrankfurt.de\/2025\/08\/25\/schauspiel-und-tanz-highlights-im-theater-im-pfalzbau-in-ludwigshafen-1\/feed\/\" rel=\"nofollow noopener\" target=\"_blank\">RSS 2.0<\/a> Feeds mitverfolgen. <\/p>\n<p>\t\t\t\t\t\t\t\t\t\t\t\t\tBoth comments and pings are currently closed.\t\t\t<\/p>\n","protected":false},"excerpt":{"rendered":"Der fr\u00fche Vogel\u2026 Eine Vorschau von Walter H. Kr\u00e4mer Wer in der Region Rhein-Main-Neckar beheimatet ist und sich&hellip;\n","protected":false},"author":2,"featured_media":373185,"comment_status":"","ping_status":"","sticky":false,"template":"","format":"standard","meta":{"footnotes":""},"categories":[1845],"tags":[1634,3364,29,548,663,3934,30,13,2096,14,15,12],"class_list":{"0":"post-373184","1":"post","2":"type-post","3":"status-publish","4":"format-standard","5":"has-post-thumbnail","7":"category-mannheim","8":"tag-baden-wuerttemberg","9":"tag-de","10":"tag-deutschland","11":"tag-eu","12":"tag-europa","13":"tag-europe","14":"tag-germany","15":"tag-headlines","16":"tag-mannheim","17":"tag-nachrichten","18":"tag-news","19":"tag-schlagzeilen"},"share_on_mastodon":{"url":"https:\/\/pubeurope.com\/@de\/115092118069704757","error":""},"_links":{"self":[{"href":"https:\/\/www.europesays.com\/de\/wp-json\/wp\/v2\/posts\/373184","targetHints":{"allow":["GET"]}}],"collection":[{"href":"https:\/\/www.europesays.com\/de\/wp-json\/wp\/v2\/posts"}],"about":[{"href":"https:\/\/www.europesays.com\/de\/wp-json\/wp\/v2\/types\/post"}],"author":[{"embeddable":true,"href":"https:\/\/www.europesays.com\/de\/wp-json\/wp\/v2\/users\/2"}],"replies":[{"embeddable":true,"href":"https:\/\/www.europesays.com\/de\/wp-json\/wp\/v2\/comments?post=373184"}],"version-history":[{"count":0,"href":"https:\/\/www.europesays.com\/de\/wp-json\/wp\/v2\/posts\/373184\/revisions"}],"wp:featuredmedia":[{"embeddable":true,"href":"https:\/\/www.europesays.com\/de\/wp-json\/wp\/v2\/media\/373185"}],"wp:attachment":[{"href":"https:\/\/www.europesays.com\/de\/wp-json\/wp\/v2\/media?parent=373184"}],"wp:term":[{"taxonomy":"category","embeddable":true,"href":"https:\/\/www.europesays.com\/de\/wp-json\/wp\/v2\/categories?post=373184"},{"taxonomy":"post_tag","embeddable":true,"href":"https:\/\/www.europesays.com\/de\/wp-json\/wp\/v2\/tags?post=373184"}],"curies":[{"name":"wp","href":"https:\/\/api.w.org\/{rel}","templated":true}]}}