{"id":373212,"date":"2025-08-26T00:13:28","date_gmt":"2025-08-26T00:13:28","guid":{"rendered":"https:\/\/www.europesays.com\/de\/373212\/"},"modified":"2025-08-26T00:13:28","modified_gmt":"2025-08-26T00:13:28","slug":"fujifilm-mit-interessanten-neuentwicklungen-auf-labelexpo-europe-2025","status":"publish","type":"post","link":"https:\/\/www.europesays.com\/de\/373212\/","title":{"rendered":"Fujifilm mit interessanten Neuentwicklungen auf Labelexpo Europe 2025"},"content":{"rendered":"<p style=\"text-align:justify; margin-bottom:11px\">Auf der <a href=\"https:\/\/www.labelexpo-europe.com\/\" target=\"_blank\" rel=\"noopener\"><strong>Labelexpo Europe 2025<\/strong><\/a> stellt Fujifilm (Stand 5D73) eine Vielzahl neuer Entwicklungen f\u00fcr die analoge und digitale Etikettenproduktion vor. Dar\u00fcber hinaus erwartet die Besucher an jedem Messetag ein Informationsprogramm mit Branchenexperten, Partnern und Endanwendern.\u00a0<\/p>\n<p style=\"text-align:justify; margin-bottom:11px\">Am Stand zu sehen:<\/p>\n<ul>\n<li style=\"text-align: justify; margin-bottom: 11px;\">Neueste Fortschritte in der Flexodruckplatten-Technologie mit einer neuen, f\u00fcr anspruchsvollste Druckanforderungen optimierten Druckplattenserie<\/li>\n<li style=\"text-align: justify; margin-bottom: 11px;\">Ein innovatives Konzept der Druckplattenentwicklung, das die Auffassung der Kunden hinsichtlich Workflow und Produktivit\u00e4t ver\u00e4ndern wird<\/li>\n<li style=\"text-align: justify; margin-bottom: 11px;\">Spannende Neuerungen am Flaggschiff der Digitaldruckmaschinen f\u00fcr flexible Verpackungen Jet Press FP790 mit erweiterten Funktionen, mehr Effizienz und neuen Anwendungsm\u00f6glichkeiten<\/li>\n<li style=\"text-align: justify; margin-bottom: 11px;\">Weitere L\u00f6sungen f\u00fcr das gesamte Portfolio, die Fujifilms fortgesetztes Engagement f\u00fcr Fortschritt im Etiketten- und Verpackungsbereich belegen<\/li>\n<\/ul>\n<p style=\"text-align:justify; margin-bottom:11px\">Auf dem Begleitprogramm zur Produktvorschau stehen t\u00e4glich vier kurze, interaktive Sitzungen, bei denen Kunden, Partner und Branchenspezialisten \u00fcber Erfolgsgeschichten aus der Praxis, Marktchancen und praktische Tipps f\u00fcr die Etiketten- und Verpackungsproduktion sprechen.<\/p>\n<p style=\"text-align:justify; margin-bottom:11px\">Zum Abschluss jedes Messetags bietet die Chilled Hour mit DJ und Erfrischungsgetr\u00e4nken einen informellen Rahmen f\u00fcr Gespr\u00e4che zwischen Branchenfachleuten und dem Fujifilm-Team<\/p>\n<p><strong>Mark Stephenson, Business Development Manager bei Fujifilm Europe<\/strong>, erkl\u00e4rt,<\/p>\n<blockquote cite=\"Mark Stephenson, Business Development Manager, Fujifilm Europe\">\n<p>Die Labelexpo Europe 2025 ist ein Meilenstein f\u00fcr unser Etiketten- und Verpackungsangebot. Wir stellen Innovationen und Funktionen vor, mit deren Hilfe unsere Kunden mehr Produktivit\u00e4t und Druckqualit\u00e4t erzielen k\u00f6nnen. Wir freuen uns darauf, die Besucher an unserem Stand zu begr\u00fc\u00dfen und zu informieren.<\/p>\n<\/blockquote>\n","protected":false},"excerpt":{"rendered":"Auf der Labelexpo Europe 2025 stellt Fujifilm (Stand 5D73) eine Vielzahl neuer Entwicklungen f\u00fcr die analoge und digitale&hellip;\n","protected":false},"author":2,"featured_media":373213,"comment_status":"","ping_status":"","sticky":false,"template":"","format":"standard","meta":{"footnotes":""},"categories":[3933],"tags":[331,332,548,663,158,3934,3935,13,14,15,12],"class_list":{"0":"post-373212","1":"post","2":"type-post","3":"status-publish","4":"format-standard","5":"has-post-thumbnail","7":"category-eu","8":"tag-aktuelle-nachrichten","9":"tag-aktuelle-news","10":"tag-eu","11":"tag-europa","12":"tag-europaeische-union","13":"tag-europe","14":"tag-european-union","15":"tag-headlines","16":"tag-nachrichten","17":"tag-news","18":"tag-schlagzeilen"},"share_on_mastodon":{"url":"https:\/\/pubeurope.com\/@de\/115092180485979329","error":""},"_links":{"self":[{"href":"https:\/\/www.europesays.com\/de\/wp-json\/wp\/v2\/posts\/373212","targetHints":{"allow":["GET"]}}],"collection":[{"href":"https:\/\/www.europesays.com\/de\/wp-json\/wp\/v2\/posts"}],"about":[{"href":"https:\/\/www.europesays.com\/de\/wp-json\/wp\/v2\/types\/post"}],"author":[{"embeddable":true,"href":"https:\/\/www.europesays.com\/de\/wp-json\/wp\/v2\/users\/2"}],"replies":[{"embeddable":true,"href":"https:\/\/www.europesays.com\/de\/wp-json\/wp\/v2\/comments?post=373212"}],"version-history":[{"count":0,"href":"https:\/\/www.europesays.com\/de\/wp-json\/wp\/v2\/posts\/373212\/revisions"}],"wp:featuredmedia":[{"embeddable":true,"href":"https:\/\/www.europesays.com\/de\/wp-json\/wp\/v2\/media\/373213"}],"wp:attachment":[{"href":"https:\/\/www.europesays.com\/de\/wp-json\/wp\/v2\/media?parent=373212"}],"wp:term":[{"taxonomy":"category","embeddable":true,"href":"https:\/\/www.europesays.com\/de\/wp-json\/wp\/v2\/categories?post=373212"},{"taxonomy":"post_tag","embeddable":true,"href":"https:\/\/www.europesays.com\/de\/wp-json\/wp\/v2\/tags?post=373212"}],"curies":[{"name":"wp","href":"https:\/\/api.w.org\/{rel}","templated":true}]}}