{"id":373251,"date":"2025-08-26T00:33:17","date_gmt":"2025-08-26T00:33:17","guid":{"rendered":"https:\/\/www.europesays.com\/de\/373251\/"},"modified":"2025-08-26T00:33:17","modified_gmt":"2025-08-26T00:33:17","slug":"borussia-dortmund-xxl-preisschild-sommer-wechsel-damit-vom-tisch-2","status":"publish","type":"post","link":"https:\/\/www.europesays.com\/de\/373251\/","title":{"rendered":"Borussia Dortmund: XXL-Preisschild \u2013 Sommer-Wechsel damit vom Tisch"},"content":{"rendered":"\n<p>Borussia Dortmund steht im Sommertransferfenster unter Druck \u2013 nicht nur bei Verpflichtungen, sondern auch, wenn es um Abg\u00e4nge geht. <\/p>\n<p>Besonders Felix Nmecha sorgte zuletzt f\u00fcr Schlagzeilen. Der deutsche Nationalspieler hat das Interesse von Inter Mailand geweckt, doch der BVB macht den Italienern klar: Ein Abschied wird teuer.<\/p>\n<p> Borussia Dortmund: Felix Nmecha wird nicht verramscht <\/p>\n<p>In Italien hei\u00dft es, Inter baggert intensiv an Nmecha. Laut \u201eCorriere dello Sport\u201c haben die Mail\u00e4nder bereits erste Anfragen f\u00fcr den Mittelfeldspieler eingereicht. Doch Borussia Dortmund ist nicht bereit, den 22-J\u00e4hrigen <a href=\"https:\/\/www.derwesten.de\/sport\/fussball\/bvb\/bvb-dortmund-transfer-plan-kovac-sechser-verraet-id301746873.html\" rel=\"nofollow noopener\" target=\"_blank\">ohne Weiteres ziehen zu lassen<\/a>. Der Club hat gro\u00dfes Vertrauen in Nmechas Potenzial und will ihn nicht leichtfertig abgeben.<\/p>\n<p>+++ <a href=\"https:\/\/www.derwesten.de\/sport\/fussball\/bvb\/bvb-borussia-dortmund-jashari-mailand-id301757547.html\" rel=\"nofollow noopener\" target=\"_blank\">BVB schaut in die R\u00f6hre! Transfer endg\u00fcltig vom Tisch<\/a> +++<\/p>\n<p>Die Verantwortlichen beim BVB haben angeblich reagiert und dem Nationalspieler ein gewaltiges Preisschild verpasst. Sie geben Inter eine klare Botschaft: \u201eWir verkaufen Felix Nmecha nicht f\u00fcr wenig Geld.\u201c Damit schiebt der Verein m\u00f6glichen Verhandlungen wohl erst einmal einen Riegel vor. Oder doch nicht?<\/p>\n<p> Borussia Dortmund fordert 60 Millionen f\u00fcr Felix Nmecha <\/p>\n<p>Die angeblichen Vorstellungen aus Dortmund d\u00fcrften Inter Mailand tats\u00e4chlich zum Nachdenken bringen. Laut \u201eCorriere dello Sport\u201c wurde den Mail\u00e4ndern eine Abl\u00f6sesumme von 60 Millionen Euro genannt. Diese Summe d\u00fcrfte einige K\u00f6pfe zum Rauchen bringen, denn Nmechas aktueller Marktwert wird auf etwa 30 Millionen Euro gesch\u00e4tzt.<\/p>\n<p>Doch Borussia Dortmund sitzt am l\u00e4ngeren Hebel: Nmecha ist noch bis 2028 vertraglich gebunden. Der BVB spielt auf Zeit, um entweder eine Mega-Abl\u00f6se zu kassieren oder den Spieler weiterzuentwickeln. Dass Inter wirklich 60 Millionen f\u00fcr den Mittelfeldmann hinbl\u00e4ttern wird, scheint unwahrscheinlich.<\/p>\n<p>Mehr News:<\/p>\n<p>Felix Nmecha bleibt also vorerst ein hei\u00dfes Thema \u2013 sowohl in Dortmund als auch in Mailand. Der BVB zeigt damit einmal mehr, dass er seine Talente nicht unter Wert verkauft. Ob Inter tats\u00e4chlich zu den genannten Konditionen zuschl\u00e4gt, wird sich zeigen. Bis dahin bleibt Borussia Dortmund hart \u2013 und Felix Nmecha in Schwarz-Gelb.<\/p>\n<p>Dieser Artikel wurde teils mit maschineller Unterst\u00fctzung erstellt und vor der Ver\u00f6ffentlichung von der Redaktion sorgf\u00e4ltig gepr\u00fcft.<\/p>\n","protected":false},"excerpt":{"rendered":"Borussia Dortmund steht im Sommertransferfenster unter Druck \u2013 nicht nur bei Verpflichtungen, sondern auch, wenn es um Abg\u00e4nge&hellip;\n","protected":false},"author":2,"featured_media":365309,"comment_status":"","ping_status":"","sticky":false,"template":"","format":"standard","meta":{"footnotes":""},"categories":[1833],"tags":[3364,29,217,30,1209],"class_list":{"0":"post-373251","1":"post","2":"type-post","3":"status-publish","4":"format-standard","5":"has-post-thumbnail","7":"category-dortmund","8":"tag-de","9":"tag-deutschland","10":"tag-dortmund","11":"tag-germany","12":"tag-nordrhein-westfalen"},"share_on_mastodon":{"url":"https:\/\/pubeurope.com\/@de\/115092259231743383","error":""},"_links":{"self":[{"href":"https:\/\/www.europesays.com\/de\/wp-json\/wp\/v2\/posts\/373251","targetHints":{"allow":["GET"]}}],"collection":[{"href":"https:\/\/www.europesays.com\/de\/wp-json\/wp\/v2\/posts"}],"about":[{"href":"https:\/\/www.europesays.com\/de\/wp-json\/wp\/v2\/types\/post"}],"author":[{"embeddable":true,"href":"https:\/\/www.europesays.com\/de\/wp-json\/wp\/v2\/users\/2"}],"replies":[{"embeddable":true,"href":"https:\/\/www.europesays.com\/de\/wp-json\/wp\/v2\/comments?post=373251"}],"version-history":[{"count":0,"href":"https:\/\/www.europesays.com\/de\/wp-json\/wp\/v2\/posts\/373251\/revisions"}],"wp:featuredmedia":[{"embeddable":true,"href":"https:\/\/www.europesays.com\/de\/wp-json\/wp\/v2\/media\/365309"}],"wp:attachment":[{"href":"https:\/\/www.europesays.com\/de\/wp-json\/wp\/v2\/media?parent=373251"}],"wp:term":[{"taxonomy":"category","embeddable":true,"href":"https:\/\/www.europesays.com\/de\/wp-json\/wp\/v2\/categories?post=373251"},{"taxonomy":"post_tag","embeddable":true,"href":"https:\/\/www.europesays.com\/de\/wp-json\/wp\/v2\/tags?post=373251"}],"curies":[{"name":"wp","href":"https:\/\/api.w.org\/{rel}","templated":true}]}}