{"id":373269,"date":"2025-08-26T00:46:13","date_gmt":"2025-08-26T00:46:13","guid":{"rendered":"https:\/\/www.europesays.com\/de\/373269\/"},"modified":"2025-08-26T00:46:13","modified_gmt":"2025-08-26T00:46:13","slug":"olympiabewerbung-muenchen-im-schlafwagen-zu-olympia","status":"publish","type":"post","link":"https:\/\/www.europesays.com\/de\/373269\/","title":{"rendered":"Olympiabewerbung M\u00fcnchen: Im Schlafwagen zu Olympia?"},"content":{"rendered":"<p class=\"paragraph article__item\">Das Maskottchen der bayerischen Landeshauptstadt, das M\u00fcnchner Kindl, tanzt in der Regel munter und gut gelaunt durch die \u00d6ffentlichkeit. Geh\u00fcllt in seine schwarz-gelbe Kutte und mit blondem, schulterlangem Haar, sitzt es bei Trachtenumz\u00fcgen bierkrugschwenkend auf den W\u00e4gen oder weist in den U-Bahnen und Bussen darauf hin, wie man sicher und sauber durch die Landeshauptstadt rollt.\n<\/p>\n<p class=\"paragraph article__item\">Wer in diesen Tagen aber am Isarufer entlangl\u00e4uft, sieht \u00fcberall ein weinendes M\u00fcnchner Kindl. Eines, das leidet unter der Last olympischer Medaillen, erdr\u00fcckt wird vom b\u00f6sen Internationalen Olympischen Komitee (IOC). &#8222;Olympia erstickt M\u00fcnchen&#8220;, steht auf den pinkfarbenen Plakaten der \u00d6kologisch-Demokratischen Partei (\u00d6DP), die in der ganzen Stadt aufgestellt sind. Und darunter: &#8222;N\u00d6lympia&#8220;.\n<\/p>\n<p>                            Olympia-Gegner bei einer Demonstration auf dem M\u00fcnchener Marienplatz            \u00a9\u00a0Leonie Asendorpf\/\u200bdpa<\/p>\n<p>        \u00dcbermacht der Olympia-Gegner        <\/p>\n<p class=\"paragraph article__item\">Die Olympia-Gegner dr\u00fccken in <a class=\"rtr-entity\" href=\"https:\/\/www.zeit.de\/thema\/muenchen\" rel=\"nofollow noopener\" target=\"_blank\">M\u00fcnchen<\/a> auf die Tr\u00e4nendr\u00fcse. Und mit ihrer NOlympia-Kampagne (die \u00d6DP ist Teil davon), haben sie die F\u00fchrung \u00fcbernommen im Rennen um die M\u00fcnchner Olympiabewerbung \u2013 zumindest im Stadtbild. In zwei Monaten, am 26. Oktober, stimmen die B\u00fcrger bei einem Referendum dar\u00fcber ab, ob die bayerische Landeshauptstadt gegen die nationalen Konkurrenten Berlin, Hamburg und die Region Rhein-Ruhr ins Rennen um die Olympischen Sommerspiele 2036, 2040 und 2044 geht.\n<\/p>\n<p class=\"paragraph article__item\">Die \u00dcbermacht der Gegner in der \u00f6ffentlichen Wahrnehmung der drittgr\u00f6\u00dften deutschen Stadt ist verwunderlich. Schlie\u00dflich sind doch in der bayerischen (und der M\u00fcnchner) Politik praktisch alle f\u00fcr die Bewerbung: Ministerpr\u00e4sident Markus S\u00f6der, Oberb\u00fcrgermeister Dieter Reiter, die Landtagsfraktionen von Freien W\u00e4hlern und Gr\u00fcnen, auch die SPD.\n<\/p>\n<p class=\"paragraph article__item\">Und auch in der Bev\u00f6lkerung gibt es einen durchaus breiten Zuspruch zur Olympiabewerbung. Zweimal hat die Landeshauptstadt im vergangenen Jahr Stimmungsbilder erhoben. Im Winter 2024 waren <a href=\"https:\/\/stadt.muenchen.de\/dam\/jcr:09afdb75-0237-48bf-940b-8323a9f652d9\/RIM%20LH-PRESS_401%20Ergebnisbericht%20Olympiabewerbung_.pdf\" class=\"\" target=\"_blank\" rel=\"nofollow noopener\">65 Prozent der Befragten<\/a> (PDF) f\u00fcr eine M\u00fcnchner Olympiabewerbung, im Fr\u00fchling 2025 waren es <a href=\"https:\/\/stadt.muenchen.de\/dam\/jcr:7c76fadc-cd34-4c8a-8802-fc545a5ce13b\/Q2-25%20Olympia_Ergebnisbericht.pdf\" class=\"\" target=\"_blank\" rel=\"nofollow noopener\">66 Prozent<\/a> (PDF).\n<\/p>\n<p>                            \u00a9\u00a0Lea Dohle<\/p>\n<p>\n                                        Newsletter<br \/>\n                                        Was jetzt? \u2013 Der t\u00e4gliche Morgen\u00fcberblick<\/p>\n<p class=\"newsletter-signup__text\">Starten Sie mit unserem kurzen Nachrichten-Newsletter in den Tag. Erhalten Sie zudem freitags den US-Sonderletter &#8222;Was jetzt, America?&#8220; sowie das digitale Magazin ZEIT am Wochenende.<\/p>\n<p class=\"newsletter-signup__datapolicy\" hidden=\"\">\n            Mit Ihrer Registrierung nehmen Sie die <a href=\"https:\/\/datenschutz.zeit.de\/zon#Newsletter\" target=\"_blank\" rel=\"nofollow noopener\">Datenschutzerkl\u00e4rung<\/a> zur Kenntnis.\n        <\/p>\n<p>    Vielen Dank! Wir haben Ihnen eine E-Mail geschickt.<\/p>\n<p>Pr\u00fcfen Sie Ihr Postfach und best\u00e4tigen Sie das Newsletter-Abonnement.<\/p>\n<p class=\"paragraph article__item\">Die Zahlen hat die Stadt M\u00fcnchen selbst erheben lassen. Und ja, befragt wurden jeweils nur knapp unter 500 Menschen. Aber die Erhebungen sind die eindr\u00fccklichsten Daten, die zur Stimmung in M\u00fcnchen bisher vorliegen. Sie sprechen daf\u00fcr, dass es wohl eher keine eindeutige Ablehnung gegen\u00fcber Olympia gibt. Sondern, im Gegenteil, durchaus Unterst\u00fctzung f\u00fcr die Idee und Vorfreude auf ein internationales Sportereignis.\u00a0\n<\/p>\n<p class=\"paragraph article__item\">Das w\u00e4re ein Geschenk f\u00fcr die Olympia-Bef\u00fcrworter. Ein Vorsprung, von dem sie gewillt sein m\u00fcssten, ihn \u00fcber die n\u00e4chsten zwei Monate zu verteidigen \u2013 oder sogar auszubauen. Die Pro-Olympia-Fraktion k\u00f6nnte jetzt schon Stimmung machen, pr\u00e4sent sein in der \u00d6ffentlichkeit. Warum wirken S\u00f6der, Reiter und Co. nicht l\u00e4ngst und st\u00e4rker auf ihre potenziellen W\u00e4hler ein?\u00a0\n<\/p>\n<p>        Von prominenten Unterst\u00fctzern keine Spur        <\/p>\n<p class=\"paragraph article__item\">Wom\u00f6glich verl\u00e4sst sich das Rathaus darauf, dass das &#8222;Ja&#8220; zur Bewerbung ein Selbstl\u00e4ufer wird. Dominik Krause (B90\/Die Gr\u00fcnen), M\u00fcnchens Zweiter B\u00fcrgermeister und selbst Unterst\u00fctzer der Bewerbung, sagte vergangene Woche <a href=\"https:\/\/www.sueddeutsche.de\/muenchen\/muenchen-olympische-sommerspiele-bewerbung-argumente-buergentscheid-li.3298600\" class=\"\" target=\"_blank\" rel=\"nofollow noopener\">der S\u00fcddeutschen Zeitung<\/a>, der Oberb\u00fcrgermeister Dieter Reiter verantworte die Kampagne seitens der Stadt. Wie die Kampagne aussehe und wann sie starte \u2013 alles in den H\u00e4nden von Dieter Reiter. Dieser sei momentan allerdings \u2026 im Urlaub.\n<\/p>\n<p class=\"paragraph article__item\">Ganz abgesehen davon, dass die M\u00fcnchner Pro-Olympia-Fraktion \u00fcber die Politik hinaus noch keine prominenten Unterst\u00fctzer pr\u00e4sentiert hat (man k\u00f6nnte zum Beispiel ins Feld f\u00fchren: Sportlerinnen oder Sportler), \u00fcberl\u00e4sst sie das \u00f6ffentliche Feld bisher auch kampflos der Gegenseite. Das k\u00f6nnte sich r\u00e4chen.\n<\/p>\n<p class=\"paragraph article__item\">Denn ganz unabh\u00e4ngig davon, <a href=\"https:\/\/www.zeit.de\/sport\/2025-06\/olympiabewerbung-staedte-deutschland-konkurrenz\" class=\"\" target=\"_blank\" rel=\"nofollow noopener\">auf welcher Seite der Ja-oder-Nein-zu-Olympia-Debatte man steht oder was man von den Pro- und Contra-Argumenten<\/a>\u00a0h\u00e4lt: Wenn die vergangenen deutschen Olympiabem\u00fchungen eines gezeigt haben, dann dass die Referenden knapp sind \u2013 und nicht besonders viele Menschen abstimmen.\n<\/p>\n<p class=\"paragraph article__item\">Als Hamburg sich im Jahr 2015 um die Sommerspiele 2024 bewarb, stimmten<br \/>\n51,6 Prozent der Abstimmenden dagegen. Die Wahlbeteiligung lag damals bei 50,2 Prozent. Als M\u00fcnchen 2013 seine B\u00fcrgerinnen und B\u00fcrger wegen der Winterspiele 2022 befragte, stimmten noch weniger Leute ab, gerade mal 28,9 Prozent. Am Ende waren 52,1 Prozent der Menschen, die eine Stimme abgaben, dagegen.\n<\/p>\n<p class=\"paragraph article__item\">Das bedeutet, dass selbst die Mobilmachung von<br \/>\nverh\u00e4ltnism\u00e4\u00dfig wenigen Menschen gro\u00dfen Einfluss auf das Endergebnis<br \/>\nhaben kann. Bei Wahlresultaten, die zuletzt immer knapp an der 50-Prozent-Marke lagen, hei\u00dft das: Wer besser mobilisiert, gewinnt.\u00a0\n<\/p>\n<p class=\"paragraph article__item\">Und wer mobilisiert? Wer sichtbar, laut und pr\u00e4sent ist. In M\u00fcnchen sind das \u2013 bisher \u2013 nur die Olympia-Gegner.<\/p>\n","protected":false},"excerpt":{"rendered":"Das Maskottchen der bayerischen Landeshauptstadt, das M\u00fcnchner Kindl, tanzt in der Regel munter und gut gelaunt durch die&hellip;\n","protected":false},"author":2,"featured_media":373270,"comment_status":"","ping_status":"","sticky":false,"template":"","format":"standard","meta":{"footnotes":""},"categories":[1827],"tags":[772,29,30,5544,1268,101606,42180,13025,7611,265],"class_list":{"0":"post-373269","1":"post","2":"type-post","3":"status-publish","4":"format-standard","5":"has-post-thumbnail","7":"category-muenchen","8":"tag-bayern","9":"tag-deutschland","10":"tag-germany","11":"tag-infrastruktur","12":"tag-muenchen","13":"tag-olympiabewerbung-muenchen","14":"tag-olympische-sommerspiele","15":"tag-olympische-spiele","16":"tag-profisport","17":"tag-sport"},"share_on_mastodon":{"url":"https:\/\/pubeurope.com\/@de\/115092310145201638","error":""},"_links":{"self":[{"href":"https:\/\/www.europesays.com\/de\/wp-json\/wp\/v2\/posts\/373269","targetHints":{"allow":["GET"]}}],"collection":[{"href":"https:\/\/www.europesays.com\/de\/wp-json\/wp\/v2\/posts"}],"about":[{"href":"https:\/\/www.europesays.com\/de\/wp-json\/wp\/v2\/types\/post"}],"author":[{"embeddable":true,"href":"https:\/\/www.europesays.com\/de\/wp-json\/wp\/v2\/users\/2"}],"replies":[{"embeddable":true,"href":"https:\/\/www.europesays.com\/de\/wp-json\/wp\/v2\/comments?post=373269"}],"version-history":[{"count":0,"href":"https:\/\/www.europesays.com\/de\/wp-json\/wp\/v2\/posts\/373269\/revisions"}],"wp:featuredmedia":[{"embeddable":true,"href":"https:\/\/www.europesays.com\/de\/wp-json\/wp\/v2\/media\/373270"}],"wp:attachment":[{"href":"https:\/\/www.europesays.com\/de\/wp-json\/wp\/v2\/media?parent=373269"}],"wp:term":[{"taxonomy":"category","embeddable":true,"href":"https:\/\/www.europesays.com\/de\/wp-json\/wp\/v2\/categories?post=373269"},{"taxonomy":"post_tag","embeddable":true,"href":"https:\/\/www.europesays.com\/de\/wp-json\/wp\/v2\/tags?post=373269"}],"curies":[{"name":"wp","href":"https:\/\/api.w.org\/{rel}","templated":true}]}}