{"id":373275,"date":"2025-08-26T00:49:16","date_gmt":"2025-08-26T00:49:16","guid":{"rendered":"https:\/\/www.europesays.com\/de\/373275\/"},"modified":"2025-08-26T00:49:16","modified_gmt":"2025-08-26T00:49:16","slug":"brandenburg-will-ddr-bauten-erhalten-und-weiternutzen","status":"publish","type":"post","link":"https:\/\/www.europesays.com\/de\/373275\/","title":{"rendered":"Brandenburg will DDR-Bauten erhalten und weiternutzen"},"content":{"rendered":"<p>\tDenkmalschutz<br \/>\n\t &#8211; <\/p>\n<p>\t\tBrandenburg will DDR-Bauten erhalten und weiternutzen<\/p>\n<p><img decoding=\"async\" src=\"https:\/\/www.europesays.com\/de\/wp-content\/uploads\/2025\/08\/1756169354_350_size=708x398.png\" alt=\"Ostmoderne Gemeindezentrum und Kino (Quelle: rbb)\" title=\"Ostmoderne Gemeindezentrum und Kino (Quelle: rbb)\" id=\"1520488345\"\/><\/p>\n<p>rbb<\/p>\n<p>Audio: rbb24 Brandenburg aktuell | 25.08.2025 | J\u00f6rdis G\u00f6tz | Bild: rbb <\/p>\n<p>Die Landesregierung hat sich f\u00fcr den Erhalt von Bauwerken der sogenannten Ostmoderne ausgesprochen. Frankfurt (Oder) bekommt daf\u00fcr drei Millionen Euro &#8211; der Denkmalschutz bereitet aber auch Bauchschmerzen.<\/p>\n<p>\t\t\t\t\t<a name=\"articlesContList\/text_0\"\/><\/p>\n<p>Die Brandenburgische Landesregierung will verst\u00e4rkt Bauten aus der DDR pflegen, erhalten und weiter nutzen. Das bekr\u00e4ftigten Kulturministerin Manja Sch\u00fcle (SPD) und Infrastrukturminister Detlef Tabbert (BSW) am Montag bei einer Pressefahrt in Frankfurt (Oder). &#8222;Seit einigen Jahren tragen wir zunehmend bedeutsame DDR-Bauten in die Denkmalliste unseres Landes ein&#8220;, sagte Ministerin Sch\u00fcle dem rbb. Dabei gehe es auch um &#8222;Wertsch\u00e4tzung, wo lange die Geringsch\u00e4tzung die einzige Perspektive war&#8220;.<\/p>\n<p>\t\t\t\t\t<a name=\"articlesContList\/text_415534010\"\/><\/p>\n<p>Mit der Pflege und dem Erhalt der sogenannten Ostmoderne wolle die Landesregierung Impulse f\u00fcr den Umgang mit Identit\u00e4t, Erinnerungskultur und Nachhaltigkeit geben. Unter &#8222;Ostmoderne&#8220; werden Bauten verstanden, die in der Nachkriegszeit auf dem Gebiet der ehemaligen diktatorischen DDR entstanden waren.<\/p>\n<p>\t\t\t\t\t<a name=\"articlesContList\/text\"\/><br \/>\n\t\t\t\t\t3 Millionen Euro f\u00fcr Frankfurt (Oder)<\/p>\n<p>In Frankfurt \u00fcberreichte Minister Tabbert zum Erhalt st\u00e4dtebaulicher Projekte und deren Umbau eine F\u00f6rderung des Landes in H\u00f6he von drei Millionen Euro. Davon k\u00f6nnten in der Oderstadt zum Beispiel das Gemeindehaus der Katholischen Kirche mit ihren Betonglasfenster oder auch die Gro\u00dfe Scharrnstra\u00dfe mit ihren Kunstobjekten an den Plattenbau-Fassaden profitieren. Beide Bauten wurden von den Ministern auf ihrer Pressefahrt besucht. <\/p>\n<p>\t\t\t\t\t<img decoding=\"async\" src=\"https:\/\/www.europesays.com\/de\/wp-content\/uploads\/2025\/08\/1756169355_307_size=708x398.png\" alt=\"Ostmoderne Gemeindezentrum und Kino (Quelle: rbb)\" title=\"Ostmoderne Gemeindezentrum und Kino (Quelle: rbb)\" id=\"articlesContList_picture_277675597_891682524\"\/>Betonglasfenster des Gemeindezentrums der Pfarrkirche zum Heiligen Kreuz in Frankfurt (Oder). | Bild: rbb <\/p>\n<p>\t\t\t\t\t<a name=\"articlesContList\/text_1126860294\"\/><\/p>\n<p>&#8222;Diese Bauten erz\u00e4hlen \u00fcber ganze Generationen, \u00fcber die Frage, wie man gelebt hat, wie der Alltag organisert worden ist&#8220;, sagte dabei Ministerin Sch\u00fcle. <\/p>\n<p>\t\t\t\t\t<a name=\"articlesContList\/text_727081810\"\/><br \/>\n\t\t\t\t\tDenkmalschutz bedeute Mehraufwand<\/p>\n<p>Der Erhalt mit einer Aufnahme in die Denkmalliste bedeute aber auch einen erheblichen Mehraufwand, sagte die Katholische Kirchengemeinde. Die Kirche plant f\u00fcr das Gemeindehaus einen Ausbau sowie den Anbau einer Kita, erkl\u00e4rt Wolfgang Hoffmann vom Gemeindevorstand. &#8222;Das ist ein Bau aus den 70er Jahren &#8211; der steht noch nicht so lange unter Denkmalschutz&#8220;, sagte Hoffmann. Der Anbau m\u00fcsse nun aber ebenfalls unter dem Geischtspunkten des Denkmalschutzes erfolgen. Auch daf\u00fcr g\u00e4be es finanzielle Unterst\u00fctzungsm\u00f6glichkeiten des Landes wie der F\u00f6rdertopf &#8222;Kleine Denkmalpflege&#8220;, betonte Ministerin Sch\u00fcle.<\/p>\n<p>\t\t\t\t\t<a name=\"articlesContList\/teaserbox\"\/><\/p>\n<p>\t\t\t\t\t<a name=\"articlesContList\/text_129036321\"\/><\/p>\n<p>Dem pflichtete auch Brandenburgs Landeskonservator Thomas Drachenberg bei, der die Minister begleitete. &#8222;Dieser Bau zeigt, dass die Moderne in der DDR vielf\u00e4ltig ist&#8220;, so Drachenberg mit Verweis auf das Relief der Fassade. Denn es seien nicht nur die Kunst und die Bauten, die in Staatsauftrag enstanden waren, sondern auch Nischenbauwerke wie das Kirchengeb\u00e4ude.<\/p>\n<p>\t\t\t\t\t<a name=\"articlesContList\/teaserbox_1586290856\"\/><\/p>\n<p>\t\t\t\t\t<a name=\"articlesContList\/text_4105829\"\/><br \/>\n\t\t\t\t\tEpochenwechsel <\/p>\n<p>Ein weiteres solcher Nischenbauwerke sei die Gro\u00dfe Scharrnstra\u00dfe. Die Fu\u00dfg\u00e4ngerzone mit Plattenbauten, Gesch\u00e4ften und \u00fcberdachten Gehwegen verl\u00e4uft parallel zur breiten Magistrale mit dem Boulevard und Aufmarschplatz Frankfurts. &#8222;Diese kleine Stra\u00dfe kennzeichnet auch den Wechsel der Stadtraum-Politik in der DDR &#8211; weg von den gro\u00dfen Magistralen, weg von den gro\u00dfen Bl\u00f6cken&#8220;, so Thomas Drachenberg. Die Gro\u00dfe Scharrnstra\u00dfe stehe f\u00fcr eine neue Epoche in der Baukultur der DDR.<\/p>\n<p>\t\t\t\t\t<img decoding=\"async\" src=\"https:\/\/www.europesays.com\/de\/wp-content\/uploads\/2025\/08\/1756169355_144_size=708x398.png\" alt=\"Geb\u00e4ude mit Relief in Gro\u00dfer Scharrnstra\u00dfe in Frankfurt (Oder). (Quelle: rbb)\" title=\"Geb\u00e4ude mit Relief in Gro\u00dfer Scharrnstra\u00dfe in Frankfurt (Oder). (Quelle: rbb)\" id=\"articlesContList_picture_2023077886_2064057198\"\/>Relief an Geb\u00e4ude in der Gro\u00dfen Scharrnstra\u00dfe in Frankfurt (Oder). <\/p>\n<p>\t\t\t\t\t<a name=\"articlesContList\/text_689815456\"\/><\/p>\n<p>Infrastrukturminister Tabbert verwies dabei auch auf die Rolle des Denkmalschutzes f\u00fcr die Stadtentwicklung: &#8222;Die F\u00f6rderung von Denkmalschutz und Stadtentwicklung haben das gleiche Ziel: lebenswerte Orte in Brandenburg zu erhalten und weiterzuentwickeln.&#8220; Als Beispiele daf\u00fcr nannte er unter anderem das ehemalige Lichtspielt-Theater Frankfurts, dass zu einem Kunstmuseum umgebaut wird, und die fr\u00fchere Polytechnische Oberschule Stadtmitte, in die k\u00fcnftig das technische Rathaus einziehen soll.<\/p>\n<p>\t\t\t\t\t<img decoding=\"async\" src=\"https:\/\/www.europesays.com\/de\/wp-content\/uploads\/2025\/08\/1756169356_101_size=708x398.png\" alt=\"Altes Kino in Frankfurt (Oder). (Quelle: rbb)\" title=\"Altes Kino in Frankfurt (Oder). (Quelle: rbb)\" id=\"articlesContList_picture_2108262164_826899765\"\/>Das alte Kino in Frankfurt (Oder).<\/p>\n<p>\t\t\t\t\t<a name=\"articlesContList\/text_419005656\"\/><\/p>\n<p>Insgesamt sind in Brandenburg nach Ministeriumsangaben rund 14.000 Baudenkmale eingetragen. Das Kulturministerium habe die Sanierung von Denkmalen im vergangenen Jahr mit insgesamt rund 38 Millionen Euro aus Landesmittel unterst\u00fctzt.<\/p>\n<p>\t\t\t\t\t<a name=\"articlesContList\/text_1\"\/><\/p>\n<p>Sendung:Brandenburg aktuell, 25.08.2025, 19:30 Uhr<\/p>\n<p>Mit Material von Elke Bader und J\u00f6rdis G\u00f6tz<\/p>\n<p><a class=\"ico ico_arrow_wide_up\" title=\"An den Anfang\" href=\"#top\">  <\/a><\/p>\n","protected":false},"excerpt":{"rendered":"Denkmalschutz &#8211; Brandenburg will DDR-Bauten erhalten und weiternutzen rbb Audio: rbb24 Brandenburg aktuell | 25.08.2025 | J\u00f6rdis G\u00f6tz&hellip;\n","protected":false},"author":2,"featured_media":373276,"comment_status":"","ping_status":"","sticky":false,"template":"","format":"standard","meta":{"footnotes":""},"categories":[1816],"tags":[1960,1958,1959,1957,1956,1890,29,30],"class_list":{"0":"post-373275","1":"post","2":"type-post","3":"status-publish","4":"format-standard","5":"has-post-thumbnail","7":"category-brandenburg","8":"tag-aktuelle-nachrichten-aus-berlin-und-brandenburg","9":"tag-aktuelle-nachrichten-aus-brandenburg","10":"tag-aktuelle-news-aus-berlin-und-brandenburg","11":"tag-aktuelle-news-aus-brandenburg","12":"tag-berlin-und-brandenburg","13":"tag-brandenburg","14":"tag-deutschland","15":"tag-germany"},"share_on_mastodon":{"url":"https:\/\/pubeurope.com\/@de\/115092322169934697","error":""},"_links":{"self":[{"href":"https:\/\/www.europesays.com\/de\/wp-json\/wp\/v2\/posts\/373275","targetHints":{"allow":["GET"]}}],"collection":[{"href":"https:\/\/www.europesays.com\/de\/wp-json\/wp\/v2\/posts"}],"about":[{"href":"https:\/\/www.europesays.com\/de\/wp-json\/wp\/v2\/types\/post"}],"author":[{"embeddable":true,"href":"https:\/\/www.europesays.com\/de\/wp-json\/wp\/v2\/users\/2"}],"replies":[{"embeddable":true,"href":"https:\/\/www.europesays.com\/de\/wp-json\/wp\/v2\/comments?post=373275"}],"version-history":[{"count":0,"href":"https:\/\/www.europesays.com\/de\/wp-json\/wp\/v2\/posts\/373275\/revisions"}],"wp:featuredmedia":[{"embeddable":true,"href":"https:\/\/www.europesays.com\/de\/wp-json\/wp\/v2\/media\/373276"}],"wp:attachment":[{"href":"https:\/\/www.europesays.com\/de\/wp-json\/wp\/v2\/media?parent=373275"}],"wp:term":[{"taxonomy":"category","embeddable":true,"href":"https:\/\/www.europesays.com\/de\/wp-json\/wp\/v2\/categories?post=373275"},{"taxonomy":"post_tag","embeddable":true,"href":"https:\/\/www.europesays.com\/de\/wp-json\/wp\/v2\/tags?post=373275"}],"curies":[{"name":"wp","href":"https:\/\/api.w.org\/{rel}","templated":true}]}}