{"id":373594,"date":"2025-08-26T03:56:09","date_gmt":"2025-08-26T03:56:09","guid":{"rendered":"https:\/\/www.europesays.com\/de\/373594\/"},"modified":"2025-08-26T03:56:09","modified_gmt":"2025-08-26T03:56:09","slug":"antisemitismus-juedische-gemeinde-in-halle-beobachtet-starke-zunahme","status":"publish","type":"post","link":"https:\/\/www.europesays.com\/de\/373594\/","title":{"rendered":"Antisemitismus: J\u00fcdische Gemeinde in Halle beobachtet starke Zunahme"},"content":{"rendered":"<p class=\"text\">\n<a name=\"keine-kippa-tragen-\">Max<\/a> Privorozki r\u00e4t mittlerweile davon ab, mancherorts im Stadtgebiet die Kippa zu tragen, die traditionelle Kopfbedeckung j\u00fcdischer M\u00e4nner. &#8222;Ich bin relativ bekannt in der Stadt und man wei\u00df sowieso, dass ich j\u00fcdisch bin \u2013 egal, ob ich Kippa trage oder nicht. In Halle-Neustadt oder Halle-S\u00fcdstadt empfehle er, besser nicht Kippa zu tragen, und erst recht nicht abends auf dem Marktplatz. &#8222;Unser Marktplatz hier in der N\u00e4he, wenn Sie kurz vor oder nach Mitternacht dorthin kommen, werden Sie sich wundern, was dort los ist.&#8220; Am Tag jedoch f\u00fchlen sich Privorozki und seine Gemeindemitglieder relativ sicher auf Halles Stra\u00dfen und Pl\u00e4tzen.<\/p>\n","protected":false},"excerpt":{"rendered":"Max Privorozki r\u00e4t mittlerweile davon ab, mancherorts im Stadtgebiet die Kippa zu tragen, die traditionelle Kopfbedeckung j\u00fcdischer M\u00e4nner.&hellip;\n","protected":false},"author":2,"featured_media":373595,"comment_status":"","ping_status":"","sticky":false,"template":"","format":"standard","meta":{"footnotes":"","_share_on_mastodon":"0"},"categories":[1860],"tags":[101650,712,26215,3364,29,548,663,3934,739,2464,30,4062,17332,410,13,555,411,1597,44188,101651,83617,101649,81,3312,14,15,2548,38202,6211,17331,860,12,10037],"class_list":["post-373594","post","type-post","status-publish","format-standard","has-post-thumbnail","category-halle-saale","tag-7-oktober","tag-antisemitismus","tag-burg-giebichenstein","tag-de","tag-deutschland","tag-eu","tag-europa","tag-europe","tag-gaza","tag-gefahr","tag-germany","tag-halle","tag-halle-saale","tag-hamas","tag-headlines","tag-islam","tag-israel","tag-juden","tag-juedische-gemeinde","tag-kippa","tag-links","tag-max-privorozki","tag-mdr","tag-muslime","tag-nachrichten","tag-news","tag-palaestina","tag-rechts","tag-regionalportal","tag-saale","tag-sachsen-anhalt","tag-schlagzeilen","tag-terroranschlag"],"share_on_mastodon":{"url":"https:\/\/pubeurope.com\/@de\/115093057310054162","error":""},"_links":{"self":[{"href":"https:\/\/www.europesays.com\/de\/wp-json\/wp\/v2\/posts\/373594","targetHints":{"allow":["GET"]}}],"collection":[{"href":"https:\/\/www.europesays.com\/de\/wp-json\/wp\/v2\/posts"}],"about":[{"href":"https:\/\/www.europesays.com\/de\/wp-json\/wp\/v2\/types\/post"}],"author":[{"embeddable":true,"href":"https:\/\/www.europesays.com\/de\/wp-json\/wp\/v2\/users\/2"}],"replies":[{"embeddable":true,"href":"https:\/\/www.europesays.com\/de\/wp-json\/wp\/v2\/comments?post=373594"}],"version-history":[{"count":0,"href":"https:\/\/www.europesays.com\/de\/wp-json\/wp\/v2\/posts\/373594\/revisions"}],"wp:featuredmedia":[{"embeddable":true,"href":"https:\/\/www.europesays.com\/de\/wp-json\/wp\/v2\/media\/373595"}],"wp:attachment":[{"href":"https:\/\/www.europesays.com\/de\/wp-json\/wp\/v2\/media?parent=373594"}],"wp:term":[{"taxonomy":"category","embeddable":true,"href":"https:\/\/www.europesays.com\/de\/wp-json\/wp\/v2\/categories?post=373594"},{"taxonomy":"post_tag","embeddable":true,"href":"https:\/\/www.europesays.com\/de\/wp-json\/wp\/v2\/tags?post=373594"}],"curies":[{"name":"wp","href":"https:\/\/api.w.org\/{rel}","templated":true}]}}